{"id":472993,"date":"2025-10-18T17:43:19","date_gmt":"2025-10-18T17:43:19","guid":{"rendered":"https:\/\/www.europesays.com\/fr\/472993\/"},"modified":"2025-10-18T17:43:19","modified_gmt":"2025-10-18T17:43:19","slug":"un-chantier-a-pres-de-15-millions-deuros-pour-un-nouvel-ehpad","status":"publish","type":"post","link":"https:\/\/www.europesays.com\/fr\/472993\/","title":{"rendered":"un chantier \u00e0 pr\u00e8s de 15 millions d&rsquo;euros pour un nouvel Ehpad"},"content":{"rendered":"<p>            Par<br \/>\n        <strong><br \/>\n            <a href=\"https:\/\/actu.fr\/auteur\/redaction-jv\" title=\"Consulter tous les articles de R\u00e9daction Vitr\u00e9\" target=\"_blank\" rel=\"noopener\">R\u00e9daction Vitr\u00e9<\/a><br \/>\n        <\/strong><\/p>\n<p>        Publi\u00e9 le<\/p>\n<p>            18 oct. 2025 \u00e0 8h49        <\/p>\n<p>La c\u00e9r\u00e9monie de la pose de la premi\u00e8re pierre de la nouvelle <b>R\u00e9sidence de l\u2019Yze \u00e0 Corps-Nuds (Ille-et-Vilaine) <\/b>s\u2019est d\u00e9roul\u00e9e jeudi 2 octobre 2025 en pr\u00e9sence de Jean-Luc Chenut, pr\u00e9sident du conseil d\u00e9partemental, Alain Prigent, maire, \u00c9milie Jourdan, directrice d\u00e9l\u00e9gu\u00e9e, et de nombreuses personnalit\u00e9s.<\/p>\n<p>\u00ab Un long chemin entam\u00e9 il y a 13\u00a0ans \u00bb<\/p>\n<p class=\" wall-content\">\u00ab Ce moment marque l\u2019aboutissement d\u2019un long chemin entam\u00e9 il y a 13\u00a0ans ! En 2012, il s\u2019agissait alors d\u2019une restructuration d\u2019un b\u00e2timent de <b>32 lits datant de 1970<\/b>. Ce b\u00e2timent, toujours en fonction, avec son simple vitrage, ses chambres de petite taille et sans douche, t\u00e9moignait d\u00e9j\u00e0 de la n\u00e9cessit\u00e9 d\u2019une reconstruction compl\u00e8te. Tr\u00e8s vite, l\u2019id\u00e9e de r\u00e9nover seulement une partie de l\u2019\u00e9tablissement a laiss\u00e9 place \u00e0 la conviction qu\u2019il fallait repenser l\u2019ensemble pour offrir aux r\u00e9sidents un meilleur confort et une accessibilit\u00e9 renforc\u00e9e \u00bb, explique \u00c9milie Jourdan.<\/p>\n<p class=\" wall-content\">Et de poursuivre : \u00ab Notre capacit\u00e9 limit\u00e9e \u00e0 56 lits apparaissait alors comme un frein. L\u2019\u00e9quilibre \u00e9conomique d\u2019un tel projet ne pouvait \u00eatre atteint sans \u00e9volution capacitaire \u00bb.<\/p>\n<p class=\" wall-content\">C\u2019est gr\u00e2ce \u00e0 une r\u00e9flexion commune sur le territoire et au<b> red\u00e9ploiement de l\u2019autorisation des 59 lits de l\u2019Ehpad du Theil-de-Bretagne<\/b>, entre le centre hospitalier de la Roche aux F\u00e9es de Janz\u00e9 et Corps-Nuds que ce projet a pris corps.<\/p>\n<p class=\" wall-content\">Le transfert d\u2019autorisation de <b>32 places en 2018<\/b> a permis de transformer une hypoth\u00e8se de restructuration en un projet de reconstruction.<\/p>\n<p>Vid\u00e9os : en ce moment sur Actu14,8\u00a0millions d\u2019euros<\/p>\n<p class=\" wall-content\">Le concours de ma\u00eetrise d\u2019\u0153uvre lanc\u00e9 en 2013 aupr\u00e8s du cabinet Maurer &amp; Gilbert architectes a \u00e9t\u00e9 retenu. Le permis de construire a \u00e9t\u00e9 d\u00e9livr\u00e9 le 23\u00a0septembre 2024. Les travaux ont d\u00e9but\u00e9 le 3\u00a0juin 2025.<\/p>\n<p>Votre r\u00e9gion, votre actu !<\/p>\n<p>Recevez chaque jour les infos qui comptent pour vous.<\/p>\n<p>\t<a href=\"https:\/\/actu.fr\/newsletter\" class=\"ac-btn ac-btn--corner ac-btn--medium ac-btn--blue800\" target=\"_blank\" rel=\"noopener\">S&rsquo;incrire<\/a><\/p>\n<p class=\" wall-content\">Le chantier repr\u00e9sente un investissement de 14,860\u00a0millions d\u2019euros toutes d\u00e9penses confondues, dont 10,500\u00a0millions HT de travaux. L\u2019investissement est financ\u00e9 par l\u2019emprunt \u00e0 hauteur de <b>10,500\u00a0millions d\u2019euros<\/b>, une subvention de 2,919\u00a0millions d\u2019euros du conseil d\u00e9partemental, 900 000\u00a0euros par le fonds d\u2019intervention r\u00e9gional de l\u2019ARS Bretagne et une subvention d\u20191\u00a0million d\u2019euros dans le cadre du Plan d\u2019aide \u00e0 l\u2019investissement de la CNSA et France Relance.<\/p>\n<p class=\" wall-content\">\u00ab Au-del\u00e0 des chiffres, ce que nous construisons ensemble, c\u2019est un v\u00e9ritable lieu de vie. Le futur \u00e9tablissement qui comptera 88 lits, dont 14 lits seront r\u00e9serv\u00e9s \u00e0 une unit\u00e9 pour personnes d\u00e9sorient\u00e9es, est pens\u00e9 pour \u00eatre \u00e0 la fois performant, ouvert et profond\u00e9ment tourn\u00e9 autour des valeurs pr\u00e9existantes de l\u2019\u00e9tablissement \u00bb, ajoute \u00c9milie Jourdan.<\/p>\n<p>    <img   decoding=\"async\" loading=\"lazy\" class=\"size-large\" src=\"https:\/\/www.europesays.com\/fr\/wp-content\/uploads\/2025\/10\/41f3012305e86b5f3012305e8a9f30v-960x640.jpg\" alt=\"Jean-Luc Chenut, pr\u00e9sident du conseil d\u00e9partemental et Alain Prigent, maire ont pos\u00e9 la premi\u00e8re d ela nouvelle r\u00e9sidence de l(Yze\" width=\"960\" height=\"640\"\/><br \/>\n    Jean-Luc Chenut, pr\u00e9sident du conseil d\u00e9partemental et Alain Prigent, maire ont pos\u00e9 la premi\u00e8re de la nouvelle r\u00e9sidence de l\u2019Yze. \u00a9Le Journal de Vitr\u00e9<\/p>\n<p class=\" wall-content\">Le futur b\u00e2timent se veut \u00eatre exemplaire sur le plan environnemental. Il vise \u00e0 une certification <b>BSE PassivHaus.<\/b> Panneaux solaires thermiques pour l\u2019eau chaude, photovolta\u00efques pour l\u2019autoconsommation \u00e9lectrique, protections solaires, <b>isolation de tr\u00e8s haute performance.<\/b><\/p>\n<p class=\" wall-content\">\u00ab Si cette labellisation est obtenue, nous pourrons \u00eatre fiers d\u2019avoir contribu\u00e9 \u00e0 construire le premier Ehpad labellis\u00e9 PassivHaus de l\u2019Ouest de la France \u00bb, souligne la directrice d\u00e9l\u00e9gu\u00e9e.<\/p>\n<p class=\" wall-content\">Dans son intervention, le maire Alain Prigent et pr\u00e9sident du conseil d\u2019administration a soulign\u00e9 que \u00ab la nouvelle r\u00e9sidence de l\u2019Yze sera <b>reli\u00e9e au c\u0153ur du centre-bourg<\/b>, \u00e0 proximit\u00e9 des commerces et des services. Le nouvel Ehpad de Corps-Nuds correspond \u00e0 notre esprit et \u00e0 notre souhait de bien vivre et bien vieillir au sein de notre territoire. \u00bb<\/p>\n<p>Un peu d&rsquo;histoire&#8230;<\/p>\n<p>La maison de retraite, \u00e0 l&rsquo;origine hospice Saint-Joseph, a \u00e9t\u00e9 fond\u00e9e en 1876 par Jean-Jacques Duboys des Sauzais (1792-1861). Au fil des ann\u00e9es, l&rsquo;\u00e9tablissement va s&rsquo;agrandir pour devenir petit \u00e0 petit une maison de retraite de 34 lits en 1952, puis de 56 lits en 1994, date \u00e0 laquelle elle prend le nom de r\u00e9sidence de l&rsquo;Yze. En 2001, elle devient un \u00e9tablissement d&rsquo;h\u00e9bergement pour personnes \u00e2g\u00e9es d\u00e9pendantes (Ehpad) avec gestion autonome.<\/p>\n<p class=\" wall-content\">Personnalisez votre actualit\u00e9 en ajoutant vos villes et m\u00e9dias en favori avec <a href=\"https:\/\/moncompte.actu.fr\" title=\"D\u00e9couvez Mon Actu\" rel=\"nofollow noopener\" data-trk=\"{&quot;cta&quot;:{&quot;action&quot;:&quot;https:\\\/\\\/moncompte.actu.fr&quot;,&quot;category&quot;:&quot;mon compte&quot;,&quot;from&quot;:&quot;article footer&quot;,&quot;name&quot;:&quot;Mon actu&quot;,&quot;type&quot;:&quot;cta&quot;}}\" target=\"_blank\">Mon Actu<\/a>.<\/p>\n","protected":false},"excerpt":{"rendered":"Par R\u00e9daction Vitr\u00e9 Publi\u00e9 le 18 oct. 2025 \u00e0 8h49 La c\u00e9r\u00e9monie de la pose de la premi\u00e8re&hellip;\n","protected":false},"author":2,"featured_media":472994,"comment_status":"","ping_status":"","sticky":false,"template":"","format":"standard","meta":{"footnotes":""},"categories":[2821],"tags":[1111,11,829,12216,1777,674,1011,27,12,584,25,104,2086],"class_list":{"0":"post-472993","1":"post","2":"type-post","3":"status-publish","4":"format-standard","5":"has-post-thumbnail","7":"category-rennes","8":"tag-actu","9":"tag-actualites","10":"tag-bretagne","11":"tag-ehpad","12":"tag-eu","13":"tag-europe","14":"tag-fr","15":"tag-france","16":"tag-news","17":"tag-rennes","18":"tag-republique-francaise","19":"tag-societe","20":"tag-travaux"},"share_on_mastodon":{"url":"https:\/\/pubeurope.com\/@fr\/115396411897932247","error":""},"_links":{"self":[{"href":"https:\/\/www.europesays.com\/fr\/wp-json\/wp\/v2\/posts\/472993","targetHints":{"allow":["GET"]}}],"collection":[{"href":"https:\/\/www.europesays.com\/fr\/wp-json\/wp\/v2\/posts"}],"about":[{"href":"https:\/\/www.europesays.com\/fr\/wp-json\/wp\/v2\/types\/post"}],"author":[{"embeddable":true,"href":"https:\/\/www.europesays.com\/fr\/wp-json\/wp\/v2\/users\/2"}],"replies":[{"embeddable":true,"href":"https:\/\/www.europesays.com\/fr\/wp-json\/wp\/v2\/comments?post=472993"}],"version-history":[{"count":0,"href":"https:\/\/www.europesays.com\/fr\/wp-json\/wp\/v2\/posts\/472993\/revisions"}],"wp:featuredmedia":[{"embeddable":true,"href":"https:\/\/www.europesays.com\/fr\/wp-json\/wp\/v2\/media\/472994"}],"wp:attachment":[{"href":"https:\/\/www.europesays.com\/fr\/wp-json\/wp\/v2\/media?parent=472993"}],"wp:term":[{"taxonomy":"category","embeddable":true,"href":"https:\/\/www.europesays.com\/fr\/wp-json\/wp\/v2\/categories?post=472993"},{"taxonomy":"post_tag","embeddable":true,"href":"https:\/\/www.europesays.com\/fr\/wp-json\/wp\/v2\/tags?post=472993"}],"curies":[{"name":"wp","href":"https:\/\/api.w.org\/{rel}","templated":true}]}}