{"id":472999,"date":"2025-10-18T17:46:13","date_gmt":"2025-10-18T17:46:13","guid":{"rendered":"https:\/\/www.europesays.com\/fr\/472999\/"},"modified":"2025-10-18T17:46:13","modified_gmt":"2025-10-18T17:46:13","slug":"en-live-dirige-par-cornelius-meister-lorchestre-philharmonique-de-strasbourg-offre-un-titanesque-mahler","status":"publish","type":"post","link":"https:\/\/www.europesays.com\/fr\/472999\/","title":{"rendered":"En live. Dirig\u00e9 par Cornelius Meister, l\u2019orchestre philharmonique de Strasbourg offre un titanesque Mahler"},"content":{"rendered":"<p>Un peu \u00e9cras\u00e9 par l\u2019immense partition de Mahler, le concerto pour piano et orchestre, le 20e\u00a0 au catalogue, n\u2019en laisse pas moins para\u00eetre d\u00e9j\u00e0 l\u2019intelligence de geste du maestro.<\/p>\n<p>Tr\u00e8s resserr\u00e9 autour du piano, violoncelles et altos derri\u00e8re, premiers et seconds violons se r\u00e9pondant de part et d\u2019autre de l\u2019instrument soliste, le tutti sonne avec beaucoup de moelleux et constitue un matelas de velours pour la soliste Marie-Ange Nguci.<\/p>\n<p>La pianiste franco-albanaise Marie-Ange Nguci en soliste<\/p>\n<p>Malgr\u00e9&#8230;<\/p>\n","protected":false},"excerpt":{"rendered":"Un peu \u00e9cras\u00e9 par l\u2019immense partition de Mahler, le concerto pour piano et orchestre, le 20e\u00a0 au catalogue,&hellip;\n","protected":false},"author":2,"featured_media":473000,"comment_status":"","ping_status":"","sticky":false,"template":"","format":"standard","meta":{"footnotes":""},"categories":[2820],"tags":[1111,11,2389,1687,2880,1777,674,107,1011,27,775,873,12,25,640,2879],"class_list":{"0":"post-472999","1":"post","2":"type-post","3":"status-publish","4":"format-standard","5":"has-post-thumbnail","7":"category-strasbourg","8":"tag-actu","9":"tag-actualites","10":"tag-alsace","11":"tag-culture-loisirs","12":"tag-edition-strasbourg","13":"tag-eu","14":"tag-europe","15":"tag-fil-info","16":"tag-fr","17":"tag-france","18":"tag-grand-est","19":"tag-musique","20":"tag-news","21":"tag-republique-francaise","22":"tag-strasbourg","23":"tag-strasbourg-ville"},"share_on_mastodon":{"url":"https:\/\/pubeurope.com\/@fr\/115396423379600396","error":""},"_links":{"self":[{"href":"https:\/\/www.europesays.com\/fr\/wp-json\/wp\/v2\/posts\/472999","targetHints":{"allow":["GET"]}}],"collection":[{"href":"https:\/\/www.europesays.com\/fr\/wp-json\/wp\/v2\/posts"}],"about":[{"href":"https:\/\/www.europesays.com\/fr\/wp-json\/wp\/v2\/types\/post"}],"author":[{"embeddable":true,"href":"https:\/\/www.europesays.com\/fr\/wp-json\/wp\/v2\/users\/2"}],"replies":[{"embeddable":true,"href":"https:\/\/www.europesays.com\/fr\/wp-json\/wp\/v2\/comments?post=472999"}],"version-history":[{"count":0,"href":"https:\/\/www.europesays.com\/fr\/wp-json\/wp\/v2\/posts\/472999\/revisions"}],"wp:featuredmedia":[{"embeddable":true,"href":"https:\/\/www.europesays.com\/fr\/wp-json\/wp\/v2\/media\/473000"}],"wp:attachment":[{"href":"https:\/\/www.europesays.com\/fr\/wp-json\/wp\/v2\/media?parent=472999"}],"wp:term":[{"taxonomy":"category","embeddable":true,"href":"https:\/\/www.europesays.com\/fr\/wp-json\/wp\/v2\/categories?post=472999"},{"taxonomy":"post_tag","embeddable":true,"href":"https:\/\/www.europesays.com\/fr\/wp-json\/wp\/v2\/tags?post=472999"}],"curies":[{"name":"wp","href":"https:\/\/api.w.org\/{rel}","templated":true}]}}