{"id":473005,"date":"2025-10-18T17:49:15","date_gmt":"2025-10-18T17:49:15","guid":{"rendered":"https:\/\/www.europesays.com\/fr\/473005\/"},"modified":"2025-10-18T17:49:15","modified_gmt":"2025-10-18T17:49:15","slug":"malade-dun-cancer-du-sein-karine-va-participer-au-triathlon-des-roses","status":"publish","type":"post","link":"https:\/\/www.europesays.com\/fr\/473005\/","title":{"rendered":"malade d&rsquo;un cancer du sein, Karine va participer au Triathlon des Roses"},"content":{"rendered":"<p>            Par<br \/>\n        <strong><br \/>\n            <a href=\"https:\/\/actu.fr\/auteur\/thomas-bernard\" title=\"Consulter tous les articles de Thomas Bernard\" target=\"_blank\" rel=\"noopener\">Thomas Bernard<\/a><br \/>\n        <\/strong><\/p>\n<p>        Publi\u00e9 le<\/p>\n<p>            18 oct. 2025 \u00e0 18h31        <\/p>\n<p>100\u00a0m de natation en piscine, 8,5\u00a0km de v\u00e9lo et 3\u00a0km de course \u00e0 pied. C\u2019est le programme qui attend les participantes et participants du <a href=\"https:\/\/actu.fr\/pays-de-la-loire\/nantes_44109\/cette-course-recolte-des-fonds-contre-le-cancer-du-sein-le-triathlon-des-roses-revient-a-nantes_63201054.html\" target=\"_blank\" rel=\"noopener\">Triathlon des Roses, organis\u00e9 \u00e0 Nantes, ce dimanche 19\u00a0octobre 2025<\/a>. Une course caritative dont le but est <strong>de r\u00e9colter des fonds pour la recherche contre le cancer du sein<\/strong>.<\/p>\n<p class=\" wall-content\">Un triathlon auquel participera <strong>Karine Louazel<\/strong>, en traitement pour un cancer du sein. Enseignante de profession, elle participera au triathlon individuel aux c\u00f4t\u00e9s de V\u00e9ronique et S\u00e9verine, deux coll\u00e8gues et amies, elles aussi touch\u00e9es par la maladie.<\/p>\n<p>Un d\u00e9fi malgr\u00e9 la maladie<\/p>\n<p class=\" wall-content\">Le 19\u00a0octobre 2024, on d\u00e9c\u00e8le une tumeur \u00e0 Karine Louazel. Un an plus tard, jour pour jour, elle sera sur la ligne de d\u00e9part du Triathlon des Roses \u00e0 Nantes. \u00ab\u2009Quand V\u00e9ronique m\u2019a propos\u00e9 de le faire, le triathlon est devenu mon objectif. <strong>Je voulais le faire, un an apr\u00e8s la d\u00e9couverte de ma grosseur\u2009\u00bb<\/strong>, narre Karine.<\/p>\n<p class=\" wall-content\">M\u00eame si les trois amies n\u2019habitent pas dans la m\u00eame ville, elles se rejoignent parfois pour marcher, nager ou faire du v\u00e9lo. Quotidiennement, les trois enseignantes s\u2019encouragent mutuellement dans une conversation de groupe.<\/p>\n<p class=\" wall-content\">Avec ce challenge, Karine red\u00e9couvre l\u2019activit\u00e9 physique qu\u2019elle avait d\u00e9laiss\u00e9e en raison de contraintes personnelles, familiales et professionnelles. \u00ab\u2009J\u2019ai un esprit comp\u00e9titif dans la limite de mes capacit\u00e9s physiques. L\u00e0, c\u2019\u00e9tait un d\u00e9fi qu\u2019on s\u2019est fix\u00e9. Mes coll\u00e8gues \u00e9taient peut-\u00eatre un peu moins sportives que moi, mais \u00e7a leur a permis de se mettre \u00e0 l\u2019activit\u00e9 physique\u2009\u00bb, ajoute la m\u00e8re de famille.<\/p>\n<p class=\" wall-content\">Un entra\u00eenement qui varie en fonction de l\u2019\u00e9tat de forme de la femme de 47\u00a0ans.<\/p>\n<blockquote class=\"ac-article-quote wall-content\">\n<p>Les semaines se suivent, mais ne se ressemblent pas. Il y a 15 jours, je n&rsquo;\u00e9tais pas capable d&rsquo;aligner deux longueurs de 25 m\u00e8tres. La semaine derni\u00e8re, j&rsquo;ai fait une s\u00e9ance compl\u00e8te.<\/p>\n<p>    <strong>Karine Louazel<\/strong><br \/>\n        Participante au Triathlon des Roses de Nantes 2025    <\/p><\/blockquote>\n<p>Votre r\u00e9gion, votre actu !<\/p>\n<p>Recevez chaque jour les infos qui comptent pour vous.<\/p>\n<p>\t<a href=\"https:\/\/actu.fr\/newsletter\" class=\"ac-btn ac-btn--corner ac-btn--medium ac-btn--blue800\" target=\"_blank\" rel=\"noopener\">S&rsquo;incrire<\/a><br \/>\nSoutien amical, familial et rencontres<\/p>\n<p class=\" wall-content\">Gr\u00e2ce \u00e0 son entourage, Karine est mise en relation avec des professionnels <a href=\"https:\/\/www.reseaudeskinesdusein.fr\/\" target=\"_blank\" rel=\"noopener\">du r\u00e9seau des kin\u00e9s du sein<\/a>. La triathl\u00e8te est suivie par une kin\u00e9 qui l\u2019accompagne dans la remise en forme et la reprise de l\u2019activit\u00e9 physique apr\u00e8s l\u2019intervention m\u00e9dicale.<\/p>\n<p class=\" wall-content\">Gr\u00e2ce \u00e0 l\u2019activit\u00e9 physique adapt\u00e9e, la m\u00e8re de famille se rapproche d\u2019associations et de collectifs qui permettent d\u2019acc\u00e9der \u00e0 des disciplines sportives. Apr\u00e8s avoir fait un don \u00e0 la <a href=\"https:\/\/www.ligue-cancer.net\/\" target=\"_blank\" rel=\"noopener\">Ligue contre le cancer<\/a>, Karine a b\u00e9n\u00e9fici\u00e9 de cours de natation et \u00e0 des s\u00e9ances d\u2019aquagym.<\/p>\n<p>    <img   decoding=\"async\" loading=\"lazy\" src=\"https:\/\/www.europesays.com\/fr\/wp-content\/uploads\/2025\/10\/karine-louazel-amies-triathlon-960x640.jpeg\" alt=\"Karine participera au triathlon avec S\u00e9verine et V\u00e9ronique. \" width=\"960\" height=\"640\"\/><br \/>\n    Karine participera au triathlon avec S\u00e9verine et V\u00e9ronique. (\u00a9Karine Louazel \/ transmis \u00e0 actu Nantes)<\/p>\n<p class=\" wall-content\">Des moments enrichissants pour l\u2019enseignante. \u00ab\u2009C\u2019est important d\u2019aller chercher des assos et des contacts. On y rencontre des gens, on pourrait croire, de c\u00f4toyer des gens qui ont un cancer aussi, de rester toujours dans la m\u00eame boucle. <strong>Certains ne le souhaitent pas mais on y c\u00f4toie des gens vraiment rayonnants, lumineux, plein d\u2019espoir.\u2009\u00bb<\/strong><\/p>\n<p class=\" wall-content\">Pendant sa pr\u00e9paration, Karine peut \u00e9galement compter sur le soutien de ses proches.<\/p>\n<blockquote class=\"ac-article-quote wall-content\">\n<p>J&rsquo;ai vraiment une \u00e9quipe d&rsquo;amis et ma famille qui m&rsquo;ont soutenue. Les jours de chimio, quand c&rsquo;\u00e9tait dur de sortir du canap\u00e9, ils \u00e9taient l\u00e0 pour m&rsquo;encourager, pour marcher \u00e0 mon rythme, pour me faire reprendre \u00e0 courir, pour faire des sorties v\u00e9lo, pour aller \u00e0 la piscine. C&rsquo;est vraiment important ce soutien familial, amical.<\/p>\n<p>    <strong>Karine Louazel<\/strong>\n            <\/p><\/blockquote>\n<p class=\" wall-content\">Ce dimanche, des coll\u00e8gues, des amis, la famille et des parents d\u2019\u00e9l\u00e8ves <strong>seront les premiers supporters<\/strong> de Karine, V\u00e9ronique et S\u00e9verine, d\u00e9termin\u00e9es \u00e0 r\u00e9aliser le Triathlon des Roses\u2009: ensemble.<\/p>\n<p class=\" wall-content\">\u00ab\u2009J\u2019ai cet esprit de me surpasser, de me d\u00e9passer. Le but, c\u2019est de tout faire ensemble. On fera notre 100\u00a0m\u00e8tres, on fera nos\u00a08,5\u00a0km de v\u00e9lo, et apr\u00e8s on fera plut\u00f4t marche. Je pense que physiquement, la course sera compliqu\u00e9e. Le tout, c\u2019est de le faire et d\u2019arriver au bout\u2009!\u2009\u00bb<\/p>\n<p class=\" wall-content\">Personnalisez votre actualit\u00e9 en ajoutant vos villes et m\u00e9dias en favori avec <a href=\"https:\/\/moncompte.actu.fr\" title=\"D\u00e9couvez Mon Actu\" rel=\"nofollow noopener\" data-trk=\"{&quot;cta&quot;:{&quot;action&quot;:&quot;https:\\\/\\\/moncompte.actu.fr&quot;,&quot;category&quot;:&quot;mon compte&quot;,&quot;from&quot;:&quot;article footer&quot;,&quot;name&quot;:&quot;Mon actu&quot;,&quot;type&quot;:&quot;cta&quot;}}\" target=\"_blank\">Mon Actu<\/a>.<\/p>\n","protected":false},"excerpt":{"rendered":"Par Thomas Bernard Publi\u00e9 le 18 oct. 2025 \u00e0 18h31 100\u00a0m de natation en piscine, 8,5\u00a0km de v\u00e9lo&hellip;\n","protected":false},"author":2,"featured_media":473006,"comment_status":"","ping_status":"","sticky":false,"template":"","format":"standard","meta":{"footnotes":""},"categories":[2818],"tags":[1111,11,101,1777,674,1011,27,766,12,54321,2636,25,104],"class_list":{"0":"post-473005","1":"post","2":"type-post","3":"status-publish","4":"format-standard","5":"has-post-thumbnail","7":"category-nantes","8":"tag-actu","9":"tag-actualites","10":"tag-cancer","11":"tag-eu","12":"tag-europe","13":"tag-fr","14":"tag-france","15":"tag-nantes","16":"tag-news","17":"tag-octobre-rose","18":"tag-pays-de-la-loire","19":"tag-republique-francaise","20":"tag-societe"},"share_on_mastodon":{"url":"https:\/\/pubeurope.com\/@fr\/115396435674258874","error":""},"_links":{"self":[{"href":"https:\/\/www.europesays.com\/fr\/wp-json\/wp\/v2\/posts\/473005","targetHints":{"allow":["GET"]}}],"collection":[{"href":"https:\/\/www.europesays.com\/fr\/wp-json\/wp\/v2\/posts"}],"about":[{"href":"https:\/\/www.europesays.com\/fr\/wp-json\/wp\/v2\/types\/post"}],"author":[{"embeddable":true,"href":"https:\/\/www.europesays.com\/fr\/wp-json\/wp\/v2\/users\/2"}],"replies":[{"embeddable":true,"href":"https:\/\/www.europesays.com\/fr\/wp-json\/wp\/v2\/comments?post=473005"}],"version-history":[{"count":0,"href":"https:\/\/www.europesays.com\/fr\/wp-json\/wp\/v2\/posts\/473005\/revisions"}],"wp:featuredmedia":[{"embeddable":true,"href":"https:\/\/www.europesays.com\/fr\/wp-json\/wp\/v2\/media\/473006"}],"wp:attachment":[{"href":"https:\/\/www.europesays.com\/fr\/wp-json\/wp\/v2\/media?parent=473005"}],"wp:term":[{"taxonomy":"category","embeddable":true,"href":"https:\/\/www.europesays.com\/fr\/wp-json\/wp\/v2\/categories?post=473005"},{"taxonomy":"post_tag","embeddable":true,"href":"https:\/\/www.europesays.com\/fr\/wp-json\/wp\/v2\/tags?post=473005"}],"curies":[{"name":"wp","href":"https:\/\/api.w.org\/{rel}","templated":true}]}}