{"id":473013,"date":"2025-10-18T17:53:09","date_gmt":"2025-10-18T17:53:09","guid":{"rendered":"https:\/\/www.europesays.com\/fr\/473013\/"},"modified":"2025-10-18T17:53:09","modified_gmt":"2025-10-18T17:53:09","slug":"toulouse-flashe-a-150-km-h-sur-le-periph-le-conducteur-cherche-a-berner-les-policiers","status":"publish","type":"post","link":"https:\/\/www.europesays.com\/fr\/473013\/","title":{"rendered":"Toulouse. Flash\u00e9 \u00e0 150 km\/h sur le p\u00e9riph&rsquo;, le conducteur cherche \u00e0 berner les policiers"},"content":{"rendered":"<p>            Par<br \/>\n        <strong><br \/>\n            <a href=\"https:\/\/actu.fr\/auteur\/marie-lamarque\" title=\"Consulter tous les articles de Marie Lamarque\" target=\"_blank\" rel=\"noopener\">Marie Lamarque<\/a><br \/>\n        <\/strong><\/p>\n<p>        Publi\u00e9 le<\/p>\n<p>            18 oct. 2025 \u00e0 19h33        <\/p>\n<p><a href=\"https:\/\/actu.fr\/occitanie\/bouloc_31079\/il-roulait-a-pleine-vitesse-au-nord-de-toulouse-l-un-des-plus-gros-exces-de-vitesse-de-l-annee-enregistre_63275210.html\" target=\"_blank\" rel=\"noopener\">Les exc\u00e8s de vitesse se multiplient<\/a> sur les routes de Haute-Garonne. Et quand ce n\u2019est pas <a href=\"https:\/\/actu.fr\/occitanie\/toulouse_31555\/toulouse-il-bat-les-records-de-vitesse-un-conducteur-controle-a-252-km-h-au-lieu-de-90_63280707.html\" target=\"_blank\" rel=\"noopener\">le chiffre record affich\u00e9 sur le compteur<\/a> qui interpellent les policiers, c\u2019est <strong>la m\u00e9thode peu discr\u00e8te<\/strong> employ\u00e9e par le conducteur pour tenter de se d\u00e9douaner. Illustration <a href=\"https:\/\/actu.fr\/toulouse\/\" target=\"_blank\" rel=\"noopener\">\u00e0 Toulouse<\/a>.<\/p>\n<p>150 km\/h au lieu de 90<\/p>\n<p class=\" wall-content\">Les contr\u00f4les de nuit s\u2019annoncent parfois inattendus sur les grands axes qui bordent la Ville rose. Ce jeudi 16 octobre 2025, aux alentours de 3h du matin, une Renault Clio atteint les <strong>150 km\/h au lieu de 90<\/strong>. Le radar est positionn\u00e9 sur l\u2019A64, l\u2019axe qui relie Bayonne \u00e0 Toulouse, au niveau du pont de l\u2019avenue du g\u00e9n\u00e9ral Eisenhower.<\/p>\n<p class=\" wall-content\">Au signal des gyrophares, le bolide poursuit sa course, en prenant tous les risques : d\u00e9passement par la droite, non-respect des distances de s\u00e9curit\u00e9 avec les autres usagers\u2026 avant de sortir du p\u00e9riph\u00e9rique toulousain.<\/p>\n<p>Le conducteur d\u00e9masqu\u00e9<\/p>\n<p class=\" wall-content\">Les policiers retrouvent le v\u00e9hicule, \u00e0 l\u2019arr\u00eat, dans le secteur de La C\u00e9pi\u00e8re, quelques kilom\u00e8tres plus au nord. Mais surprise, pas de conducteur au volant. Il ne reste, dans la voiture, que deux passagers.<\/p>\n<p class=\" wall-content\">Mais les forces de l\u2019ordre sentent l\u2019entourloupe. Avec l\u2019aide des images des cam\u00e9ras de la Ville, ils comprennent que l\u2019un d\u2019eux n\u2019est pas \u00e0 sa juste place. Confondu, le conducteur d\u00e9masqu\u00e9, \u00e2g\u00e9 de 33 ans, est interpell\u00e9.<\/p>\n<p>Vid\u00e9os : en ce moment sur Actu<\/p>\n<p class=\" wall-content\">Ses tests \u00e0 l\u2019alcool et aux stup\u00e9fiants reviennent n\u00e9gatifs mais \u00ab\u00a0il est tr\u00e8s d\u00e9favorablement connu des services\u00a0\u00bb, indique une source polici\u00e8re d\u2019Actu Toulouse.<\/p>\n<p class=\" wall-content\">Rel\u00e2ch\u00e9 \u00e0 l\u2019issue de sa garde \u00e0 vue, il devra prochainement s\u2019expliquer devant le tribunal.<\/p>\n<p class=\" wall-content\">Personnalisez votre actualit\u00e9 en ajoutant vos villes et m\u00e9dias en favori avec <a href=\"https:\/\/moncompte.actu.fr\" title=\"D\u00e9couvez Mon Actu\" rel=\"nofollow noopener\" data-trk=\"{&quot;cta&quot;:{&quot;action&quot;:&quot;https:\\\/\\\/moncompte.actu.fr&quot;,&quot;category&quot;:&quot;mon compte&quot;,&quot;from&quot;:&quot;article footer&quot;,&quot;name&quot;:&quot;Mon actu&quot;,&quot;type&quot;:&quot;cta&quot;}}\" target=\"_blank\">Mon Actu<\/a>.<\/p>\n","protected":false},"excerpt":{"rendered":"Par Marie Lamarque Publi\u00e9 le 18 oct. 2025 \u00e0 19h33 Les exc\u00e8s de vitesse se multiplient sur les&hellip;\n","protected":false},"author":2,"featured_media":473014,"comment_status":"","ping_status":"","sticky":false,"template":"","format":"standard","meta":{"footnotes":""},"categories":[2816],"tags":[1111,11,1777,674,5915,118,1011,27,12,2680,1072,25,2312],"class_list":{"0":"post-473013","1":"post","2":"type-post","3":"status-publish","4":"format-standard","5":"has-post-thumbnail","7":"category-toulouse","8":"tag-actu","9":"tag-actualites","10":"tag-eu","11":"tag-europe","12":"tag-exces-de-vitesse","13":"tag-faits-divers","14":"tag-fr","15":"tag-france","16":"tag-news","17":"tag-occitanie","18":"tag-police","19":"tag-republique-francaise","20":"tag-toulouse"},"share_on_mastodon":{"url":"https:\/\/pubeurope.com\/@fr\/115396451004520067","error":""},"_links":{"self":[{"href":"https:\/\/www.europesays.com\/fr\/wp-json\/wp\/v2\/posts\/473013","targetHints":{"allow":["GET"]}}],"collection":[{"href":"https:\/\/www.europesays.com\/fr\/wp-json\/wp\/v2\/posts"}],"about":[{"href":"https:\/\/www.europesays.com\/fr\/wp-json\/wp\/v2\/types\/post"}],"author":[{"embeddable":true,"href":"https:\/\/www.europesays.com\/fr\/wp-json\/wp\/v2\/users\/2"}],"replies":[{"embeddable":true,"href":"https:\/\/www.europesays.com\/fr\/wp-json\/wp\/v2\/comments?post=473013"}],"version-history":[{"count":0,"href":"https:\/\/www.europesays.com\/fr\/wp-json\/wp\/v2\/posts\/473013\/revisions"}],"wp:featuredmedia":[{"embeddable":true,"href":"https:\/\/www.europesays.com\/fr\/wp-json\/wp\/v2\/media\/473014"}],"wp:attachment":[{"href":"https:\/\/www.europesays.com\/fr\/wp-json\/wp\/v2\/media?parent=473013"}],"wp:term":[{"taxonomy":"category","embeddable":true,"href":"https:\/\/www.europesays.com\/fr\/wp-json\/wp\/v2\/categories?post=473013"},{"taxonomy":"post_tag","embeddable":true,"href":"https:\/\/www.europesays.com\/fr\/wp-json\/wp\/v2\/tags?post=473013"}],"curies":[{"name":"wp","href":"https:\/\/api.w.org\/{rel}","templated":true}]}}