{"id":473017,"date":"2025-10-18T17:55:26","date_gmt":"2025-10-18T17:55:26","guid":{"rendered":"https:\/\/www.europesays.com\/fr\/473017\/"},"modified":"2025-10-18T17:55:26","modified_gmt":"2025-10-18T17:55:26","slug":"un-adolescent-de-14-ans-violemment-passe-a-tabac-dans-le-nord-trois-mineurs-interpelles","status":"publish","type":"post","link":"https:\/\/www.europesays.com\/fr\/473017\/","title":{"rendered":"Un adolescent de 14\u00a0ans violemment pass\u00e9 \u00e0 tabac dans le Nord, trois mineurs interpell\u00e9s"},"content":{"rendered":"<p>On ignore ce qui a motiv\u00e9 ce d\u00e9ferlement de violence. Samedi 11\u00a0octobre 2025, un adolescent de 14\u00a0ans a \u00e9t\u00e9 pass\u00e9 \u00e0 tabac par trois autres mineurs dans la commune de Qui\u00e9vrechain (Nord),\u00a0pr\u00e8s de Valenciennes. Les trois suspects ont \u00e9t\u00e9 rapidement identifi\u00e9s et interpell\u00e9s, rapporte\u00a0<a href=\"https:\/\/actu.fr\/hauts-de-france\/quievrechain_59484\/nord-violente-agression-dun-ado-de-14-ans-par-trois-autres-jeunes-qui-lui-ont-tendu-un-guet-apens_63308448.html\" target=\"_blank\" rel=\"nofollow noopener\"> Lille Actu <\/a>.<\/p>\n<p>La victime a d\u2019abord \u00e9t\u00e9 abord\u00e9e par un autre jeune, qui l\u2019a rapidement emmen\u00e9e sur un chemin recul\u00e9, loin des rues passantes de la commune et surtout des cam\u00e9ras de vid\u00e9osurveillance. L\u00e0, l\u2019adolescent a \u00e9t\u00e9 pouss\u00e9 au sol et deux autres jeunes ont rejoint le premier et ont pass\u00e9 leur victime \u00e0 tabac.<\/p>\n<p>Trois mineurs interpell\u00e9s<\/p>\n<p>Le gar\u00e7on a ensuite \u00e9t\u00e9 abandonn\u00e9 sur place apr\u00e8s s\u2019\u00eatre fait voler son t\u00e9l\u00e9phone, ses baskets et ses v\u00eatements. Il a imm\u00e9diatement averti la police qui a r\u00e9ussi \u00e0 identifier rapidement les suspects. Les trois jeunes, \u00e2g\u00e9s de 15 et 16\u00a0ans, ont \u00e9t\u00e9 interpell\u00e9s mercredi 15\u00a0octobre dans la matin\u00e9e.<\/p>\n<p>Ils ont \u00e9t\u00e9 plac\u00e9s en garde \u00e0 vue. Ils devraient prochainement \u00eatre jug\u00e9s pour vol avec violences en r\u00e9union. On ignore si la victime souffre de blessures graves \u00e0 la suite de cette violente et inexplicable agression.<\/p>\n<p>\u00a0<\/p>\n","protected":false},"excerpt":{"rendered":"On ignore ce qui a motiv\u00e9 ce d\u00e9ferlement de violence. Samedi 11\u00a0octobre 2025, un adolescent de 14\u00a0ans a&hellip;\n","protected":false},"author":2,"featured_media":473018,"comment_status":"","ping_status":"","sticky":false,"template":"","format":"standard","meta":{"footnotes":""},"categories":[2815],"tags":[5659,1111,11,1084,1764,1777,674,1011,27,811,9690,1307,6636,12,1308,25,6582,31598],"class_list":{"0":"post-473017","1":"post","2":"type-post","3":"status-publish","4":"format-standard","5":"has-post-thumbnail","7":"category-lille","8":"tag-5659","9":"tag-actu","10":"tag-actualites","11":"tag-adolescent","12":"tag-ans","13":"tag-eu","14":"tag-europe","15":"tag-fr","16":"tag-france","17":"tag-hauts-de-france","18":"tag-interpelles","19":"tag-lille","20":"tag-mineurs","21":"tag-news","22":"tag-nord","23":"tag-republique-francaise","24":"tag-tabac","25":"tag-violemment"},"share_on_mastodon":{"url":"https:\/\/pubeurope.com\/@fr\/115396458901549918","error":""},"_links":{"self":[{"href":"https:\/\/www.europesays.com\/fr\/wp-json\/wp\/v2\/posts\/473017","targetHints":{"allow":["GET"]}}],"collection":[{"href":"https:\/\/www.europesays.com\/fr\/wp-json\/wp\/v2\/posts"}],"about":[{"href":"https:\/\/www.europesays.com\/fr\/wp-json\/wp\/v2\/types\/post"}],"author":[{"embeddable":true,"href":"https:\/\/www.europesays.com\/fr\/wp-json\/wp\/v2\/users\/2"}],"replies":[{"embeddable":true,"href":"https:\/\/www.europesays.com\/fr\/wp-json\/wp\/v2\/comments?post=473017"}],"version-history":[{"count":0,"href":"https:\/\/www.europesays.com\/fr\/wp-json\/wp\/v2\/posts\/473017\/revisions"}],"wp:featuredmedia":[{"embeddable":true,"href":"https:\/\/www.europesays.com\/fr\/wp-json\/wp\/v2\/media\/473018"}],"wp:attachment":[{"href":"https:\/\/www.europesays.com\/fr\/wp-json\/wp\/v2\/media?parent=473017"}],"wp:term":[{"taxonomy":"category","embeddable":true,"href":"https:\/\/www.europesays.com\/fr\/wp-json\/wp\/v2\/categories?post=473017"},{"taxonomy":"post_tag","embeddable":true,"href":"https:\/\/www.europesays.com\/fr\/wp-json\/wp\/v2\/tags?post=473017"}],"curies":[{"name":"wp","href":"https:\/\/api.w.org\/{rel}","templated":true}]}}