{"id":473021,"date":"2025-10-18T17:57:11","date_gmt":"2025-10-18T17:57:11","guid":{"rendered":"https:\/\/www.europesays.com\/fr\/473021\/"},"modified":"2025-10-18T17:57:11","modified_gmt":"2025-10-18T17:57:11","slug":"narcotrafic-go-fast-tabac-armes-dans-le-secret-des-services-de-renseignement-de-la-douane-a-marseille","status":"publish","type":"post","link":"https:\/\/www.europesays.com\/fr\/473021\/","title":{"rendered":"Narcotrafic, go-fast, tabac, armes&#8230; dans le secret des services de renseignement de la douane \u00e0 Marseille"},"content":{"rendered":"<p>Le 18\u00a0juin\u00a02024, des gendarmes accompagn\u00e9s de douaniers encagoul\u00e9s surgissent autour de deux quadrag\u00e9naires affair\u00e9s \u00e0 charger des cartons dans leur v\u00e9hicule pr\u00e8s de Brignoles, dans le Var. <a href=\"https:\/\/www.laprovence.com\/article\/faits-divers-justice\/83784244003276\/216kg-de-methamphetamine-saisis-dans-le-var-soit-presque-autant-quen-2022-en-une-prise\" target=\"_blank\" rel=\"noopener\">Les bo\u00eetes contiennent pr\u00e8s de 216\u00a0kg de m\u00e9thamph\u00e9tamine<\/a> d\u2019une puret\u00e9 exceptionnelle, l\u2019\u00e9quivalent des saisies annuelles en France de cette puissante drogue de synth\u00e8se. Un demi-si\u00e8cle apr\u00e8s l\u2019affaire du Caprice des temps et la saisie, en\u00a01972, de 438\u00a0kg d\u2019h\u00e9ro\u00efne \u00e0 bord du navire \u00e9ponyme, les services de renseignement de la douane de Marseille battent \u00e0 nouveau un record. Mais en d\u00e9couvrant du mat\u00e9riel de laboratoire lors des perquisitions dans le Var, en ce printemps\u00a02024, les agents dressent aussi un constat qu\u2019ils n\u2019avaient plus fait depuis l\u2019\u00e9poque de la <a href=\"https:\/\/www.laprovence.com\/article\/region\/22260023239466\/french-connection-en-cavale-depuis-2000-scapu-la-balance-est-mort-a-marseille\" target=\"_blank\" rel=\"noopener\">French connection<\/a>\u00a0: la France est redevenue un territoire de production de drogue et plus seulement de consommation.<\/p>\n<p>La question des flux obs\u00e8de les douaniers, en particuliers les agents de son service de renseignement, la Direction Nationale du Renseignement et des Enqu\u00eates Douani\u00e8res (DNRED). Derri\u00e8re son sigle obscur, le service fait partie du \u00ab\u00a0premier cercle\u00a0\u00bb du renseignement fran\u00e7ais, au m\u00eame titre que la DGSI ou la DGSE, rendue fameuse&#8230;<\/p>\n","protected":false},"excerpt":{"rendered":"Le 18\u00a0juin\u00a02024, des gendarmes accompagn\u00e9s de douaniers encagoul\u00e9s surgissent autour de deux quadrag\u00e9naires affair\u00e9s \u00e0 charger des cartons&hellip;\n","protected":false},"author":2,"featured_media":473022,"comment_status":"","ping_status":"","sticky":false,"template":"","format":"standard","meta":{"footnotes":""},"categories":[2814],"tags":[17,1111,11,6376,1446,154,1777,674,274,1011,27,38277,884,8721,12,882,25,23299,6582],"class_list":{"0":"post-473021","1":"post","2":"type-post","3":"status-publish","4":"format-standard","5":"has-post-thumbnail","7":"category-marseille","8":"tag-17","9":"tag-actu","10":"tag-actualites","11":"tag-armes","12":"tag-dans","13":"tag-des","14":"tag-eu","15":"tag-europe","16":"tag-faits-divers-justice","17":"tag-fr","18":"tag-france","19":"tag-go-fast","20":"tag-marseille","21":"tag-narcotrafic","22":"tag-news","23":"tag-provence-alpes-cote-dazur","24":"tag-republique-francaise","25":"tag-secret","26":"tag-tabac"},"share_on_mastodon":{"url":"https:\/\/pubeurope.com\/@fr\/115396466764865663","error":""},"_links":{"self":[{"href":"https:\/\/www.europesays.com\/fr\/wp-json\/wp\/v2\/posts\/473021","targetHints":{"allow":["GET"]}}],"collection":[{"href":"https:\/\/www.europesays.com\/fr\/wp-json\/wp\/v2\/posts"}],"about":[{"href":"https:\/\/www.europesays.com\/fr\/wp-json\/wp\/v2\/types\/post"}],"author":[{"embeddable":true,"href":"https:\/\/www.europesays.com\/fr\/wp-json\/wp\/v2\/users\/2"}],"replies":[{"embeddable":true,"href":"https:\/\/www.europesays.com\/fr\/wp-json\/wp\/v2\/comments?post=473021"}],"version-history":[{"count":0,"href":"https:\/\/www.europesays.com\/fr\/wp-json\/wp\/v2\/posts\/473021\/revisions"}],"wp:featuredmedia":[{"embeddable":true,"href":"https:\/\/www.europesays.com\/fr\/wp-json\/wp\/v2\/media\/473022"}],"wp:attachment":[{"href":"https:\/\/www.europesays.com\/fr\/wp-json\/wp\/v2\/media?parent=473021"}],"wp:term":[{"taxonomy":"category","embeddable":true,"href":"https:\/\/www.europesays.com\/fr\/wp-json\/wp\/v2\/categories?post=473021"},{"taxonomy":"post_tag","embeddable":true,"href":"https:\/\/www.europesays.com\/fr\/wp-json\/wp\/v2\/tags?post=473021"}],"curies":[{"name":"wp","href":"https:\/\/api.w.org\/{rel}","templated":true}]}}