{"id":473023,"date":"2025-10-18T17:58:15","date_gmt":"2025-10-18T17:58:15","guid":{"rendered":"https:\/\/www.europesays.com\/fr\/473023\/"},"modified":"2025-10-18T17:58:15","modified_gmt":"2025-10-18T17:58:15","slug":"au-coeur-de-malpasse-le-groupe-scolaire-bouge-inaugure-a-marseille","status":"publish","type":"post","link":"https:\/\/www.europesays.com\/fr\/473023\/","title":{"rendered":"Au coeur de Malpass\u00e9, le groupe scolaire Bouge inaugur\u00e9 \u00e0 Marseille"},"content":{"rendered":"<p>Il y a tout juste quatre ans c\u2019est ici, au c\u0153ur de Malpass\u00e9 (13e), \u00e0 l\u2019\u00e9cole Bouge, que le Pr\u00e9sident Emmanuel Macron avait choisi d\u2019\u00e9changer avec les \u00e9l\u00e8ves, les enseignants et le personnel de l\u2019\u00e9cole. Il y a tout juste quatre ans, le masque sanitaire \u00e9tait encore obligatoire\u00a0; le gymnase \u00e9tait\u00a0ferm\u00e9 depuis\u00a02017 pour raisons de s\u00e9curit\u00e9 et les instits \u00e9voquaient les cafards et les blousons qu\u2019il fallait r\u00e9enfiler l\u2019hiver dans les classes. Plus tard, sur la sc\u00e8ne du Palais du Pharo, Emmanuel Macron lan\u00e7ait <a href=\"https:\/\/www.laprovence.com\/article\/region\/48655020765411\/plan-ecoles-a-marseille-trois-nouvelles-classes-aux-fabriques-a-la-rentree\" target=\"_blank\" rel=\"noopener\">le Plan Marseille en grand et son volet \u00e9cole<\/a>, chiffr\u00e9 \u00e0 plus d\u20191,5\u00a0milliard d\u2019euros. Le chef de l\u2019\u00c9tat voulait aller \u00ab\u00a0vite\u00a0\u00bb, le maire Beno\u00eet Payan (DVG) \u00ab\u00a0rattraper le retard\u00a0\u00bb et l\u2019\u00e9tat de d\u00e9labrement d\u2019une bonne partie des 470 \u00e9coles marseillaises.<\/p>\n<p>Alors forc\u00e9ment, ce samedi 18\u00a0octobre matin, dans la cour du groupe scolaire (maternelle et \u00e9l\u00e9mentaire) de 28 classes enti\u00e8rement r\u00e9habilit\u00e9es pour la rentr\u00e9e, la fanfare pouvait en faire des caisses. Sur le plateau des lauriers, les \u00e9l\u00e8ves ont investi des classes modernes, un gymnase reconstruit ouvert aux habitants du quartier et des cours de r\u00e9cr\u00e9ation v\u00e9g\u00e9talis\u00e9es et d\u00e9simperm\u00e9abilis\u00e9es entre deux rang\u00e9es de platanes. Ils profitent&#8230;<\/p>\n","protected":false},"excerpt":{"rendered":"Il y a tout juste quatre ans c\u2019est ici, au c\u0153ur de Malpass\u00e9 (13e), \u00e0 l\u2019\u00e9cole Bouge, que&hellip;\n","protected":false},"author":2,"featured_media":473024,"comment_status":"","ping_status":"","sticky":false,"template":"","format":"standard","meta":{"footnotes":""},"categories":[2814],"tags":[17,1111,11,15143,6521,1777,674,1011,27,2705,20822,22408,884,12,882,25,7423,104],"class_list":{"0":"post-473023","1":"post","2":"type-post","3":"status-publish","4":"format-standard","5":"has-post-thumbnail","7":"category-marseille","8":"tag-17","9":"tag-actu","10":"tag-actualites","11":"tag-bouge","12":"tag-coeur","13":"tag-eu","14":"tag-europe","15":"tag-fr","16":"tag-france","17":"tag-groupe","18":"tag-inaugure","19":"tag-malpasse","20":"tag-marseille","21":"tag-news","22":"tag-provence-alpes-cote-dazur","23":"tag-republique-francaise","24":"tag-scolaire","25":"tag-societe"},"share_on_mastodon":{"url":"https:\/\/pubeurope.com\/@fr\/115396470643655616","error":""},"_links":{"self":[{"href":"https:\/\/www.europesays.com\/fr\/wp-json\/wp\/v2\/posts\/473023","targetHints":{"allow":["GET"]}}],"collection":[{"href":"https:\/\/www.europesays.com\/fr\/wp-json\/wp\/v2\/posts"}],"about":[{"href":"https:\/\/www.europesays.com\/fr\/wp-json\/wp\/v2\/types\/post"}],"author":[{"embeddable":true,"href":"https:\/\/www.europesays.com\/fr\/wp-json\/wp\/v2\/users\/2"}],"replies":[{"embeddable":true,"href":"https:\/\/www.europesays.com\/fr\/wp-json\/wp\/v2\/comments?post=473023"}],"version-history":[{"count":0,"href":"https:\/\/www.europesays.com\/fr\/wp-json\/wp\/v2\/posts\/473023\/revisions"}],"wp:featuredmedia":[{"embeddable":true,"href":"https:\/\/www.europesays.com\/fr\/wp-json\/wp\/v2\/media\/473024"}],"wp:attachment":[{"href":"https:\/\/www.europesays.com\/fr\/wp-json\/wp\/v2\/media?parent=473023"}],"wp:term":[{"taxonomy":"category","embeddable":true,"href":"https:\/\/www.europesays.com\/fr\/wp-json\/wp\/v2\/categories?post=473023"},{"taxonomy":"post_tag","embeddable":true,"href":"https:\/\/www.europesays.com\/fr\/wp-json\/wp\/v2\/tags?post=473023"}],"curies":[{"name":"wp","href":"https:\/\/api.w.org\/{rel}","templated":true}]}}