{"id":473025,"date":"2025-10-18T17:59:12","date_gmt":"2025-10-18T17:59:12","guid":{"rendered":"https:\/\/www.europesays.com\/fr\/473025\/"},"modified":"2025-10-18T17:59:12","modified_gmt":"2025-10-18T17:59:12","slug":"des-jumeaux-litteraires-nes-dans-le-6e-en-1949","status":"publish","type":"post","link":"https:\/\/www.europesays.com\/fr\/473025\/","title":{"rendered":"des jumeaux litt\u00e9raires n\u00e9s dans le 6e\u00a0 en 1949"},"content":{"rendered":"<blockquote class=\"question\"><p>Quelles sont les circonstances de cette \u00e9tonnante double naissance\u00a0?<\/p><\/blockquote>\n<p>\u00ab\u00a0Nous sommes en 1949, au 7, rue Juliette-R\u00e9camier, dans les locaux des \u00e9ditions Jacquier (ex \u00e9ditions Lugdunum, cr\u00e9\u00e9es par l\u2019\u00e9crivain Marcel E. Grancher). Un comit\u00e9 de direction et de lecture cogite sur le devenir de la maison, quand soudain, germe l\u2019id\u00e9e de lancer deux concours litt\u00e9raires, l\u2019un concernant les romans policiers et l\u2019autre les romans d\u2019espionnage. Ces deux genres faisaient alors une timide perc\u00e9e dans le grand&#8230;<\/p>\n","protected":false},"excerpt":{"rendered":"Quelles sont les circonstances de cette \u00e9tonnante double naissance\u00a0? \u00ab\u00a0Nous sommes en 1949, au 7, rue Juliette-R\u00e9camier, dans&hellip;\n","protected":false},"author":2,"featured_media":473026,"comment_status":"","ping_status":"","sticky":false,"template":"","format":"standard","meta":{"footnotes":""},"categories":[1889],"tags":[1111,11,2430,1687,2757,1777,674,1011,27,2410,2428,14926,2802,12,25],"class_list":{"0":"post-473025","1":"post","2":"type-post","3":"status-publish","4":"format-standard","5":"has-post-thumbnail","7":"category-lyon","8":"tag-actu","9":"tag-actualites","10":"tag-auvergne-rhone-alpes","11":"tag-culture-loisirs","12":"tag-edition-lyon-villeurbanne","13":"tag-eu","14":"tag-europe","15":"tag-fr","16":"tag-france","17":"tag-livres-bd","18":"tag-lyon","19":"tag-lyon-6e","20":"tag-lyon-6e-arrondissement","21":"tag-news","22":"tag-republique-francaise"},"share_on_mastodon":{"url":"https:\/\/pubeurope.com\/@fr\/115396474798261519","error":""},"_links":{"self":[{"href":"https:\/\/www.europesays.com\/fr\/wp-json\/wp\/v2\/posts\/473025","targetHints":{"allow":["GET"]}}],"collection":[{"href":"https:\/\/www.europesays.com\/fr\/wp-json\/wp\/v2\/posts"}],"about":[{"href":"https:\/\/www.europesays.com\/fr\/wp-json\/wp\/v2\/types\/post"}],"author":[{"embeddable":true,"href":"https:\/\/www.europesays.com\/fr\/wp-json\/wp\/v2\/users\/2"}],"replies":[{"embeddable":true,"href":"https:\/\/www.europesays.com\/fr\/wp-json\/wp\/v2\/comments?post=473025"}],"version-history":[{"count":0,"href":"https:\/\/www.europesays.com\/fr\/wp-json\/wp\/v2\/posts\/473025\/revisions"}],"wp:featuredmedia":[{"embeddable":true,"href":"https:\/\/www.europesays.com\/fr\/wp-json\/wp\/v2\/media\/473026"}],"wp:attachment":[{"href":"https:\/\/www.europesays.com\/fr\/wp-json\/wp\/v2\/media?parent=473025"}],"wp:term":[{"taxonomy":"category","embeddable":true,"href":"https:\/\/www.europesays.com\/fr\/wp-json\/wp\/v2\/categories?post=473025"},{"taxonomy":"post_tag","embeddable":true,"href":"https:\/\/www.europesays.com\/fr\/wp-json\/wp\/v2\/tags?post=473025"}],"curies":[{"name":"wp","href":"https:\/\/api.w.org\/{rel}","templated":true}]}}