{"id":473027,"date":"2025-10-18T18:00:45","date_gmt":"2025-10-18T18:00:45","guid":{"rendered":"https:\/\/www.europesays.com\/fr\/473027\/"},"modified":"2025-10-18T18:00:45","modified_gmt":"2025-10-18T18:00:45","slug":"un-remake-du-premier-film-tourne-par-michael-mann-avec-minutie-et-exigence","status":"publish","type":"post","link":"https:\/\/www.europesays.com\/fr\/473027\/","title":{"rendered":"un remake du premier film tourn\u00e9 par Michael Mann avec minutie et exigence"},"content":{"rendered":"<p>\u00ab\u00a0Action\u00a0!\u00a0\u00bb Le mot a d\u00fb \u00eatre r\u00e9p\u00e9t\u00e9 des millions de fois depuis 130 ans que le cin\u00e9ma a \u00e9t\u00e9 invent\u00e9 \u00e0 Lyon. Et il est prononc\u00e9 l\u00e0 o\u00f9 on l\u2019a (peut-\u00eatre) dit pour la premi\u00e8re fois, o\u00f9 fut tourn\u00e9 le premier film.<\/p>\n<p>Avant cette sixi\u00e8me prise, qu\u2019il jugera bonne, Michael Mann l\u2019a prononc\u00e9 \u00e0 cinq reprises, en plus d\u2019une r\u00e9p\u00e9tition de la sc\u00e8ne. Et les trois pr\u00e9c\u00e9dentes s\u2019\u00e9taient conclues par un \u00ab\u00a0elle est bonne, mais on en fait une de plus\u00a0\u00bb. <a href=\"https:\/\/www.leprogres.fr\/culture-loisirs\/2025\/10\/17\/masterclass-de-michael-mann-au-festival-lumiere-ce-qui-se-passe-maintenant-aux-etats-unis-c-est-un-peu-comme-mai-68\" target=\"_blank\" rel=\"noopener\">Pr\u00e9cis, minutieux, filmant<\/a> avec son portable en parall\u00e8le \u00e0 la cam\u00e9ra, le r\u00e9alisateur ne prend pas l\u2019affaire \u00e0 la l\u00e9g\u00e8re. Il est d\u2019ailleurs retourn\u00e9 plusieurs fois donner ses consignes aux figurants qui rejouent La Sortie de l\u2019usine Lumi\u00e8re.<\/p>\n<p>  De nombreuses stars en figurants<\/p>\n<p>Parmi eux, les invit\u00e9s du Festival encore pr\u00e9sents ce samedi n\u2019ont pas rechign\u00e9 \u00e0 donner un peu de leur temps. On distingue Isabelle Huppert, pr\u00e9c\u00e9dente laur\u00e9ate du Prix Lumi\u00e8re et qui a remis celui de Michael Mann vendredi, Marina Fo\u00efs, Laurent Lafitte, Rapha\u00ebl Personnaz, Mich\u00e8le Laroque, <a href=\"https:\/\/www.leprogres.fr\/p\/raphael-quenard\" target=\"_blank\" rel=\"noopener\">Rapha\u00ebl Quenard<\/a>, Fran\u00e7ois-Xavier Demaison, Ir\u00e8ne Jacob, <a href=\"https:\/\/www.leprogres.fr\/p\/camelia-jordana\" target=\"_blank\" rel=\"noopener\">Cam\u00e9lia Jordana<\/a>, <a href=\"https:\/\/www.leprogres.fr\/p\/orelsan\" target=\"_blank\" rel=\"noopener\">OrelSan<\/a>, Laetitia Dosch, Sofiane Zermani\u2026 ou encore <a href=\"https:\/\/www.leprogres.fr\/p\/bruno-bernard\" target=\"_blank\" rel=\"noopener\">Bruno Bernard<\/a>. Le pr\u00e9sident de la M\u00e9tropole, comme un membre de la protection rapproch\u00e9e des personnalit\u00e9s ou encore Ma\u00eblle Arnaud (programmatrice du Festival) \u00e0 v\u00e9lo, ont d\u00fb taper dans l\u2019\u0153il du metteur en sc\u00e8ne\u00a0: il leur a demand\u00e9 des d\u00e9placements plus particuliers par rapport \u00e0 ceux de l\u2019ensemble de la petite troupe.<\/p>\n<p>Derri\u00e8re les barri\u00e8res, une petite foule s\u2019est mass\u00e9e pour assister au tournage. Certains ont m\u00eame pique-niqu\u00e9 sur place pour \u00eatre aux premi\u00e8res loges. C\u2019est le cas de V\u00e9ronique qui \u00ab\u00a0en tant que Lyonnaise\u00a0\u00bb ne veut pas louper l\u2019\u00e9v\u00e9nement. Elle a d\u2019ailleurs \u00ab\u00a0pris des jours cette semaine pour assister \u00e0 des projections, des masterclasses\u2026\u00a0\u00bb. Son seul regret\u00a0: \u00ab\u00a0On a connu des \u00e9ditions plus festives\u00a0\u00bb.<\/p>\n<p>Fr\u00e9d\u00e9ric a, lui aussi, profit\u00e9 de la semaine pour assister \u00e0 un maximum de projections. \u00ab\u00a0Habitu\u00e9 de Festivals\u00a0\u00bb, ce Lyonnais est venu \u00ab\u00a0faire quelques photos\u00a0\u00bb et \u00ab\u00a0voir un peu les invit\u00e9s\u00a0\u00bb parmi les figurants\u2026<\/p>\n","protected":false},"excerpt":{"rendered":"\u00ab\u00a0Action\u00a0!\u00a0\u00bb Le mot a d\u00fb \u00eatre r\u00e9p\u00e9t\u00e9 des millions de fois depuis 130 ans que le cin\u00e9ma a&hellip;\n","protected":false},"author":2,"featured_media":473028,"comment_status":"","ping_status":"","sticky":false,"template":"","format":"standard","meta":{"footnotes":""},"categories":[1889],"tags":[1111,11,2430,650,1687,2757,1777,674,34755,1011,27,2428,2756,12,25,2429],"class_list":{"0":"post-473027","1":"post","2":"type-post","3":"status-publish","4":"format-standard","5":"has-post-thumbnail","7":"category-lyon","8":"tag-actu","9":"tag-actualites","10":"tag-auvergne-rhone-alpes","11":"tag-cinema","12":"tag-culture-loisirs","13":"tag-edition-lyon-villeurbanne","14":"tag-eu","15":"tag-europe","16":"tag-festival-lumiere","17":"tag-fr","18":"tag-france","19":"tag-lyon","20":"tag-lyon-bassin","21":"tag-news","22":"tag-republique-francaise","23":"tag-rhone"},"share_on_mastodon":{"url":"https:\/\/pubeurope.com\/@fr\/115396478465713418","error":""},"_links":{"self":[{"href":"https:\/\/www.europesays.com\/fr\/wp-json\/wp\/v2\/posts\/473027","targetHints":{"allow":["GET"]}}],"collection":[{"href":"https:\/\/www.europesays.com\/fr\/wp-json\/wp\/v2\/posts"}],"about":[{"href":"https:\/\/www.europesays.com\/fr\/wp-json\/wp\/v2\/types\/post"}],"author":[{"embeddable":true,"href":"https:\/\/www.europesays.com\/fr\/wp-json\/wp\/v2\/users\/2"}],"replies":[{"embeddable":true,"href":"https:\/\/www.europesays.com\/fr\/wp-json\/wp\/v2\/comments?post=473027"}],"version-history":[{"count":0,"href":"https:\/\/www.europesays.com\/fr\/wp-json\/wp\/v2\/posts\/473027\/revisions"}],"wp:featuredmedia":[{"embeddable":true,"href":"https:\/\/www.europesays.com\/fr\/wp-json\/wp\/v2\/media\/473028"}],"wp:attachment":[{"href":"https:\/\/www.europesays.com\/fr\/wp-json\/wp\/v2\/media?parent=473027"}],"wp:term":[{"taxonomy":"category","embeddable":true,"href":"https:\/\/www.europesays.com\/fr\/wp-json\/wp\/v2\/categories?post=473027"},{"taxonomy":"post_tag","embeddable":true,"href":"https:\/\/www.europesays.com\/fr\/wp-json\/wp\/v2\/tags?post=473027"}],"curies":[{"name":"wp","href":"https:\/\/api.w.org\/{rel}","templated":true}]}}