{"id":473033,"date":"2025-10-18T18:04:12","date_gmt":"2025-10-18T18:04:12","guid":{"rendered":"https:\/\/www.europesays.com\/fr\/473033\/"},"modified":"2025-10-18T18:04:12","modified_gmt":"2025-10-18T18:04:12","slug":"a-paris-defile-festif-et-revendicatif-contre-la-repression-des-free-parties","status":"publish","type":"post","link":"https:\/\/www.europesays.com\/fr\/473033\/","title":{"rendered":"A Paris, d\u00e9fil\u00e9 festif et revendicatif contre la \u00ab\u00a0r\u00e9pression\u00a0\u00bb des free-parties"},"content":{"rendered":"<p class=\"mb-4 text-lg md:leading-8 break-words\">\u00ab\u00a0Contre l&rsquo;oppression, on monte le son\u00a0\u00bb: des milliers de teufeurs ont d\u00e9fil\u00e9 samedi \u00e0 Paris pour d\u00e9noncer la \u00ab\u00a0r\u00e9pression\u00a0\u00bb contre les free-parties, f\u00eates gratuites et non d\u00e9clar\u00e9es frapp\u00e9es d&rsquo;interdiction dans plusieurs d\u00e9partements.<\/p>\n<p class=\"mb-4 text-lg md:leading-8 break-words\">Apr\u00e8s une premi\u00e8re mobilisation en avril dans plusieurs villes, les adeptes de la tekno, version moins commerciale de la techno, ont sillonn\u00e9 le centre de la capitale, dansant au plus pr\u00e8s de dix camions charriant d&rsquo;imposants murs d&rsquo;enceintes.<\/p>\n<p class=\"mb-4 text-lg md:leading-8 break-words\">\u00ab\u00a0Il y a un mouvement anti-teufeurs qui s&rsquo;intensifie et qui nous d\u00e9shumanise\u00a0\u00bb, estime Manu, venu de l&rsquo;Ari\u00e8ge avec son estafette transform\u00e9e en sound-system.<\/p>\n<p class=\"mb-4 text-lg md:leading-8 break-words\">\u00ab\u00a0Aujourd&rsquo;hui, m\u00eame une f\u00eate \u00e0 60 personnes \u00e7a ne devient plus possible. On nous bloque, on saisit notre mat\u00e9riel\u00a0\u00bb, poursuit-il. \u00ab\u00a0On est en autonomie totale et ils n&rsquo;aiment pas trop \u00e7a\u00a0\u00bb.<\/p>\n<p class=\"mb-4 text-lg md:leading-8 break-words\">Ces derniers mois, des pr\u00e9fectures ont pris des arr\u00eat\u00e9s qui interdisent pour un an les \u00ab\u00a0rassemblements musicaux illicites\u00a0\u00bb, mettant en avant des incidents survenus lors de certains \u00e9v\u00e9nements et des questions de sant\u00e9 publique.<\/p>\n<p class=\"mb-4 text-lg md:leading-8 break-words\">En mars, une quarantaine de d\u00e9put\u00e9s du camp pr\u00e9sidentiel ont, eux, d\u00e9pos\u00e9 une proposition de loi pour \u00ab\u00a0renforcer la p\u00e9nalisation de l&rsquo;organisation\u00a0\u00bb des free-parties.<\/p>\n<p class=\"mb-4 text-lg md:leading-8 break-words\">\u00ab\u00a0Le dernier rempart de la culture sera un mur du son\u00a0\u00bb, \u00ab\u00a0Moins de r\u00e9pression, plus de caissons\u00a0\u00bb, \u00ab\u00a0Jouez avec vos matraques, nous on joue avec nos tracks\u00a0\u00bb: derri\u00e8re les slogans brandis samedi, les teufeurs affirment subir des sanctions accrues contre leur mouvement, sans leader ni porte-parole mais uni par les m\u00eames revendications.<\/p>\n<p class=\"mb-4 text-lg md:leading-8 break-words\">\u00ab\u00a0On aimerait pouvoir vivre notre mouvement, vivre nos valeurs sans se faire taper dessus dans tous les sens du terme, physiquement ou financi\u00e8rement\u00a0\u00bb, d\u00e9clare \u00ab\u00a0Agathe\u00a0\u00bb, pr\u00e9nom d&#8217;emprunt de cette membre d&rsquo;un collectif du sud de la France.<\/p>\n<p class=\"mb-4 text-lg md:leading-8 break-words\">Magali, elle, participait d\u00e9j\u00e0 aux free-parties dans les ann\u00e9es 90 et y emm\u00e8ne parfois ses enfants de 20 et 21 ans \u00ab\u00a0pour leur montrer qu&rsquo;il y a une alternative bienveillante et qu&rsquo;il n&rsquo;y a pas que des toxicos\u00a0\u00bb.<\/p>\n<p class=\"mb-4 text-lg md:leading-8 break-words\">\u00ab\u00a0\u00c7a permet aux gens d&rsquo;avoir une soupape, et c&rsquo;est aussi une d\u00e9marche anticonsum\u00e9riste\u00a0\u00bb, dit la quadrag\u00e9naire.<\/p>\n<p class=\"mb-4 text-lg md:leading-8 break-words\">Crois\u00e9 dans le cort\u00e8ge, \u00ab\u00a0Fabrice\u00a0\u00bb d\u00e9fend lui aussi la philosophie des free-parties parce \u00ab\u00a0que tout le monde n&rsquo;est pas fait pour les clubs et n&rsquo;a d&rsquo;ailleurs pas les moyens pour \u00e7a\u00a0\u00bb.<\/p>\n<p class=\"mb-4 text-lg md:leading-8 break-words\">\u00ab\u00a0On a besoin de pouvoir faire la f\u00eate librement\u00a0\u00bb, affirme-t-il.<\/p>\n<p class=\"mb-4 text-lg md:leading-8 break-words\">jt-jfg\/vg\/jco<\/p>\n","protected":false},"excerpt":{"rendered":"\u00ab\u00a0Contre l&rsquo;oppression, on monte le son\u00a0\u00bb: des milliers de teufeurs ont d\u00e9fil\u00e9 samedi \u00e0 Paris pour d\u00e9noncer la&hellip;\n","protected":false},"author":2,"featured_media":473034,"comment_status":"","ping_status":"","sticky":false,"template":"","format":"standard","meta":{"footnotes":""},"categories":[1888],"tags":[1111,1928,11,1927,1777,674,1011,27,12,1926,626,1925,25,1966],"class_list":{"0":"post-473033","1":"post","2":"type-post","3":"status-publish","4":"format-standard","5":"has-post-thumbnail","7":"category-paris","8":"tag-actu","9":"tag-actu-paris","10":"tag-actualites","11":"tag-actualites-paris","12":"tag-eu","13":"tag-europe","14":"tag-fr","15":"tag-france","16":"tag-news","17":"tag-news-paris","18":"tag-paris","19":"tag-paris-news","20":"tag-republique-francaise","21":"tag-sud-de-la-france"},"share_on_mastodon":{"url":"https:\/\/pubeurope.com\/@fr\/115396494255069209","error":""},"_links":{"self":[{"href":"https:\/\/www.europesays.com\/fr\/wp-json\/wp\/v2\/posts\/473033","targetHints":{"allow":["GET"]}}],"collection":[{"href":"https:\/\/www.europesays.com\/fr\/wp-json\/wp\/v2\/posts"}],"about":[{"href":"https:\/\/www.europesays.com\/fr\/wp-json\/wp\/v2\/types\/post"}],"author":[{"embeddable":true,"href":"https:\/\/www.europesays.com\/fr\/wp-json\/wp\/v2\/users\/2"}],"replies":[{"embeddable":true,"href":"https:\/\/www.europesays.com\/fr\/wp-json\/wp\/v2\/comments?post=473033"}],"version-history":[{"count":0,"href":"https:\/\/www.europesays.com\/fr\/wp-json\/wp\/v2\/posts\/473033\/revisions"}],"wp:featuredmedia":[{"embeddable":true,"href":"https:\/\/www.europesays.com\/fr\/wp-json\/wp\/v2\/media\/473034"}],"wp:attachment":[{"href":"https:\/\/www.europesays.com\/fr\/wp-json\/wp\/v2\/media?parent=473033"}],"wp:term":[{"taxonomy":"category","embeddable":true,"href":"https:\/\/www.europesays.com\/fr\/wp-json\/wp\/v2\/categories?post=473033"},{"taxonomy":"post_tag","embeddable":true,"href":"https:\/\/www.europesays.com\/fr\/wp-json\/wp\/v2\/tags?post=473033"}],"curies":[{"name":"wp","href":"https:\/\/api.w.org\/{rel}","templated":true}]}}