{"id":473037,"date":"2025-10-18T18:06:12","date_gmt":"2025-10-18T18:06:12","guid":{"rendered":"https:\/\/www.europesays.com\/fr\/473037\/"},"modified":"2025-10-18T18:06:12","modified_gmt":"2025-10-18T18:06:12","slug":"cette-petition-reclame-la-peine-maximale-contre-laccusee-deja-60-000-signatures","status":"publish","type":"post","link":"https:\/\/www.europesays.com\/fr\/473037\/","title":{"rendered":"cette p\u00e9tition r\u00e9clame la peine maximale contre l&rsquo;accus\u00e9e, d\u00e9j\u00e0 60 000 signatures"},"content":{"rendered":"<p>            Par<br \/>\n        <strong><br \/>\n            <a href=\"https:\/\/actu.fr\/auteur\/glenn-gillet\" title=\"Consulter tous les articles de Glenn Gillet\" target=\"_blank\" rel=\"noopener\">Glenn Gillet<\/a><br \/>\n        <\/strong><\/p>\n<p>        Publi\u00e9 le<\/p>\n<p>            18 oct. 2025 \u00e0 19h46        <\/p>\n<p>\u00ab\u2009Il faut absolument faire comprendre \u00e0 ce jury que les Fran\u00e7ais r\u00e9clament la <strong>peine maximale<\/strong> pour cette assassin d\u2019enfant\u2009\u00bb. Au lendemain du d\u00e9but du proc\u00e8s devant la cour d\u2019assises de Paris de <a href=\"https:\/\/actu.fr\/ile-de-france\/paris_75056\/meurtre-de-lola-a-paris-le-nebuleux-passe-de-dahbia-b-melant-secte-pedo-sataniste-viols-et-drogue_63314824.html\" target=\"_blank\" rel=\"noopener\">Dahbia Benkired<\/a>, accus\u00e9e du <a href=\"https:\/\/actu.fr\/ile-de-france\/paris_75056\/proces-lola-a-paris-folie-ou-sadisme-six-jours-pour-saisir-l-itineraire-macabre-de-dahbia-benkired_63298293.html\" target=\"_blank\" rel=\"noopener\">meurtre avec s\u00e9vices de la petite Lola<\/a>, 12\u00a0ans, en 2022 dans le 19e arrondissement, une <a href=\"https:\/\/petition.institutpourlajustice.org\/Justice-pour-Lola2\" target=\"_blank\" rel=\"noopener\">p\u00e9tition<\/a> appelant les six jur\u00e9s de la cour \u00e0 prononcer une condamnation \u00e0 la <strong>perp\u00e9tuit\u00e9 incompressible<\/strong>, peine la plus lourde pr\u00e9vue par le Code p\u00e9nal, vient de d\u00e9passer les <strong>60\u2009000 signatures<\/strong>, ce samedi 18\u00a0octobre 2025.<\/p>\n<p>Une sortie peu probable en cas de condamnation \u00e0 la perp\u00e9tuit\u00e9 incompressible<\/p>\n<p class=\" wall-content\">La p\u00e9tition, mise en ligne par l\u2019Institut de la justice, groupe de r\u00e9flexion et de lobbying proche de la droite et de l\u2019extr\u00eame droite, explique qu\u2019il est \u00ab\u2009possible\u2009\u00bb que l\u2019accus\u00e9e soit \u00ab\u2009condamn\u00e9e \u00e0 une peine inf\u00e9rieure\u2009\u00bb \u00e0 cette perp\u00e9tuit\u00e9 incompressible\u2009: \u00ab\u200930\u00a0ans de prison, ou la \u2018perp\u00e9tuit\u00e9 simple\u2019, ce qui signifierait qu\u2019elle pourrait sortir dans 15\u00a0ans\u2009\u00bb mais<strong> \u00ab\u2009elle n\u2019aurait alors que 42\u00a0ans\u2009\u00bb<\/strong> dans le cadre d\u2019un hypoth\u00e9tique am\u00e9nagement de peine.<\/p>\n<p class=\" wall-content\">Malgr\u00e9 son qualificatif, la peine de perp\u00e9tuit\u00e9 \u00ab\u2009incompressible\u2009\u00bb n\u2019implique pas que le ou la condamn\u00e9 (e) terminera irr\u00e9m\u00e9diablement sa vie en prison. En effet, la p\u00e9riode dite de \u00ab\u2009s\u00fbret\u00e9\u2009\u00bb est <strong>30\u00a0ans<\/strong>. Apr\u00e8s ce d\u00e9lai, la personne incarc\u00e9r\u00e9e peut th\u00e9oriquement faire l\u2019objet d\u2019une remise de peine pouvant se traduire par une lib\u00e9ration ou encore un r\u00e9gime de semi-libert\u00e9 (bracelet \u00e9lectronique, pointage au commissariat\u2026) mais aucun r\u00e9examen n\u2019a encore eu lieu \u00e0 ce jour.<\/p>\n<p class=\" wall-content\">De nationalit\u00e9 alg\u00e9rienne, Dahbia Benkired, 27\u00a0ans faisait l\u2019objet d\u2019une <strong>obligation de quitter le territoire fran\u00e7ais (OQTF)<\/strong> lorsqu\u2019elle a tu\u00e9 Lola, ce qui a provoqu\u00e9 l\u2019indignation d\u2019une partie de la classe politique et une mobilisation importante des franges de droite et d\u2019extr\u00eame droite.<\/p>\n<p class=\" wall-content\">Au premier jour de son proc\u00e8s vendredi 17 octobre 2025, elle a demand\u00e9 <strong>\u00ab\u2009pardon \u00e0 la famille\u2009\u00bb<\/strong>, un changement de ton apr\u00e8s des auditions durant lesquelles elle n\u2019avait pas \u00e9prouv\u00e9 de remords, selon les enqu\u00eateurs\u2009: \u00ab\u2009C\u2019est horrible ce que j\u2019ai fait. Je le regrette\u2009\u00bb, a-t-elle encore affirm\u00e9.<\/p>\n<p>Une accus\u00e9e apte \u00e0 \u00eatre jug\u00e9e selon des expertises<\/p>\n<p class=\" wall-content\">Malgr\u00e9 le placement temporaire de l\u2019accus\u00e9e en unit\u00e9 psychiatrique lors de sa d\u00e9tention provisoire, les expertises ont conclu que son <strong>\u00e9tat psychiatrique<\/strong> \u00e9tait compatible avec un jugement devant une cour d\u2019assises. \u00ab\u2009Trois expertises la consid\u00e8rent comme \u2018responsable p\u00e9nalement\u2019. Elle n\u2019est pas folle (en tout cas pas suffisamment pour \u00e9viter un proc\u00e8s)\u2009\u00bb, d\u00e9veloppe la p\u00e9tition.<\/p>\n<p class=\" wall-content\">Fond\u00e9 en 2007, l\u2019Institut de la justice s\u2019est fait conna\u00eetre par diverses actions, notamment des p\u00e9titions, visant \u00e0 demander \u00ab\u2009une plus ferme contre les coupables et plus protectrice des victimes\u2009\u00bb et \u00e0 lutter contre le suppos\u00e9 <strong>\u00ab\u2009laxisme\u2009\u00bb des juges<\/strong>. Par le pass\u00e9, l\u2019association a notamment lanc\u00e9 une p\u00e9tition en soutien au policier ayant tu\u00e9 le jeune Nahel par balle \u00e0 Nanterre, une autre pour demander l\u2019expulsion de toutes les personnes faisant l\u2019objet d\u2019Obligations de quitter le territoire fran\u00e7ais (OQTF) ou encore une autre pour demander la dissolution du Syndicat de la magistrature, class\u00e9 \u00e0 gauche.<\/p>\n<p class=\" wall-content\">Personnalisez votre actualit\u00e9 en ajoutant vos villes et m\u00e9dias en favori avec <a href=\"https:\/\/moncompte.actu.fr\" title=\"D\u00e9couvez Mon Actu\" rel=\"nofollow noopener\" data-trk=\"{&quot;cta&quot;:{&quot;action&quot;:&quot;https:\\\/\\\/moncompte.actu.fr&quot;,&quot;category&quot;:&quot;mon compte&quot;,&quot;from&quot;:&quot;article footer&quot;,&quot;name&quot;:&quot;Mon actu&quot;,&quot;type&quot;:&quot;cta&quot;}}\" target=\"_blank\">Mon Actu<\/a>.<\/p>\n","protected":false},"excerpt":{"rendered":"Par Glenn Gillet Publi\u00e9 le 18 oct. 2025 \u00e0 19h46 \u00ab\u2009Il faut absolument faire comprendre \u00e0 ce jury&hellip;\n","protected":false},"author":2,"featured_media":473038,"comment_status":"","ping_status":"","sticky":false,"template":"","format":"standard","meta":{"footnotes":""},"categories":[1888],"tags":[11,1777,674,118,1011,27,303,777,12,626,2694,25],"class_list":{"0":"post-473037","1":"post","2":"type-post","3":"status-publish","4":"format-standard","5":"has-post-thumbnail","7":"category-paris","8":"tag-actualites","9":"tag-eu","10":"tag-europe","11":"tag-faits-divers","12":"tag-fr","13":"tag-france","14":"tag-justice","15":"tag-meurtre","16":"tag-news","17":"tag-paris","18":"tag-proces","19":"tag-republique-francaise"},"share_on_mastodon":{"url":"https:\/\/pubeurope.com\/@fr\/115396502089860047","error":""},"_links":{"self":[{"href":"https:\/\/www.europesays.com\/fr\/wp-json\/wp\/v2\/posts\/473037","targetHints":{"allow":["GET"]}}],"collection":[{"href":"https:\/\/www.europesays.com\/fr\/wp-json\/wp\/v2\/posts"}],"about":[{"href":"https:\/\/www.europesays.com\/fr\/wp-json\/wp\/v2\/types\/post"}],"author":[{"embeddable":true,"href":"https:\/\/www.europesays.com\/fr\/wp-json\/wp\/v2\/users\/2"}],"replies":[{"embeddable":true,"href":"https:\/\/www.europesays.com\/fr\/wp-json\/wp\/v2\/comments?post=473037"}],"version-history":[{"count":0,"href":"https:\/\/www.europesays.com\/fr\/wp-json\/wp\/v2\/posts\/473037\/revisions"}],"wp:featuredmedia":[{"embeddable":true,"href":"https:\/\/www.europesays.com\/fr\/wp-json\/wp\/v2\/media\/473038"}],"wp:attachment":[{"href":"https:\/\/www.europesays.com\/fr\/wp-json\/wp\/v2\/media?parent=473037"}],"wp:term":[{"taxonomy":"category","embeddable":true,"href":"https:\/\/www.europesays.com\/fr\/wp-json\/wp\/v2\/categories?post=473037"},{"taxonomy":"post_tag","embeddable":true,"href":"https:\/\/www.europesays.com\/fr\/wp-json\/wp\/v2\/tags?post=473037"}],"curies":[{"name":"wp","href":"https:\/\/api.w.org\/{rel}","templated":true}]}}