{"id":473043,"date":"2025-10-18T18:09:11","date_gmt":"2025-10-18T18:09:11","guid":{"rendered":"https:\/\/www.europesays.com\/fr\/473043\/"},"modified":"2025-10-18T18:09:11","modified_gmt":"2025-10-18T18:09:11","slug":"vainqueur-en-sprint-aux-etats-unis-max-verstappen-reste-concentre","status":"publish","type":"post","link":"https:\/\/www.europesays.com\/fr\/473043\/","title":{"rendered":"Vainqueur en Sprint aux \u00c9tats-Unis, Max Verstappen reste \u00ab concentr\u00e9 \u00bb"},"content":{"rendered":"<p><strong><a href=\"https:\/\/www.autohebdo.fr\/pilote\/f1\/max-verstappen\" data-internallinksmanager029f6b8e52c=\"2\" title=\"Max Verstappen\" rel=\"nofollow noopener\" target=\"_blank\">Max Verstappen<\/a>, vainqueur de la course Sprint au Grand Prix des \u00c9tats-Unis, au micro de la <a href=\"https:\/\/www.autohebdo.fr\/actualites\/f1\" data-internallinksmanager029f6b8e52c=\"1\" title=\"F1\" rel=\"nofollow noopener\" target=\"_blank\">F1<\/a> :<\/strong><\/p>\n<p>\u00ab Le d\u00e9part \u00e9tait bon. Bien s\u00fbr, il y a eu la voiture de s\u00e9curit\u00e9 \u00e0 cause des incidents du premier virage. Apr\u00e8s, il m\u2019a fallu un peu de temps pour retrouver un bon rythme. Nous avons quand m\u00eame gagn\u00e9 cette course sprint, ce qui est le plus important. Maintenant, nous sommes concentr\u00e9s sur demain. Nous avons envie d\u2019essayer de faire mieux en termes de rythme de course puisque nous n\u2019avons encore rien vu des <a href=\"https:\/\/www.autohebdo.fr\/actualites\/ecurie\/mclaren\" data-internallinksmanager029f6b8e52c=\"76\" title=\"Ecurie F1 McLaren Racing\" rel=\"nofollow noopener\" target=\"_blank\">McLaren<\/a> aujourd\u2019hui. Nous allons regarder ce que nous pouvons am\u00e9liorer. Nous avons des id\u00e9es de ce que nous pouvons faire, mais bien s\u00fbr nous esp\u00e9rons que ce sera encore mieux demain. \u00bb<\/p>\n<p><strong>\u00c0 LIRE AUSSI &gt;\u00a0<a href=\"https:\/\/www.autohebdo.fr\/actualites\/f1\/gp-des-etats-unis-verstappen-remporte-le-sprint-double-abandon-chez-mclaren.html\" rel=\"nofollow noopener\" target=\"_blank\">GP des \u00c9tats-Unis \u2013 Verstappen remporte le Sprint, double abandon chez McLaren<\/a><\/strong><\/p><\/p>\n","protected":false},"excerpt":{"rendered":"Max Verstappen, vainqueur de la course Sprint au Grand Prix des \u00c9tats-Unis, au micro de la F1 :&hellip;\n","protected":false},"author":2,"featured_media":473044,"comment_status":"","ping_status":"","sticky":false,"template":"","format":"standard","meta":{"footnotes":""},"categories":[1589],"tags":[11,48019,59634,59635,73,1866,32650,2236,12,2255,1864,1865,1863,308],"class_list":{"0":"post-473043","1":"post","2":"type-post","3":"status-publish","4":"format-standard","5":"has-post-thumbnail","7":"category-etats-unis","8":"tag-actualites","9":"tag-austin","10":"tag-circuit-des-ameriques","11":"tag-cota","12":"tag-etats-unis","13":"tag-etats-unis-damerique","14":"tag-grand-prix-des-etats-unis","15":"tag-max-verstappen","16":"tag-news","17":"tag-red-bull","18":"tag-united-states","19":"tag-united-states-of-america","20":"tag-us","21":"tag-usa"},"share_on_mastodon":{"url":"https:\/\/pubeurope.com\/@fr\/115396513873002266","error":""},"_links":{"self":[{"href":"https:\/\/www.europesays.com\/fr\/wp-json\/wp\/v2\/posts\/473043","targetHints":{"allow":["GET"]}}],"collection":[{"href":"https:\/\/www.europesays.com\/fr\/wp-json\/wp\/v2\/posts"}],"about":[{"href":"https:\/\/www.europesays.com\/fr\/wp-json\/wp\/v2\/types\/post"}],"author":[{"embeddable":true,"href":"https:\/\/www.europesays.com\/fr\/wp-json\/wp\/v2\/users\/2"}],"replies":[{"embeddable":true,"href":"https:\/\/www.europesays.com\/fr\/wp-json\/wp\/v2\/comments?post=473043"}],"version-history":[{"count":0,"href":"https:\/\/www.europesays.com\/fr\/wp-json\/wp\/v2\/posts\/473043\/revisions"}],"wp:featuredmedia":[{"embeddable":true,"href":"https:\/\/www.europesays.com\/fr\/wp-json\/wp\/v2\/media\/473044"}],"wp:attachment":[{"href":"https:\/\/www.europesays.com\/fr\/wp-json\/wp\/v2\/media?parent=473043"}],"wp:term":[{"taxonomy":"category","embeddable":true,"href":"https:\/\/www.europesays.com\/fr\/wp-json\/wp\/v2\/categories?post=473043"},{"taxonomy":"post_tag","embeddable":true,"href":"https:\/\/www.europesays.com\/fr\/wp-json\/wp\/v2\/tags?post=473043"}],"curies":[{"name":"wp","href":"https:\/\/api.w.org\/{rel}","templated":true}]}}