{"id":473049,"date":"2025-10-18T18:12:10","date_gmt":"2025-10-18T18:12:10","guid":{"rendered":"https:\/\/www.europesays.com\/fr\/473049\/"},"modified":"2025-10-18T18:12:10","modified_gmt":"2025-10-18T18:12:10","slug":"why-the-euro-has-deepened-divisions-in-europe","status":"publish","type":"post","link":"https:\/\/www.europesays.com\/fr\/473049\/","title":{"rendered":"\u201cWhy the Euro Has Deepened Divisions in Europe\u201d"},"content":{"rendered":"<p>\n    The euro\u2019s common budgetary rules were supposed to bring Europe\u2019s economies closer together. The project has failed \u2014 and France bears part of the responsibility.<\/p>\n<p class=\"fig-paragraph\">Listening to the debates in France over the past few days and weeks, one might think that the modest 2023 pension reform is the final straw for Macron\u2019s ultraliberalism. Most members of Parliament, as well as public opinion, believe that working until age 63 represents such a considerable effort that it is indecent to ask for more. In Germany, last week, economists presented Chancellor Friedrich Merz\u2019s government with a working paper advocating a gradual increase in the retirement age to 73 by 2060, in light of the birth deficit. The Minister for the Economy, Katherina Reiche, had until now supported raising the legal retirement age to 70, following the Danish model.<\/p>\n<p class=\"fig-paragraph\">In recent decades, European countries have moved in more or less the same direction on the issue of pensions. In the 1980s, the rise in unemployment inspired numerous early retirement schemes, and even reductions in the retirement age. France pushed the principle to the extreme with Fran\u00e7ois Mitterrand\u2019s catastrophic lowering\u2026<\/p>\n<p class=\"fig-premium-paywall__infos\">\n        Cet article est r\u00e9serv\u00e9 aux abonn\u00e9s.        Il vous reste 76% \u00e0 d\u00e9couvrir.\n    <\/p>\n<p>                <img  data- alt=\"Le Figaro\" class=\"fig-img--complete fig-img\"\/><\/p>\n<p class=\"fig-premium-paywall__title\">Vous avez envie de lire la suite ?<\/p>\n<p class=\"fig-premium-paywall__subtitle\">D\u00e9bloquez tous les articles imm\u00e9diatement.<\/p>\n<p class=\"fig-premium-paywall__connect\">\n                D\u00e9j\u00e0 abonn\u00e9\u00a0?                <a class=\"fig-premium-paywall__connect-link\" href=\"https:\/\/connect.lefigaro.fr\/login?client=horizon_web&amp;type=main&amp;redirect_uri=https%3A%2F%2Fwww.lefigaro.fr%2Fen%2Fopinion%2Fwhy-the-euro-has-deepened-divisions-in-europe-20251018\" data-js-gtm=\"{&quot;customCategorie&quot;: &quot;conversion&quot;, &quot;customAction&quot;: &quot;before_Landing_Connexion_paywall_auto&quot;, &quot;customLabel&quot;: &quot;bGVmaWdhcm8uZnJfXzFmMGE4NDBjLWEyMTgtNjA0MC1iYzQyLWVmZTE3ODQ5YzAwOF9fQXJ0aWNsZQ==_\u201cWhy the Euro Has Deepened Divisions in Europe\u201d_325&quot;, &quot;customIDSPE&quot;: &quot;bGVmaWdhcm8uZnJfXzFmMGE4NDBjLWEyMTgtNjA0MC1iYzQyLWVmZTE3ODQ5YzAwOF9fQXJ0aWNsZQ==&quot;, &quot;event&quot;: &quot;customEventSPE&quot;}\" target=\"_blank\" rel=\"noopener\"><br \/>\n                    Connectez-vous<br \/>\n                <\/a>\n            <\/p>\n","protected":false},"excerpt":{"rendered":"The euro\u2019s common budgetary rules were supposed to bring Europe\u2019s economies closer together. The project has failed \u2014&hellip;\n","protected":false},"author":2,"featured_media":473050,"comment_status":"","ping_status":"","sticky":false,"template":"","format":"standard","meta":{"footnotes":""},"categories":[1586],"tags":[11,1777,450,674,1011,27,12,25],"class_list":{"0":"post-473049","1":"post","2":"type-post","3":"status-publish","4":"format-standard","5":"has-post-thumbnail","7":"category-europe","8":"tag-actualites","9":"tag-eu","10":"tag-euro","11":"tag-europe","12":"tag-fr","13":"tag-france","14":"tag-news","15":"tag-republique-francaise"},"share_on_mastodon":{"url":"https:\/\/pubeurope.com\/@fr\/115396525701122076","error":""},"_links":{"self":[{"href":"https:\/\/www.europesays.com\/fr\/wp-json\/wp\/v2\/posts\/473049","targetHints":{"allow":["GET"]}}],"collection":[{"href":"https:\/\/www.europesays.com\/fr\/wp-json\/wp\/v2\/posts"}],"about":[{"href":"https:\/\/www.europesays.com\/fr\/wp-json\/wp\/v2\/types\/post"}],"author":[{"embeddable":true,"href":"https:\/\/www.europesays.com\/fr\/wp-json\/wp\/v2\/users\/2"}],"replies":[{"embeddable":true,"href":"https:\/\/www.europesays.com\/fr\/wp-json\/wp\/v2\/comments?post=473049"}],"version-history":[{"count":0,"href":"https:\/\/www.europesays.com\/fr\/wp-json\/wp\/v2\/posts\/473049\/revisions"}],"wp:featuredmedia":[{"embeddable":true,"href":"https:\/\/www.europesays.com\/fr\/wp-json\/wp\/v2\/media\/473050"}],"wp:attachment":[{"href":"https:\/\/www.europesays.com\/fr\/wp-json\/wp\/v2\/media?parent=473049"}],"wp:term":[{"taxonomy":"category","embeddable":true,"href":"https:\/\/www.europesays.com\/fr\/wp-json\/wp\/v2\/categories?post=473049"},{"taxonomy":"post_tag","embeddable":true,"href":"https:\/\/www.europesays.com\/fr\/wp-json\/wp\/v2\/tags?post=473049"}],"curies":[{"name":"wp","href":"https:\/\/api.w.org\/{rel}","templated":true}]}}