{"id":473055,"date":"2025-10-18T18:16:14","date_gmt":"2025-10-18T18:16:14","guid":{"rendered":"https:\/\/www.europesays.com\/fr\/473055\/"},"modified":"2025-10-18T18:16:14","modified_gmt":"2025-10-18T18:16:14","slug":"la-france-degradee-par-sp-le-budget-plombe","status":"publish","type":"post","link":"https:\/\/www.europesays.com\/fr\/473055\/","title":{"rendered":"La France d\u00e9grad\u00e9e par S&#038;P, le budget plomb\u00e9"},"content":{"rendered":"<p>C\u2019est une douche froide pour le gouvernement. Vendredi soir, un mois apr\u00e8s <a href=\"https:\/\/latribune.fr\/economie\/france\/note-de-la-france-fitch-a-tranche-1032349.html\" target=\"_blank\" rel=\"noopener\">Fitch<\/a>, l\u2019agence de notation am\u00e9ricaine <a href=\"https:\/\/latribune.fr\/economie\/france\/fitch-moody-s-s-p-la-lente-degradation-de-la-note-de-la-dette-francaise-1032239.html\" target=\"_blank\" rel=\"noopener\">S&amp;P<\/a> a d\u00e9grad\u00e9, sans pr\u00e9venir, la note de la France de AA-\u202f\u00e0 A+. Son verdict \u00e9tait pourtant attendu fin novembre.<\/p>\n<p>\u00ab\u202fCette notation est un appel \u00e0 la lucidit\u00e9, au s\u00e9rieux et \u00e0 la responsabilit\u00e9 collective du gouvernement et du parlement\u202f\u00bb, r\u00e9agit aupr\u00e8s de La Tribune Dimanche le nouveau ministre de l\u2019\u00c9conomie, <a href=\"https:\/\/www.latribune.fr\/article\/economie\/15019239120785\/roland-lescure-un-macroniste-pragmatique-a-bercy\" target=\"_blank\" rel=\"noopener\">Roland Lescure<\/a>. Vendredi 17 octobre, une autre agence, Moody\u2019s, devrait se prononcer. Le r\u00e9sultat promet d\u2019\u00eatre identique.<\/p>\n<p>La pr\u00e9sentation du projet de loi de finances pour 2026, mardi 14 octobre, n\u2019a visiblement pas convaincu les observateurs internationaux. Pire, l\u2019annonce par le Premier ministre, <a href=\"https:\/\/www.latribune.fr\/article\/economie\/17330965883072\/sebastien-lecornu-presente-un-budget-d-efforts-aux-francais\" target=\"_blank\" rel=\"noopener\">S\u00e9bastien Lecornu<\/a>, de suspendre la r\u00e9forme des retraites jusqu\u2019\u00e0 l\u2019\u00e9lection pr\u00e9sidentielle de\u202f2027 a renforc\u00e9 leurs inqui\u00e9tudes. Pour S&amp;P, l\u2019incertitude sur les finances publiques de la France demeure \u00ab\u202f\u00e9lev\u00e9e\u202f\u00bb.<\/p>\n","protected":false},"excerpt":{"rendered":"C\u2019est une douche froide pour le gouvernement. Vendredi soir, un mois apr\u00e8s Fitch, l\u2019agence de notation am\u00e9ricaine S&amp;P&hellip;\n","protected":false},"author":2,"featured_media":473056,"comment_status":"","ping_status":"","sticky":false,"template":"","format":"standard","meta":{"footnotes":""},"categories":[4],"tags":[17,11,1003,13479,1011,27,3102,12,5912,59638,25,59587],"class_list":{"0":"post-473055","1":"post","2":"type-post","3":"status-publish","4":"format-standard","5":"has-post-thumbnail","7":"category-france","8":"tag-17","9":"tag-actualites","10":"tag-budget","11":"tag-degradee","12":"tag-fr","13":"tag-france","14":"tag-la-tribune-dimanche","15":"tag-news","16":"tag-par","17":"tag-plombe","18":"tag-republique-francaise","19":"tag-sp"},"share_on_mastodon":{"url":"https:\/\/pubeurope.com\/@fr\/115396541456904933","error":""},"_links":{"self":[{"href":"https:\/\/www.europesays.com\/fr\/wp-json\/wp\/v2\/posts\/473055","targetHints":{"allow":["GET"]}}],"collection":[{"href":"https:\/\/www.europesays.com\/fr\/wp-json\/wp\/v2\/posts"}],"about":[{"href":"https:\/\/www.europesays.com\/fr\/wp-json\/wp\/v2\/types\/post"}],"author":[{"embeddable":true,"href":"https:\/\/www.europesays.com\/fr\/wp-json\/wp\/v2\/users\/2"}],"replies":[{"embeddable":true,"href":"https:\/\/www.europesays.com\/fr\/wp-json\/wp\/v2\/comments?post=473055"}],"version-history":[{"count":0,"href":"https:\/\/www.europesays.com\/fr\/wp-json\/wp\/v2\/posts\/473055\/revisions"}],"wp:featuredmedia":[{"embeddable":true,"href":"https:\/\/www.europesays.com\/fr\/wp-json\/wp\/v2\/media\/473056"}],"wp:attachment":[{"href":"https:\/\/www.europesays.com\/fr\/wp-json\/wp\/v2\/media?parent=473055"}],"wp:term":[{"taxonomy":"category","embeddable":true,"href":"https:\/\/www.europesays.com\/fr\/wp-json\/wp\/v2\/categories?post=473055"},{"taxonomy":"post_tag","embeddable":true,"href":"https:\/\/www.europesays.com\/fr\/wp-json\/wp\/v2\/tags?post=473055"}],"curies":[{"name":"wp","href":"https:\/\/api.w.org\/{rel}","templated":true}]}}