{"id":473062,"date":"2025-10-18T18:22:10","date_gmt":"2025-10-18T18:22:10","guid":{"rendered":"https:\/\/www.europesays.com\/fr\/473062\/"},"modified":"2025-10-18T18:22:10","modified_gmt":"2025-10-18T18:22:10","slug":"rueda-ecrase-la-q2-du-gp-du-japon-prestation-explosive","status":"publish","type":"post","link":"https:\/\/www.europesays.com\/fr\/473062\/","title":{"rendered":"Rueda \u00e9crase la Q2 du GP du Japon : prestation explosive !"},"content":{"rendered":"<p>Le Grand Prix de Moto3 \u00e0 Motegi a offert une qualification intense et pleine d\u2019\u00e9motions. Sur ce circuit japonais, la pole position a \u00e9t\u00e9 d\u00e9croch\u00e9e par le leader du championnat, tandis que d\u2019autres pilotes s\u2019affichent pr\u00eats \u00e0 contrecarrer ses plans. La course de demain s\u2019annonce prometteuse d\u00e8s le d\u00e9part.<\/p>\n<p>Le palmar\u00e8s des qualifications \u00e0 Motegi<\/p>\n<p>Jose Antonio Rueda, pilote du team Red Bull KTM Ajo, a r\u00e9alis\u00e9 le meilleur temps en s\u2019installant sur la premi\u00e8re marche avec un chrono de 1:54.826. Juste derri\u00e8re lui, deux pilotes \u00e0 surveiller de pr\u00e8s : Valentin Perrone et Joel Kelso.<\/p>\n<ul>\n<li><strong>1er<\/strong> : Jose Antonio Rueda \u2013 1:54.826 (pole)<\/li>\n<li><strong>2e<\/strong> : Valentin Perrone \u2013 \u00e0 plus de 0,2 s<\/li>\n<li><strong>3e<\/strong> : Joel Kelso<\/li>\n<\/ul>\n<p>La performance de Perrone est d\u2019autant plus remarquable : bien qu\u2019il ait brill\u00e9 \u00e0 Misano, il n\u2019a pas r\u00e9ussi \u00e0 devancer le champion en titre lors de la course pr\u00e9c\u00e9dente.<\/p>\n<p>Composition de la grille : focus sur la premi\u00e8re et la deuxi\u00e8me ligne<\/p>\n<p>La deuxi\u00e8me ligne pr\u00e9sentera des concurrents redoutables aux c\u00f4t\u00e9s d\u2019Antonio Rueda. Angel Piqueras a r\u00e9alis\u00e9 le quatri\u00e8me temps, tandis que les cinqui\u00e8me et sixi\u00e8me places ont \u00e9t\u00e9 attribu\u00e9es \u00e0 deux pilotes aux styles et nationalit\u00e9s vari\u00e9s.<\/p>\n<ul>\n<li>4e : Angel Piqueras (MT Helmets \u2013 FRINSA \u2013 MSI)<\/li>\n<li>5e : Taiyo Furusato (Honda Team Asia)<\/li>\n<li>6e : Adrian Fernandez (Leopard Racing)<\/li>\n<\/ul>\n<p>La premi\u00e8re dizaine est compl\u00e9t\u00e9e par David Munoz, Maximo Quiles et David Almansa, qui ont prouv\u00e9 leur rythme et leur constance sur la piste japonaise.<\/p>\n<p>Le bilan des pilotes italiens en qualification<\/p>\n<p>Plusieurs pilotes italiens se sont illustr\u00e9s dans la partie m\u00e9diane du classement, avec des noms familiers et des talents \u00e9mergents.<\/p>\n<ul>\n<li>10e : Dennis Foggia (CFMOTO Gaviota Aspar Team)<\/li>\n<li>11e : Guido Pini (Liqui Moly Intact GP)<\/li>\n<li>14e : Luca Lunetta (SIC58 Squadra Corse)<\/li>\n<li>15e : Stefano Nepa (co\u00e9quipier de Lunetta)<\/li>\n<\/ul>\n<p>Ces positions pourraient influencer les strat\u00e9gies de course, offrant des possibilit\u00e9s de relance d\u00e8s le d\u00e9part.<\/p>\n<p>Impact sur le classement g\u00e9n\u00e9ral et perspectives de la course<\/p>\n<p>Rueda, en pole, confirme son statut de favori pour le titre, tandis qu\u2019Angel Piqueras reste le principal poursuivant.<\/p>\n<ul>\n<li><strong>\u00c9cart au classement<\/strong> : Piqueras accuse un retard de 78 points sur le leader.<\/li>\n<li><strong>Rookie prometteur<\/strong> : Perrone continue de surprendre par sa performance lors des qualifications.<\/li>\n<li><strong>D\u00e9part<\/strong> : la course Moto3 se d\u00e9roulera demain \u00e0 <strong>04h00 heure italienne<\/strong>.<\/li>\n<\/ul>\n<p>La grille de d\u00e9part \u00e0 Motegi ouvre la voie \u00e0 de nombreux sc\u00e9narios. Bien que le championnat soit encore long, chaque position acquise ou perdue aura son importance dans la lutte pour le titre.<\/p>\n<p>Points \u00e0 retenir<\/p>\n<ul>\n<li>Rueda est le leader du championnat apr\u00e8s sa pole position.<\/li>\n<li>Perrone se distingue en tant que rookie avec un potentiel prometteur.<\/li>\n<li>Les italiens ont montr\u00e9 leur capacit\u00e9 \u00e0 rivaliser dans le peloton.<\/li>\n<li>Des strat\u00e9gies de d\u00e9part intrigantes pourraient influencer la course.<\/li>\n<\/ul>\n<p>La course \u00e0 Motegi ne manquera pas de suspens, et j\u2019ai h\u00e2te de voir comment les pilotes mettront en pratique leurs qualifications. Chacun semble d\u00e9termin\u00e9 \u00e0 tirer son \u00e9pingle du jeu, et c\u2019est cette passion qui rend ce sport si captivant. Quelles strat\u00e9gies verront le jour ? La bataille pour le titre s\u2019intensifie, et il me tarde de d\u00e9couvrir qui \u00e9mergera au sommet !<\/p>\n<p class=\"has-white-color has-text-color has-background has-link-color\" style=\"background-color:#b2b2b2;font-size:12px\">Cet article a \u00e9t\u00e9 g\u00e9n\u00e9r\u00e9 gr\u00e2ce \u00e0 l&rsquo;intelligence Artificielle. Chez LesNews, nos r\u00e9dacteurs exploitent l&rsquo;IA pour \u00e9laborer des articles innovants \u00e0 partir de <strong>sources fiables.<\/strong> Si vous rep\u00e9rez une image ou un contenu inappropri\u00e9, merci de nous le signaler via le <a href=\"https:\/\/lesnews.ca\/formulaire-dmca\/\" data-wpel-link=\"internal\" target=\"_blank\" rel=\"noopener\">formulaire DMCA <\/a>\u2013 nous agirons rapidement pour le corriger. \/ This article has been generated using Artificial Intelligence. At LesNews, our editors leverage AI to craft innovative articles <strong>sourced<\/strong> from <strong>reliable references<\/strong>. If you come across any image or content that appears inappropriate, please notify us through the <a href=\"https:\/\/lesnews.ca\/formulaire-dmca\/\" data-wpel-link=\"internal\" target=\"_blank\" rel=\"noopener\">DMCA form<\/a> \u2013 we will promptly take action to address it.<\/p>\n","protected":false},"excerpt":{"rendered":"Le Grand Prix de Moto3 \u00e0 Motegi a offert une qualification intense et pleine d\u2019\u00e9motions. Sur ce circuit&hellip;\n","protected":false},"author":2,"featured_media":470346,"comment_status":"","ping_status":"","sticky":false,"template":"","format":"standard","meta":{"footnotes":""},"categories":[1413],"tags":[1011,27,1457,1456,60],"class_list":{"0":"post-473062","1":"post","2":"type-post","3":"status-publish","4":"format-standard","5":"has-post-thumbnail","7":"category-moto","8":"tag-fr","9":"tag-france","10":"tag-moto","11":"tag-motocycle","12":"tag-sports"},"share_on_mastodon":{"url":"https:\/\/pubeurope.com\/@fr\/115396565031941601","error":""},"_links":{"self":[{"href":"https:\/\/www.europesays.com\/fr\/wp-json\/wp\/v2\/posts\/473062","targetHints":{"allow":["GET"]}}],"collection":[{"href":"https:\/\/www.europesays.com\/fr\/wp-json\/wp\/v2\/posts"}],"about":[{"href":"https:\/\/www.europesays.com\/fr\/wp-json\/wp\/v2\/types\/post"}],"author":[{"embeddable":true,"href":"https:\/\/www.europesays.com\/fr\/wp-json\/wp\/v2\/users\/2"}],"replies":[{"embeddable":true,"href":"https:\/\/www.europesays.com\/fr\/wp-json\/wp\/v2\/comments?post=473062"}],"version-history":[{"count":0,"href":"https:\/\/www.europesays.com\/fr\/wp-json\/wp\/v2\/posts\/473062\/revisions"}],"wp:featuredmedia":[{"embeddable":true,"href":"https:\/\/www.europesays.com\/fr\/wp-json\/wp\/v2\/media\/470346"}],"wp:attachment":[{"href":"https:\/\/www.europesays.com\/fr\/wp-json\/wp\/v2\/media?parent=473062"}],"wp:term":[{"taxonomy":"category","embeddable":true,"href":"https:\/\/www.europesays.com\/fr\/wp-json\/wp\/v2\/categories?post=473062"},{"taxonomy":"post_tag","embeddable":true,"href":"https:\/\/www.europesays.com\/fr\/wp-json\/wp\/v2\/tags?post=473062"}],"curies":[{"name":"wp","href":"https:\/\/api.w.org\/{rel}","templated":true}]}}