{"id":473065,"date":"2025-10-18T18:24:13","date_gmt":"2025-10-18T18:24:13","guid":{"rendered":"https:\/\/www.europesays.com\/fr\/473065\/"},"modified":"2025-10-18T18:24:13","modified_gmt":"2025-10-18T18:24:13","slug":"thomas-bibet-sarrete-la-actualite","status":"publish","type":"post","link":"https:\/\/www.europesays.com\/fr\/473065\/","title":{"rendered":"Thomas Bibet s&rsquo;arr\u00eate l\u00e0 &#8211; Actualit\u00e9"},"content":{"rendered":"<p style=\"text-align: justify;\">Thomas Bibet ne sera plus dans les pelotons en 2026. Le coureur du Top 16 a d\u00e9cid\u00e9 de mettre un terme \u00e0 sa carri\u00e8re. \u00ab\u00a0\u00c7a\u00a0devenait trop contraignant, je n\u2019avais plus la flamme pour aller m\u2019entra\u00eener\u00a0\u00bb, confie-t-il \u00e0 DirectVelo.<\/p>\n<p>M\u00eame s&rsquo;il \u00e9tait surtout motiv\u00e9 par la comp\u00e9tition, l&rsquo;envie a fini par le l\u00e2cher. \u00ab\u00a0Mis \u00e0 part l\u2019Essor Basque o\u00f9 j\u2019\u00e9tais plus que motiv\u00e9, l\u2019envie est partie\u2026 et le plaisir aussi. Je n\u2019\u00e9tais pas bien mentalement. Partir en course loin de chez moi m\u2019emb\u00eatait, je n\u2019\u00e9tais plus heureux. \u00c0 cela se sont ajout\u00e9es deux blessures qui ont frein\u00e9 ma condition. Pour la premi\u00e8re fois, je n\u2019ai pas su rebondir. Et surtout, je n\u2019en avais plus l\u2019envie\u00a0\u00bb.<\/p>\n<p>Pass\u00e9 par le GSC Blagnac VS 31 pendant trois ans, puis le Top 16 ces deux derni\u00e8res saisons,\u00a0<strong><a href=\"https:\/\/www.directvelo.com\/coureur\/29053\/thomas-bibet\" target=\"_blank\" rel=\"noopener\">Thomas Bibet<\/a><\/strong> a notamment remport\u00e9 la Nocturne de Bruch, la Nocturne de Lourdes et une \u00e9tape du Tour de La R\u00e9union en 2023, ainsi que le Championnat de Nouvelle-Aquitaine en 2024. Cette saison, il ne comptait qu&rsquo;un Top 10, sur une manche des Plages Vend\u00e9ennes.<\/p>\n<p>Le coureur de 23 ans garde n\u00e9anmoins de bons souvenirs. \u00ab\u00a0Le cyclisme m\u2019a permis de faire des rencontres que je n\u2019oublierai jamais. Je remercie tous mes clubs formateurs, mes \u00e9quipes de Nationale et surtout, les plus importants : mes parents, qui ont toujours tout fait pour moi\u00a0\u00bb.<\/p>\n","protected":false},"excerpt":{"rendered":"Thomas Bibet ne sera plus dans les pelotons en 2026. Le coureur du Top 16 a d\u00e9cid\u00e9 de&hellip;\n","protected":false},"author":2,"featured_media":473066,"comment_status":"","ping_status":"","sticky":false,"template":"","format":"standard","meta":{"footnotes":""},"categories":[1411],"tags":[834,828,836,829,837,827,83,826,824,823,1154,207,814,817,815,816,822,821,832,211,839,1011,27,820,818,819,835,831,830,833,838,60,212,208,825],"class_list":{"0":"post-473065","1":"post","2":"type-post","3":"status-publish","4":"format-standard","5":"has-post-thumbnail","7":"category-cyclisme","8":"tag-attaque","9":"tag-belgique","10":"tag-braquet","11":"tag-bretagne","12":"tag-chute","13":"tag-competition","14":"tag-coupe-de-france","15":"tag-coureur","16":"tag-course-cyclisme","17":"tag-course-cycliste","18":"tag-cycling","19":"tag-cyclisme","20":"tag-direct","21":"tag-direct-velo","22":"tag-directvelo","23":"tag-directvelo-com","24":"tag-epreuve","25":"tag-epreuve-cycliste","26":"tag-federation-francaise-de-cyclisme","27":"tag-ffc","28":"tag-flandres","29":"tag-fr","30":"tag-france","31":"tag-live","32":"tag-live-course","33":"tag-live-epreuve","34":"tag-peloton","35":"tag-radio-peloton","36":"tag-radio-tour","37":"tag-ravitaillement","38":"tag-relance","39":"tag-sports","40":"tag-uci","41":"tag-velo","42":"tag-velos"},"share_on_mastodon":{"url":"https:\/\/pubeurope.com\/@fr\/115396572887851756","error":""},"_links":{"self":[{"href":"https:\/\/www.europesays.com\/fr\/wp-json\/wp\/v2\/posts\/473065","targetHints":{"allow":["GET"]}}],"collection":[{"href":"https:\/\/www.europesays.com\/fr\/wp-json\/wp\/v2\/posts"}],"about":[{"href":"https:\/\/www.europesays.com\/fr\/wp-json\/wp\/v2\/types\/post"}],"author":[{"embeddable":true,"href":"https:\/\/www.europesays.com\/fr\/wp-json\/wp\/v2\/users\/2"}],"replies":[{"embeddable":true,"href":"https:\/\/www.europesays.com\/fr\/wp-json\/wp\/v2\/comments?post=473065"}],"version-history":[{"count":0,"href":"https:\/\/www.europesays.com\/fr\/wp-json\/wp\/v2\/posts\/473065\/revisions"}],"wp:featuredmedia":[{"embeddable":true,"href":"https:\/\/www.europesays.com\/fr\/wp-json\/wp\/v2\/media\/473066"}],"wp:attachment":[{"href":"https:\/\/www.europesays.com\/fr\/wp-json\/wp\/v2\/media?parent=473065"}],"wp:term":[{"taxonomy":"category","embeddable":true,"href":"https:\/\/www.europesays.com\/fr\/wp-json\/wp\/v2\/categories?post=473065"},{"taxonomy":"post_tag","embeddable":true,"href":"https:\/\/www.europesays.com\/fr\/wp-json\/wp\/v2\/tags?post=473065"}],"curies":[{"name":"wp","href":"https:\/\/api.w.org\/{rel}","templated":true}]}}