{"id":473069,"date":"2025-10-18T18:26:11","date_gmt":"2025-10-18T18:26:11","guid":{"rendered":"https:\/\/www.europesays.com\/fr\/473069\/"},"modified":"2025-10-18T18:26:11","modified_gmt":"2025-10-18T18:26:11","slug":"mort-brutale-a-27-ans-de-lacteur-d-un-si-grand-soleil-lyad-smain-la-serie-lui-rend-hommage","status":"publish","type":"post","link":"https:\/\/www.europesays.com\/fr\/473069\/","title":{"rendered":"Mort brutale \u00e0 27\u00a0ans de l\u2019acteur d\u2019\u00ab\u00a0Un si grand soleil\u00a0\u00bb Lyad Smain, la s\u00e9rie lui rend hommage"},"content":{"rendered":"<p class=\"paragraph text_align_left lp-f-body-02\">L\u2019acteur Lyad Smain, qui incarnait Steve dans la <a href=\"https:\/\/www.leparisien.fr\/culture-loisirs\/tv\/un-si-grand-soleil-le-si-grand-pari-du-nouveau-feuilleton-de-france-2-26-08-2018-7865307.php\" target=\"_blank\" rel=\"noreferrer nofollow noopener\">s\u00e9rie \u00ab Un si grand soleil \u00bb<\/a> est d\u00e9c\u00e9d\u00e9 subitement \u00e0 l\u2019\u00e2ge de 27 ans, ont annonc\u00e9 les \u00e9quipes <a href=\"https:\/\/www.leparisien.fr\/culture-loisirs\/tv\/la-serie-un-si-grand-soleil-sera-diffusee-sur-france-3-a-partir-du-9-septembre-20-08-2024-F23JBYFFLZA4PHEK4R6GZQ6EXM.php\" target=\"_blank\" rel=\"noreferrer nofollow noopener\">du feuilleton de France 3<\/a> sur Instagram ce samedi 18 octobre : \u00ab C\u2019est avec une profonde tristesse que nous avons appris le d\u00e9c\u00e8s de Lyad Smain \u00bb.<\/p>\n<p class=\"paragraph text_align_left lp-f-body-02\">L\u2019homme incarnait Steve Rosas, le petit ami de Camille Leoni, qui fr\u00e9quentait le lyc\u00e9e Gustave Flaubert durant les saisons 4 et 5, entre 2021 et 2023. Son personnage \u00e9tait \u00e9galement le fr\u00e8re cadet de Marvin Rosas, l\u2019un des dealers les plus influents de Montpellier dans la s\u00e9rie.<\/p>\n<p class=\"paragraph text_align_left lp-f-body-02\">\u00ab Son talent, sa g\u00e9n\u00e9rosit\u00e9 et son sourire resteront grav\u00e9s dans nos m\u00e9moires et dans le c\u0153ur de toute l\u2019\u00e9quipe. Nous pensons tr\u00e8s fort \u00e0 sa famille, \u00e0 ses proches et \u00e0 tous ceux qui ont eu la chance de croiser sa route. Merci pour tout, Lyad \u00bb, \u00e9crit l\u2019\u00e9quipe <a href=\"https:\/\/www.leparisien.fr\/culture-loisirs\/tv\/un-si-grand-soleil-le-tournage-de-la-serie-reprendra-le-1er-juin-21-05-2020-8321118.php\" target=\"_blank\" rel=\"noreferrer nofollow noopener\">de la s\u00e9rie<\/a> dans sa publication.<\/p>\n<p>Disparu brutalement alors qu\u2019il se trouvait au Japon<\/p>\n<p class=\"paragraph text_align_left lp-f-body-02\">Originaire de N\u00eemes (Gard), Lyad Smain \u00e9tait n\u00e9 en 1998. Durant sa jeune carri\u00e8re, il est notamment apparu dans \u00ab Plus belle la vie \u00bb, \u00ab Alice Nevers : le juge est une femme \u00bb ou encore la mini-s\u00e9rie \u00ab Love in Progress \u00bb. Les circonstances de son d\u00e9c\u00e8s n\u2019ont pour l\u2019heure pas \u00e9t\u00e9 communiqu\u00e9es, pas plus que la date exacte de sa disparition. Le p\u00e8re de l\u2019acteur, Sabri, a pris la parole aupr\u00e8s du m\u00e9dia <a href=\"https:\/\/www.objectifgard.com\/actualites\/nimes-mort-de-lacteur-lyad-smain-les-confidences-de-son-pere-sabri-154320.php\" target=\"_blank\" rel=\"noreferrer nofollow noopener\">Objectif Gard<\/a> et fait savoir que son fils \u00e9tait d\u00e9c\u00e9d\u00e9 \u00e0 Tokyo (Japon), alors qu\u2019il s\u2019y trouvait en voyage.<\/p>\n<p class=\"paragraph text_align_left lp-f-body-02\">\u00ab Sa disparition, on l\u2019a apprise alors que l\u2019on \u00e9tait \u00e0 l\u2019\u00e9tranger en vacances avec ma femme. Personne n\u2019arrivait \u00e0 nous joindre, car nous \u00e9tions dans un coin isol\u00e9 \u00bb, a-t-il d\u00e9plor\u00e9. Ils ont finalement \u00e9t\u00e9 inform\u00e9s de la terrible nouvelle par l\u2019ambassade de France. Sabri Smain \u00e9voque \u00e9galement avoir tent\u00e9 de joindre Lyad le 17 septembre pour son anniversaire, sans succ\u00e8s.<\/p>\n<p class=\"paragraph text_align_left lp-f-body-02\">Son corps doit \u00eatre rapatri\u00e9 ce lundi en France, avec une arriv\u00e9e de la d\u00e9pouille \u00e0 Marseille (Bouches-du-Rh\u00f4ne). Il sera ensuite inhum\u00e9 ce mercredi \u00e0 N\u00eemes, sa ville natale, lors d\u2019une c\u00e9r\u00e9monie que la famille a souhait\u00e9e ouverte \u00e0 tous. \u00ab C\u2019est ce qu\u2019il aurait voulu \u00bb, a d\u00e9fendu son p\u00e8re.<\/p>\n","protected":false},"excerpt":{"rendered":"L\u2019acteur Lyad Smain, qui incarnait Steve dans la s\u00e9rie \u00ab Un si grand soleil \u00bb est d\u00e9c\u00e9d\u00e9 subitement&hellip;\n","protected":false},"author":2,"featured_media":473070,"comment_status":"","ping_status":"","sticky":false,"template":"","format":"standard","meta":{"footnotes":""},"categories":[1359],"tags":[872,58,59,1011,27,973,2205],"class_list":{"0":"post-473069","1":"post","2":"type-post","3":"status-publish","4":"format-standard","5":"has-post-thumbnail","7":"category-people","8":"tag-culture-et-loisirs","9":"tag-divertissement","10":"tag-entertainment","11":"tag-fr","12":"tag-france","13":"tag-people","14":"tag-television-medias"},"share_on_mastodon":{"url":"https:\/\/pubeurope.com\/@fr\/115396580779334627","error":""},"_links":{"self":[{"href":"https:\/\/www.europesays.com\/fr\/wp-json\/wp\/v2\/posts\/473069","targetHints":{"allow":["GET"]}}],"collection":[{"href":"https:\/\/www.europesays.com\/fr\/wp-json\/wp\/v2\/posts"}],"about":[{"href":"https:\/\/www.europesays.com\/fr\/wp-json\/wp\/v2\/types\/post"}],"author":[{"embeddable":true,"href":"https:\/\/www.europesays.com\/fr\/wp-json\/wp\/v2\/users\/2"}],"replies":[{"embeddable":true,"href":"https:\/\/www.europesays.com\/fr\/wp-json\/wp\/v2\/comments?post=473069"}],"version-history":[{"count":0,"href":"https:\/\/www.europesays.com\/fr\/wp-json\/wp\/v2\/posts\/473069\/revisions"}],"wp:featuredmedia":[{"embeddable":true,"href":"https:\/\/www.europesays.com\/fr\/wp-json\/wp\/v2\/media\/473070"}],"wp:attachment":[{"href":"https:\/\/www.europesays.com\/fr\/wp-json\/wp\/v2\/media?parent=473069"}],"wp:term":[{"taxonomy":"category","embeddable":true,"href":"https:\/\/www.europesays.com\/fr\/wp-json\/wp\/v2\/categories?post=473069"},{"taxonomy":"post_tag","embeddable":true,"href":"https:\/\/www.europesays.com\/fr\/wp-json\/wp\/v2\/tags?post=473069"}],"curies":[{"name":"wp","href":"https:\/\/api.w.org\/{rel}","templated":true}]}}