{"id":473079,"date":"2025-10-18T18:32:02","date_gmt":"2025-10-18T18:32:02","guid":{"rendered":"https:\/\/www.europesays.com\/fr\/473079\/"},"modified":"2025-10-18T18:32:02","modified_gmt":"2025-10-18T18:32:02","slug":"hafsia-herzi-ce-personnage-je-ne-lavais-jamais-vu-au-cinema","status":"publish","type":"post","link":"https:\/\/www.europesays.com\/fr\/473079\/","title":{"rendered":"Hafsia Herzi : \u00ab Ce personnage, je ne l\u2019avais jamais vu au cin\u00e9ma \u00bb"},"content":{"rendered":"<p>                        Hafsia Herzi : \u00ab Ce personnage, je ne l\u2019avais jamais vu au cin\u00e9ma \u00bb<\/p>\n<p class=\"byline author vcard\">Par    <a href=\"https:\/\/aoc.media\/auteur\/raphaelle-pireyreaoc-media\/\" title=\"Articles par Rapha\u00eblle Pireyre\" class=\"author url fn\" rel=\"author nofollow noopener\" target=\"_blank\">Rapha\u00eblle Pireyre<\/a><\/p>\n<p>Avec quelle justesse filmer le coming-out d\u2019une jeune femme, sans mots ? Apr\u00e8s Tu m\u00e9rites un amour et Bonne M\u00e8re, Hafsia Herzi livre La petite derni\u00e8re, une adaptation du r\u00e9cit autobiographique de Fatima Daas \u00e9maill\u00e9 de ce que la r\u00e9alisatrice, et par ailleurs actrice, a su apercevoir entre les lignes \u2013 une d\u00e9couverte du d\u00e9sir o\u00f9 les souffles charrient l\u2019emp\u00eachement autant qu\u2019un ardent \u00e9lan d\u2019\u00e9mancipation.<\/p>\n<p class=\"first-paragraph\">Le troisi\u00e8me long m\u00e9trage en tant que r\u00e9alisatrice de la com\u00e9dienne Hafsia Herzi est une adaptation du premier roman autobiographique de Fatima Daas, La petite derni\u00e8re. Pour ce r\u00e9cit d\u2019\u00e9mancipation, elle a longuement cherch\u00e9 un visage inconnu, qu\u2019elle a trouv\u00e9 en Nadia Melliti, r\u00e9compens\u00e9e par le Prix d\u2019interpr\u00e9tation f\u00e9minine au Festival de Cannes. Elle \u00e9voque son travail marqu\u00e9 par la qu\u00eate de v\u00e9rit\u00e9 et de justesse, autant sur les sujets dont elle traite que sur le jeu de ses com\u00e9diens, tous extraordinaires.<strong> R. P<\/strong><\/p>\n<p><a href=\"https:\/\/politika.io\/fr\/entretien\/elevages-lions-girafes-delephants-autre-regard-zoo\" target=\"_blank\" rel=\"noopener nofollow\"><img fetchpriority=\"high\" decoding=\"async\" class=\"wp-image-269428 size-medium\" src=\"https:\/\/www.europesays.com\/fr\/wp-content\/uploads\/2025\/10\/Carre_politika_10_2025-300x250.jpg\" alt=\"\" width=\"300\" height=\"250\"  \/><\/a>publicit\u00e9<\/p>\n<p><strong>Comment avez-vous d\u00e9couvert le roman de Fatima Daas ?<br \/><\/strong>Il s\u2019agit d\u2019une proposition d\u2019adaptation de la part de mon agent Julie Billy qui se lan\u00e7ait dans la production. Quand j\u2019ai lu le roman, c\u2019\u00e9tait avec le projet d\u2019en faire un film. J\u2019ai crois\u00e9 des Fatima dans la vie, mais ce personnage, je ne l\u2019avais jamais vu au cin\u00e9ma, ni m\u00eame dans la litt\u00e9rature. Je trouve tr\u00e8s courageux de la part de Fatima Daas de l\u2019avoir \u00e9crit. Je me suis sentie tr\u00e8s proche du mal-\u00eatre qu\u2019elle raconte. J\u2019ai \u00e9t\u00e9 tr\u00e8s touch\u00e9e par le parcours du personnage, par cette \u00e9criture en forme de journal intime.<\/p>\n<p><strong>Vous n\u2019avez pas adopt\u00e9 la forme de monologue fragmentaire et non chronologique.<br \/><\/strong>Apr\u00e8s ma premi\u00e8re lecture tourn\u00e9e vers l\u2019\u00e9motion, j\u2019ai relu le roman en pensant cin\u00e9ma et technique et je ne me voyais pas adapter cette voix int\u00e9rieure. J\u2019ai \u00e9videmment essay\u00e9 d\u2019imaginer ce que pourrait \u00eatre une voix off, mais \u00e7a n\u2019allait pas avec mon style ni avec ce que je sais faire. Je me suis dirig\u00e9e vers quelque chose de plus r\u00e9aliste, d\u2019\u00eatre plus dans les s\u00e9quences. Une voix off sur tout un film, c\u2019est compliqu\u00e9.<\/p>\n<p><strong>C\u2019est le cas dans Le Ravissement d\u2019Iris Kaltenb\u00e4ck dans lequel vous tenez le r\u00f4le principal.<br \/><\/strong>\u00c7a allait avec le style du film d\u2019Iris. J\u2019avais envie d\u2019adapter le r\u00e9cit \u00e0 mon style personnel.<\/p>\n<p><strong>On reconna\u00eet justement votre style \u00e0 travers le catalogue sentimental de rencontres que fait le personnage de Fatima quand elle s\u2019avoue son homosexualit\u00e9. On trouvait d\u00e9j\u00e0 cette belle id\u00e9e avec<\/strong><\/p>\n<p class=\"author_name\">\n                <a href=\"https:\/\/aoc.media\/auteur\/raphaelle-pireyreaoc-media\/\" rel=\"nofollow noopener\" target=\"_blank\">Rapha\u00eblle Pireyre<\/a>\n            <\/p>\n<p class=\"author_func\">\n                Critique            <\/p>\n<p>        Rayonnages<br \/>\n        <a href=\"https:\/\/aoc.media\/tag\/culture\/\" rel=\"nofollow noopener\" target=\"_blank\">Culture<\/a><a href=\"https:\/\/aoc.media\/tag\/cinema\/\" rel=\"nofollow noopener\" target=\"_blank\">Cin\u00e9ma<\/a>    <\/p>\n","protected":false},"excerpt":{"rendered":"Hafsia Herzi : \u00ab Ce personnage, je ne l\u2019avais jamais vu au cin\u00e9ma \u00bb Par Rapha\u00eblle Pireyre Avec&hellip;\n","protected":false},"author":2,"featured_media":473080,"comment_status":"","ping_status":"","sticky":false,"template":"","format":"standard","meta":{"footnotes":""},"categories":[1354],"tags":[650,251,58,59,1346,1011,27,1360],"class_list":{"0":"post-473079","1":"post","2":"type-post","3":"status-publish","4":"format-standard","5":"has-post-thumbnail","7":"category-films","8":"tag-cinema","9":"tag-culture","10":"tag-divertissement","11":"tag-entertainment","12":"tag-films","13":"tag-fr","14":"tag-france","15":"tag-movies"},"share_on_mastodon":{"url":"https:\/\/pubeurope.com\/@fr\/115396604871596058","error":""},"_links":{"self":[{"href":"https:\/\/www.europesays.com\/fr\/wp-json\/wp\/v2\/posts\/473079","targetHints":{"allow":["GET"]}}],"collection":[{"href":"https:\/\/www.europesays.com\/fr\/wp-json\/wp\/v2\/posts"}],"about":[{"href":"https:\/\/www.europesays.com\/fr\/wp-json\/wp\/v2\/types\/post"}],"author":[{"embeddable":true,"href":"https:\/\/www.europesays.com\/fr\/wp-json\/wp\/v2\/users\/2"}],"replies":[{"embeddable":true,"href":"https:\/\/www.europesays.com\/fr\/wp-json\/wp\/v2\/comments?post=473079"}],"version-history":[{"count":0,"href":"https:\/\/www.europesays.com\/fr\/wp-json\/wp\/v2\/posts\/473079\/revisions"}],"wp:featuredmedia":[{"embeddable":true,"href":"https:\/\/www.europesays.com\/fr\/wp-json\/wp\/v2\/media\/473080"}],"wp:attachment":[{"href":"https:\/\/www.europesays.com\/fr\/wp-json\/wp\/v2\/media?parent=473079"}],"wp:term":[{"taxonomy":"category","embeddable":true,"href":"https:\/\/www.europesays.com\/fr\/wp-json\/wp\/v2\/categories?post=473079"},{"taxonomy":"post_tag","embeddable":true,"href":"https:\/\/www.europesays.com\/fr\/wp-json\/wp\/v2\/tags?post=473079"}],"curies":[{"name":"wp","href":"https:\/\/api.w.org\/{rel}","templated":true}]}}