{"id":473081,"date":"2025-10-18T18:33:11","date_gmt":"2025-10-18T18:33:11","guid":{"rendered":"https:\/\/www.europesays.com\/fr\/473081\/"},"modified":"2025-10-18T18:33:11","modified_gmt":"2025-10-18T18:33:11","slug":"on-croit-tous-que-ce-geste-aide-a-guerir-dune-maladie-mais-cest-tout-le-contraire-changez-vite-vos-habitudes","status":"publish","type":"post","link":"https:\/\/www.europesays.com\/fr\/473081\/","title":{"rendered":"On croit tous que ce geste aide \u00e0 gu\u00e9rir d&rsquo;une maladie, mais c\u2019est tout le contraire : changez vite vos habitudes !"},"content":{"rendered":"<p>Nez bouch\u00e9, frissons, envie de se caler sous la couette\u2026 D\u00e8s l&rsquo;automne, les petits maux de l&rsquo;hiver font leur grand retour dans nos foyers fran\u00e7ais. Et avec eux, leurs lots de r\u00e9flexes bien ancr\u00e9s. Face \u00e0 la g\u00eane ou la fi\u00e8vre, qui n&rsquo;a jamais pens\u00e9 qu&rsquo;attaquer \u00ab\u00a0<strong>fort<\/strong>\u00a0\u00bb serait la solution la plus responsable ? Pourtant, derri\u00e8re un geste apparemment anodin se cache une erreur aux cons\u00e9quences parfois insoup\u00e7onn\u00e9es. De la pharmacie au cabinet m\u00e9dical, il subsiste une confusion qui, \u00e0 force d&rsquo;habitude, peut devenir un vrai probl\u00e8me de sant\u00e9 publique. Alors, faut-il vraiment sortir l&rsquo;artillerie lourde au moindre rhume ? Voici ce que vous devez absolument savoir pour mieux prot\u00e9ger votre sant\u00e9 \u2013 et celle de vos proches.<\/p>\n<p>Prendre des antibiotiques par r\u00e9flexe : un geste courant\u2026 et malavis\u00e9<\/p>\n<p>En France, la prescription \u2013 ou la demande \u2013 d&rsquo;antibiotiques d\u00e8s les premiers signes d&rsquo;un \u00ab\u00a0\u00e9tat grippal\u00a0\u00bb reste un r\u00e9flexe parmi les plus r\u00e9pandus, surtout au pic de la saison <a href=\"https:\/\/journaldesseniors.20minutes.fr\/sante\/ces-5-aliments-riches-en-magnesium-doivent-sinviter-dans-votre-assiette-cet-hiver-pour-eviter-la-fatigue\/\" target=\"_blank\" rel=\"noopener\">automne-hiver<\/a>. Cette habitude, qui rassure autant qu&rsquo;elle donne l&rsquo;impression d&rsquo;agir efficacement, est pourtant loin d&rsquo;\u00eatre <strong>pertinente<\/strong> dans bien des cas.<\/p>\n<p>Pourquoi ce r\u00e9flexe est-il si tenace ? Il trouve ses racines dans notre histoire collective, celle d&rsquo;une g\u00e9n\u00e9ration pour qui la d\u00e9couverte des antibiotiques a tout chang\u00e9. Ces m\u00e9dicaments r\u00e9volutionnaires ont sauv\u00e9 des millions de vies, gravant dans l&rsquo;imaginaire collectif l&rsquo;id\u00e9e qu&rsquo;ils gu\u00e9rissent tout (ou presque). R\u00e9sultat, l&rsquo;autom\u00e9dication \u2013 qu&rsquo;elle soit sugg\u00e9r\u00e9e par un proche, h\u00e9rit\u00e9e de vieilles prescriptions ou pioch\u00e9e dans la bo\u00eete \u00e0 pharmacie familiale \u2013 semble parfois aller de soi face \u00e0 la plus petite infection.<\/p>\n<p>Pourtant, cette id\u00e9e re\u00e7ue s&rsquo;av\u00e8re souvent <strong>n\u00e9faste<\/strong>, et pas seulement pour celui ou celle qui l&rsquo;applique. Plus que jamais, il faut d\u00e9sormais repenser nos habitudes et questionner ce qui semble \u00ab\u00a0aller de soi\u00a0\u00bb en mati\u00e8re de m\u00e9dicaments.<\/p>\n<p>Antibiotiques versus virus : l&rsquo;erreur classique qui s&rsquo;invite chez le m\u00e9decin<\/p>\n<p>Il n&rsquo;est pas rare, surtout en p\u00e9riode de forte circulation des virus, que l&rsquo;on r\u00e9clame \u2013 ou qu&rsquo;on obtienne \u2013 une bo\u00eete d&rsquo;antibiotiques pour venir \u00e0 bout d&rsquo;un simple rhume ou d&rsquo;une grippe. Or, il existe une diff\u00e9rence <strong>fondamentale<\/strong> entre ce que soignent les antibiotiques et ce contre quoi ils sont inefficaces.<\/p>\n<p>Bact\u00e9ries ou virus ? L&rsquo;amalgame est courant, mais l&rsquo;issue n&rsquo;est pas la m\u00eame. Si les antibiotiques sont redoutablement efficaces contre de nombreuses infections bact\u00e9riennes, ils n&rsquo;ont <strong>aucun effet sur les virus<\/strong> responsables de la grande majorit\u00e9 des infections respiratoires hivernales, comme le rhume, la grippe ou la bronchiolite. Attention \u00e0 ne pas confondre !<\/p>\n<p>Prescrire ou consommer des antibiotiques contre des virus, c&rsquo;est donc \u00e0 la fois inefficace et risqu\u00e9. <\/p>\n<p>\u00c0 retenir :<\/p>\n<p> fi\u00e8vre, toux, nez qui coule ou gorge irrit\u00e9e ne justifient pas automatiquement un traitement antibiotique. Se soigner \u00ab\u00a0juste au cas o\u00f9\u00a0\u00bb peut se <strong>retourner contre soi<\/strong> et compromettre l&rsquo;efficacit\u00e9 future de ces m\u00e9dicaments essentiels.<\/p>\n<p>Le revers de la m\u00e9daille : r\u00e9sistance aux antibiotiques, un danger public<\/p>\n<p>L&rsquo;autom\u00e9dication ou l&rsquo;usage inadapt\u00e9 des antibiotiques n&rsquo;est pas un probl\u00e8me individuel isol\u00e9. \u00c0 force d&rsquo;y recourir sans raison valable, les bact\u00e9ries d\u00e9veloppent des <strong>m\u00e9canismes de d\u00e9fense<\/strong>. R\u00e9sultat : l&rsquo;efficacit\u00e9 de ces m\u00e9dicaments diminue\u2026 pour tout le monde.<\/p>\n<p>La r\u00e9sistance aux antibiotiques, qualifi\u00e9e de \u00ab\u00a0ph\u00e9nom\u00e8ne silencieux\u00a0\u00bb, repr\u00e9sente aujourd&rsquo;hui une menace grandissante en France et en Europe. Chaque ann\u00e9e, des milliers de d\u00e9c\u00e8s sont attribuables \u00e0 des infections devenues impossibles \u00e0 traiter. <strong>Un simple comprim\u00e9 pris sans raison adapt\u00e9e peut donc avoir un impact collectif majeur.<\/strong><\/p>\n<p>Face \u00e0 cet effet boomerang, une prise de conscience g\u00e9n\u00e9rale s&rsquo;impose. Les traitements efficaces d&rsquo;hier risquent de devenir impuissants demain, mettant en danger l&rsquo;\u00e9quilibre de notre syst\u00e8me de sant\u00e9\u2026 et nos chances de gu\u00e9rir quand la situation l&rsquo;exigera vraiment.<\/p>\n<p>Effets secondaires et r\u00e9actions inattendues : le prix \u00e0 payer pour un \u00ab\u00a0mauvais\u00a0\u00bb traitement<\/p>\n<p>Outre le risque collectif, consommer des antibiotiques hors contexte expose \u00e0 des d\u00e9sagr\u00e9ments, loin d&rsquo;\u00eatre anodins : <strong>troubles digestifs<\/strong>, naus\u00e9es, diarrh\u00e9es ou r\u00e9actions allergiques plus ou moins graves font partie des effets secondaires potentiels.<\/p>\n<p>Autre cons\u00e9quence trop souvent minimis\u00e9e : la perturbation du microbiote intestinal, cet \u00e9cosyst\u00e8me de micro-organismes essentiels \u00e0 notre immunit\u00e9, \u00e0 notre digestion et \u00e0 notre bien-\u00eatre g\u00e9n\u00e9ral. Un antibiotique inappropri\u00e9 peut d\u00e9s\u00e9quilibrer cette flore b\u00e9n\u00e9fique, parfois durablement, ouvrant la porte \u00e0 des complications <strong>inattendues<\/strong>.<\/p>\n<p>Ces r\u00e9actions montrent clairement que le bon m\u00e9dicament, au mauvais moment, peut faire plus de mal que de bien.<\/p>\n<p> Quand les antibiotiques sont-ils vraiment justifi\u00e9s ?<\/p>\n<p>Rassurons-nous : les antibiotiques demeurent des armes pr\u00e9cieuses, \u00e0 condition d&rsquo;\u00eatre utilis\u00e9s <strong>\u00e0 bon escient<\/strong>. Pneumonies graves, infections urinaires bact\u00e9riennes, angines \u00e0 streptocoques\u2026 Dans ces cas, ils sauvent litt\u00e9ralement des vies.<\/p>\n<p>Mais comment faire la diff\u00e9rence ? Seuls certains signes sp\u00e9cifiques (fi\u00e8vre persistante, sympt\u00f4mes inhabituels, \u00e9volution inqui\u00e9tante) justifient un avis m\u00e9dical et, \u00e9ventuellement, une prescription adapt\u00e9e. Sauter l&rsquo;\u00e9tape du diagnostic, c&rsquo;est risquer de passer \u00e0 c\u00f4t\u00e9 d&rsquo;un probl\u00e8me plus s\u00e9rieux\u2026 ou d&rsquo;agir inutilement.<\/p>\n<p>M\u00eame face \u00e0 la pression de la maladie ou de l&rsquo;entourage, il est <strong>essentiel<\/strong> de rappeler que tous les maux de l&rsquo;automne ne n\u00e9cessitent pas une antibioth\u00e9rapie.<\/p>\n<p>Adopter les bons r\u00e9flexes face aux infections, un geste pour demain<\/p>\n<p>Mieux se soigner, c&rsquo;est d&rsquo;abord apprendre \u00e0 faire la part des choses. Face \u00e0 un rhume, une toux ou une fi\u00e8vre mod\u00e9r\u00e9e, il existe une multitude de <strong>rem\u00e8des simples<\/strong> et efficaces : repos, hydratation, aliments riches en vitamines, lavage r\u00e9gulier des mains\u2026 sont souvent suffisants pour traverser l&rsquo;\u00e9preuve.<\/p>\n<p>En cas de doute ou face \u00e0 une \u00e9volution inhabituelle des sympt\u00f4mes, s&rsquo;orienter vers un professionnel de sant\u00e9 demeure le meilleur r\u00e9flexe. Pharmaciens, m\u00e9decins, plateformes d&rsquo;information officielles : toutes ces ressources permettent d&rsquo;\u00e9viter les erreurs d&rsquo;autoprescription et de choisir le bon traitement, au bon moment.<\/p>\n<p> Retenir l&rsquo;essentiel et passer \u00e0 l&rsquo;action<\/p>\n<p>Ce qu&rsquo;il faut retenir ? <strong>Les antibiotiques sont inefficaces contre les virus<\/strong> et s&rsquo;ils restent indispensables dans des situations pr\u00e9cises, ils doivent \u00eatre r\u00e9serv\u00e9s \u00e0 ces cas et sur avis m\u00e9dical.<\/p>\n<p>Prot\u00e9ger leur efficacit\u00e9, c&rsquo;est d&rsquo;abord un geste individuel, qui contribue \u00e0 pr\u00e9server la sant\u00e9 de tous. La prochaine fois que le doute s&rsquo;installe, prenez le temps de vous interroger, demandez conseil, et r\u00e9sistez \u00e0 la tentation du \u00ab\u00a0r\u00e9flexe antibiotique\u00a0\u00bb. Notre sant\u00e9, celle de nos proches et celle des <strong>g\u00e9n\u00e9rations futures<\/strong> en d\u00e9pendent.<\/p>\n<p>Face aux premiers signes de maladie cet automne, misez plut\u00f4t sur la sagesse. Pr\u00e9server les antibiotiques, c&rsquo;est prolonger leur efficacit\u00e9 pour les moments o\u00f9 ils sauveront vraiment des vies. Voil\u00e0 comment chacun peut contribuer, simplement, \u00e0 garantir un avenir en meilleure sant\u00e9 pour tous.<\/p>\n","protected":false},"excerpt":{"rendered":"Nez bouch\u00e9, frissons, envie de se caler sous la couette\u2026 D\u00e8s l&rsquo;automne, les petits maux de l&rsquo;hiver font&hellip;\n","protected":false},"author":2,"featured_media":473082,"comment_status":"","ping_status":"","sticky":false,"template":"","format":"standard","meta":{"footnotes":""},"categories":[10],"tags":[1011,27,72,56,71],"class_list":{"0":"post-473081","1":"post","2":"type-post","3":"status-publish","4":"format-standard","5":"has-post-thumbnail","7":"category-sante","8":"tag-fr","9":"tag-france","10":"tag-health","11":"tag-push","12":"tag-sante"},"share_on_mastodon":{"url":"https:\/\/pubeurope.com\/@fr\/115396608330142521","error":""},"_links":{"self":[{"href":"https:\/\/www.europesays.com\/fr\/wp-json\/wp\/v2\/posts\/473081","targetHints":{"allow":["GET"]}}],"collection":[{"href":"https:\/\/www.europesays.com\/fr\/wp-json\/wp\/v2\/posts"}],"about":[{"href":"https:\/\/www.europesays.com\/fr\/wp-json\/wp\/v2\/types\/post"}],"author":[{"embeddable":true,"href":"https:\/\/www.europesays.com\/fr\/wp-json\/wp\/v2\/users\/2"}],"replies":[{"embeddable":true,"href":"https:\/\/www.europesays.com\/fr\/wp-json\/wp\/v2\/comments?post=473081"}],"version-history":[{"count":0,"href":"https:\/\/www.europesays.com\/fr\/wp-json\/wp\/v2\/posts\/473081\/revisions"}],"wp:featuredmedia":[{"embeddable":true,"href":"https:\/\/www.europesays.com\/fr\/wp-json\/wp\/v2\/media\/473082"}],"wp:attachment":[{"href":"https:\/\/www.europesays.com\/fr\/wp-json\/wp\/v2\/media?parent=473081"}],"wp:term":[{"taxonomy":"category","embeddable":true,"href":"https:\/\/www.europesays.com\/fr\/wp-json\/wp\/v2\/categories?post=473081"},{"taxonomy":"post_tag","embeddable":true,"href":"https:\/\/www.europesays.com\/fr\/wp-json\/wp\/v2\/tags?post=473081"}],"curies":[{"name":"wp","href":"https:\/\/api.w.org\/{rel}","templated":true}]}}