{"id":473093,"date":"2025-10-18T18:40:18","date_gmt":"2025-10-18T18:40:18","guid":{"rendered":"https:\/\/www.europesays.com\/fr\/473093\/"},"modified":"2025-10-18T18:40:18","modified_gmt":"2025-10-18T18:40:18","slug":"debout-le-xvie-louis-sarkozy-veut-organiser-une-manif-le-jour-de-lincarceration-de-lancien-president-liberation","status":"publish","type":"post","link":"https:\/\/www.europesays.com\/fr\/473093\/","title":{"rendered":"Debout le XVIe, Louis Sarkozy veut organiser une manif le jour de l\u2019incarc\u00e9ration de l\u2019ancien pr\u00e9sident \u2013 Lib\u00e9ration"},"content":{"rendered":"<p class=\"sc-cPiKLX AiZTS text-element\">Aura-t-on droit au grand soir du XVIe arrondissement, mardi 21 octobre au petit matin ? Des foules en col\u00e8re agitant leurs carr\u00e9s Herm\u00e8s et leurs Rolex, du Vianney \u00e0 pleine balle dans les amplis, des <a href=\"https:\/\/www.liberation.fr\/food\/2020\/01\/17\/sur-les-paves-la-dalle_1773693\/?redirected=1\" target=\"_blank\" rel=\"noreferrer noopener\" title=\"https:\/\/www.liberation.fr\/food\/2020\/01\/17\/sur-les-paves-la-dalle_1773693\/?redirected=1\">street-vendeurs de homard<\/a> ? Les pantalons framboise rempla\u00e7ant les gilets jaunes ? Il faudra voir si l\u2019appel de Louis Sarkozy \u00e0 un rassemblement en soutien \u00e0 son p\u00e8re, <a href=\"https:\/\/www.liberation.fr\/politique\/financement-libyen-nicolas-sarkozy-convoque-en-vue-de-son-incarceration-20251013_TYOI53BQBRCB3KFV6IAIXNACRI\/\" target=\"_blank\" rel=\"noreferrer noopener\" title=\"https:\/\/www.liberation.fr\/politique\/financement-libyen-nicolas-sarkozy-convoque-en-vue-de-son-incarceration-20251013_TYOI53BQBRCB3KFV6IAIXNACRI\/\">le jour de son incarc\u00e9ration \u00e0 la prison de la Sant\u00e9<\/a>, parviendra \u00e0 soulever les masses pr\u00eates \u00e0 en d\u00e9coudre pour l\u2019honneur de leur champion, condamn\u00e9 \u00e0 cinq ans de prison ferme pour \u00abassociation de malfaiteurs\u00bb dans l\u2019affaire du financement libyen de sa campagne de 2007. <\/p>\n<p class=\"sc-cPiKLX AiZTS text-element\">Sur le r\u00e9seau social, l\u2019appel s\u2019accompagne d\u2019un montage vid\u00e9o \u00e0 la gloire du paternel. Sur un d\u00e9fil\u00e9 d\u2019images (dont une montrant le petit Nicolas au ski) et une musique d\u2019ascenseur, on y entend l\u2019ancien pr\u00e9sident d\u00e9clamer une succession de platitudes grandiloquentes \u00e0 faire p\u00e2lir les sachets de th\u00e9 Kusmi Tea : \u00abRien, jamais, ne m\u2019a fait renoncer \u00e0 tout tenter, tout essayer\u00bb ; \u00abChaque fois, j\u2019ai r\u00e9pondu pr\u00e9sent, et chaque fois, on a trouv\u00e9 une solution\u00bb ; \u00abOn n\u2019apprend rien de ses succ\u00e8s, on apprend tout de ses \u00e9checs\u00bb ; \u00abCe que j\u2019ai r\u00eav\u00e9, j\u2019ai pu le construire, parce que la vie c\u2019est une succession de renaissances, rien n\u2019est jamais termin\u00e9. On rena\u00eet jusqu\u2019au bout, jusqu\u2019\u00e0 la derni\u00e8re minute, jusqu\u2019\u00e0 la derni\u00e8re seconde. C\u2019est \u00e7a qui est important.\u00bb <\/p>\n<p class=\"sc-cPiKLX AiZTS text-element\">Le mot de la fin, le plus important, s\u2019affiche sur fond noir : \u00abLa fin de l\u2019histoire n\u2019est pas \u00e9crite.\u00bb En effet, la prison n\u2019est pas le bout du chemin pour Nicolas Sarkozy, qui restera <a href=\"https:\/\/www.liberation.fr\/politique\/nicolas-sarkozy-restera-administrateur-de-lagardere-accor-et-lov-pendant-son-incarceration-20251017_VS4XEVTOENC7TK6RMY7OEX5K6M\/\" target=\"_blank\" rel=\"noreferrer noopener\" title=\"https:\/\/www.liberation.fr\/politique\/nicolas-sarkozy-restera-administrateur-de-lagardere-accor-et-lov-pendant-son-incarceration-20251017_VS4XEVTOENC7TK6RMY7OEX5K6M\/\">administrateur des groupes Lagard\u00e8re, Accor et LOV<\/a> pendant le temps qu\u2019il passera derri\u00e8re les barreaux \u2013 rares sont les prisonniers qui b\u00e9n\u00e9ficient de ce genre de privil\u00e8ges. <\/p>\n<p class=\"sc-cPiKLX AiZTS text-element\">Cet appel serait \u00abla traduction d\u2019une vague d\u2019\u00e9motion que nous voyons depuis le 25 septembre sur les r\u00e9seaux sociaux face \u00e0 cette d\u00e9cision inou\u00efe d\u2019envoyer Nicolas Sarkozy en prison\u00bb, a d\u00e9velopp\u00e9 l\u2019entourage de l\u2019ancien chef de l\u2019Etat aupr\u00e8s de BFMTV : \u00abLes fils de Nicolas Sarkozy r\u00e9agissent avec leur c\u0153ur et ne font que porter la voix de tous ces soutiens anonymes qui veulent t\u00e9moigner \u00e0 Nicolas Sarkozy affection et soutien.\u00bb Reste d\u00e9sormais \u00e0 savoir si l\u2019appel mobilisera dans la rue les fid\u00e8les de l\u2019ancien pr\u00e9sident avec autant de force que sur les plateaux t\u00e9l\u00e9. <\/p>\n","protected":false},"excerpt":{"rendered":"Aura-t-on droit au grand soir du XVIe arrondissement, mardi 21 octobre au petit matin ? Des foules en&hellip;\n","protected":false},"author":2,"featured_media":473094,"comment_status":"","ping_status":"","sticky":false,"template":"","format":"standard","meta":{"footnotes":""},"categories":[2],"tags":[11,1011,27,17927,12,3091,5062],"class_list":{"0":"post-473093","1":"post","2":"type-post","3":"status-publish","4":"format-standard","5":"has-post-thumbnail","7":"category-actualites","8":"tag-actualites","9":"tag-fr","10":"tag-france","11":"tag-louis-sarkozy","12":"tag-news","13":"tag-nicolas-sarkozy","14":"tag-sarkozy-face-a-la-justice"},"share_on_mastodon":{"url":"https:\/\/pubeurope.com\/@fr\/115396635819249596","error":""},"_links":{"self":[{"href":"https:\/\/www.europesays.com\/fr\/wp-json\/wp\/v2\/posts\/473093","targetHints":{"allow":["GET"]}}],"collection":[{"href":"https:\/\/www.europesays.com\/fr\/wp-json\/wp\/v2\/posts"}],"about":[{"href":"https:\/\/www.europesays.com\/fr\/wp-json\/wp\/v2\/types\/post"}],"author":[{"embeddable":true,"href":"https:\/\/www.europesays.com\/fr\/wp-json\/wp\/v2\/users\/2"}],"replies":[{"embeddable":true,"href":"https:\/\/www.europesays.com\/fr\/wp-json\/wp\/v2\/comments?post=473093"}],"version-history":[{"count":0,"href":"https:\/\/www.europesays.com\/fr\/wp-json\/wp\/v2\/posts\/473093\/revisions"}],"wp:featuredmedia":[{"embeddable":true,"href":"https:\/\/www.europesays.com\/fr\/wp-json\/wp\/v2\/media\/473094"}],"wp:attachment":[{"href":"https:\/\/www.europesays.com\/fr\/wp-json\/wp\/v2\/media?parent=473093"}],"wp:term":[{"taxonomy":"category","embeddable":true,"href":"https:\/\/www.europesays.com\/fr\/wp-json\/wp\/v2\/categories?post=473093"},{"taxonomy":"post_tag","embeddable":true,"href":"https:\/\/www.europesays.com\/fr\/wp-json\/wp\/v2\/tags?post=473093"}],"curies":[{"name":"wp","href":"https:\/\/api.w.org\/{rel}","templated":true}]}}