{"id":473105,"date":"2025-10-18T18:47:10","date_gmt":"2025-10-18T18:47:10","guid":{"rendered":"https:\/\/www.europesays.com\/fr\/473105\/"},"modified":"2025-10-18T18:47:10","modified_gmt":"2025-10-18T18:47:10","slug":"le-star-academy-tour-2026-annonce-quand-reserver-vos-places-pour-le-grand-show","status":"publish","type":"post","link":"https:\/\/www.europesays.com\/fr\/473105\/","title":{"rendered":"le Star Academy Tour 2026 annonc\u00e9, quand r\u00e9server vos places pour le grand show\u00a0?"},"content":{"rendered":"<p>            Par<br \/>\n        <strong><br \/>\n            <a href=\"https:\/\/actu.fr\/auteur\/metropoop\" title=\"Consulter tous les articles de R\u00e9daction M\u00e9tropolitain\" target=\"_blank\" rel=\"noopener\">R\u00e9daction M\u00e9tropolitain<\/a><br \/>\n        <\/strong><\/p>\n<p>        Publi\u00e9 le<\/p>\n<p>            18 oct. 2025 \u00e0 20h39<br \/>\n        ; mis \u00e0 jour le 18 oct. 2025 \u00e0 20h40    <\/p>\n<p>Apr\u00e8s le succ\u00e8s de la derni\u00e8re saison du t\u00e9l\u00e9-crochet, la Star Academy reprend la route. L\u2019\u00e9tape montpelli\u00e9raine est d\u00e9sormais officielle : <strong>le samedi 21 mars 2026<\/strong>, la Sud de France Arena accueillera les nouveaux talents issus de la promotion la plus r\u00e9cente.<\/p>\n<p>    <a href=\"https:\/\/www.google.com\/maps\/embed?pb=!1m18!1m12!1m3!1d2890.589434487256!2d3.9489150764582126!3d43.57343747110607!2m3!1f0!2f0!3f0!3m2!1i1024!2i768!4f13.1!3m3!1m2!1s0x12b6a4d5fc7a3bf7%3A0x7409bb29f43e093a!2sSouth%20of%20France%20Arena!5e0!3m2!1sen!2sfr!4v1760807957238!5m2!1sen!2sfr\" title=\"Ouvrie le lien\" target=\"_blank\" rel=\"noopener\">Cliquez ici pour visualiser le contenu<\/a><\/p>\n<p class=\" wall-content\">Le public pourra revivre l\u2019\u00e9nergie du ch\u00e2teau, cette fois en direct et en grand format. Sur sc\u00e8ne, les acad\u00e9miciens offriront un condens\u00e9 de musique, d\u2019\u00e9motion et de danse. L\u2019ambiance promet d\u2019\u00eatre \u00e9lectrique.<\/p>\n<p>Un show repens\u00e9 de A \u00e0 Z<\/p>\n<p class=\" wall-content\">Chaque tableau a \u00e9t\u00e9 retravaill\u00e9 pour surprendre les spectateurs. La nouvelle promotion montera sur sc\u00e8ne avec des num\u00e9ros in\u00e9dits et des reprises revisit\u00e9es. La setlist comprendra des tubes incontournables, des solos puissants et des performances collectives spectaculaires. Les chor\u00e9graphies, con\u00e7ues pour dynamiser le spectacle, mettront en valeur l\u2019\u00e9nergie et la complicit\u00e9 du groupe. Les fans devront faire preuve de rapidit\u00e9. L\u2019ouverture de la billetterie aura lieu <strong>ce mardi 21 octobre 2025<\/strong> \u00e0 10h <a href=\"https:\/\/www.suddefrance-arena.com\" target=\"_blank\" rel=\"noopener\">sur le site officiel de la Sud de France Arena.<\/a><\/p>\n<p class=\" wall-content\">Personnalisez votre actualit\u00e9 en ajoutant vos villes et m\u00e9dias en favori avec <a href=\"https:\/\/moncompte.actu.fr\" title=\"D\u00e9couvez Mon Actu\" rel=\"nofollow noopener\" data-trk=\"{&quot;cta&quot;:{&quot;action&quot;:&quot;https:\\\/\\\/moncompte.actu.fr&quot;,&quot;category&quot;:&quot;mon compte&quot;,&quot;from&quot;:&quot;article footer&quot;,&quot;name&quot;:&quot;Mon actu&quot;,&quot;type&quot;:&quot;cta&quot;}}\" target=\"_blank\">Mon Actu<\/a>.<\/p>\n","protected":false},"excerpt":{"rendered":"Par R\u00e9daction M\u00e9tropolitain Publi\u00e9 le 18 oct. 2025 \u00e0 20h39 ; mis \u00e0 jour le 18 oct. 2025&hellip;\n","protected":false},"author":2,"featured_media":473106,"comment_status":"","ping_status":"","sticky":false,"template":"","format":"standard","meta":{"footnotes":""},"categories":[9599],"tags":[1111,11,1697,5972,1777,674,1011,27,1652,2208,873,12,2680,25,5095],"class_list":{"0":"post-473105","1":"post","2":"type-post","3":"status-publish","4":"format-standard","5":"has-post-thumbnail","7":"category-montpellier","8":"tag-actu","9":"tag-actualites","10":"tag-concert","11":"tag-danse","12":"tag-eu","13":"tag-europe","14":"tag-fr","15":"tag-france","16":"tag-loisirs-culture","17":"tag-montpellier","18":"tag-musique","19":"tag-news","20":"tag-occitanie","21":"tag-republique-francaise","22":"tag-star-academy"},"share_on_mastodon":{"url":"https:\/\/pubeurope.com\/@fr\/115396663269891793","error":""},"_links":{"self":[{"href":"https:\/\/www.europesays.com\/fr\/wp-json\/wp\/v2\/posts\/473105","targetHints":{"allow":["GET"]}}],"collection":[{"href":"https:\/\/www.europesays.com\/fr\/wp-json\/wp\/v2\/posts"}],"about":[{"href":"https:\/\/www.europesays.com\/fr\/wp-json\/wp\/v2\/types\/post"}],"author":[{"embeddable":true,"href":"https:\/\/www.europesays.com\/fr\/wp-json\/wp\/v2\/users\/2"}],"replies":[{"embeddable":true,"href":"https:\/\/www.europesays.com\/fr\/wp-json\/wp\/v2\/comments?post=473105"}],"version-history":[{"count":0,"href":"https:\/\/www.europesays.com\/fr\/wp-json\/wp\/v2\/posts\/473105\/revisions"}],"wp:featuredmedia":[{"embeddable":true,"href":"https:\/\/www.europesays.com\/fr\/wp-json\/wp\/v2\/media\/473106"}],"wp:attachment":[{"href":"https:\/\/www.europesays.com\/fr\/wp-json\/wp\/v2\/media?parent=473105"}],"wp:term":[{"taxonomy":"category","embeddable":true,"href":"https:\/\/www.europesays.com\/fr\/wp-json\/wp\/v2\/categories?post=473105"},{"taxonomy":"post_tag","embeddable":true,"href":"https:\/\/www.europesays.com\/fr\/wp-json\/wp\/v2\/tags?post=473105"}],"curies":[{"name":"wp","href":"https:\/\/api.w.org\/{rel}","templated":true}]}}