{"id":473116,"date":"2025-10-18T18:55:24","date_gmt":"2025-10-18T18:55:24","guid":{"rendered":"https:\/\/www.europesays.com\/fr\/473116\/"},"modified":"2025-10-18T18:55:24","modified_gmt":"2025-10-18T18:55:24","slug":"thorigne-fouillard-les-laureats-du-concours-photofolie-devoiles","status":"publish","type":"post","link":"https:\/\/www.europesays.com\/fr\/473116\/","title":{"rendered":"Thorign\u00e9-Fouillard. Les laur\u00e9ats du concours Photofolie d\u00e9voil\u00e9s"},"content":{"rendered":"<p>La 34e \u00e9dition de Photofolie d\u00e9voile, jusqu\u2019\u00e0 jeudi, \u00e0 l\u2019espace culturel l\u2019Eclat, les regards photographiques de cinquante-six\u00a0photographes amateurs en concours, pr\u00e9sentant chacun une s\u00e9rie de photos.<\/p>\n<p>Photofolie, c\u2019est aussi trois expositions\u00a0: celle de Street is a woman, Elles par elles, r\u00e9alis\u00e9e par un collectif de 200\u00a0femmes photographes qui habitent, pour la majorit\u00e9, en France. \u00a0Expos\u00e9es \u00e0 l\u2019Eclat et \u00e0 la Cale, \u00e0 Rennes, ces photos repr\u00e9sentent la diversit\u00e9 des regards de diff\u00e9rentes femmes dans le monde\u00a0, pr\u00e9cise Ella Kowalska, cr\u00e9atrice du collectif.<\/p>\n<p>St\u00e9phane Lorcy expose, Rien \u00e0 voir et pourtant, regard sur les trois grandes villes d\u2019Albanie.<\/p>\n<p>La s\u00e9rie de photos Reflets est propos\u00e9e par les CE1 de l\u2019\u00e9cole publique dans le hall d\u2019entr\u00e9e de l\u2019Eclat. Eric Lussot expose Pakistan, si loin, si proche, \u00e0 la m\u00e9diath\u00e8que. Un carnet de voyage avec des images hautes en couleur avec des gens simples.<\/p>\n<p>Prix cr\u00e9ativit\u00e9<\/p>\n<p>Le prix de la cr\u00e9ativit\u00e9 a \u00e9t\u00e9 attribu\u00e9 \u00e0 Arnaud Leclere pour la s\u00e9rie Silence suspendu.<\/p>\n<p>\u00a0<\/p>\n","protected":false},"excerpt":{"rendered":"La 34e \u00e9dition de Photofolie d\u00e9voile, jusqu\u2019\u00e0 jeudi, \u00e0 l\u2019espace culturel l\u2019Eclat, les regards photographiques de cinquante-six\u00a0photographes amateurs&hellip;\n","protected":false},"author":2,"featured_media":473117,"comment_status":"","ping_status":"","sticky":false,"template":"","format":"standard","meta":{"footnotes":""},"categories":[2821],"tags":[1111,11,829,903,37115,1777,674,1011,27,24924,12,59639,3086,584,25,4182],"class_list":{"0":"post-473116","1":"post","2":"type-post","3":"status-publish","4":"format-standard","5":"has-post-thumbnail","7":"category-rennes","8":"tag-actu","9":"tag-actualites","10":"tag-bretagne","11":"tag-concours","12":"tag-devoiles","13":"tag-eu","14":"tag-europe","15":"tag-fr","16":"tag-france","17":"tag-laureats","18":"tag-news","19":"tag-photofolie","20":"tag-redon","21":"tag-rennes","22":"tag-republique-francaise","23":"tag-thorigne-fouillard"},"share_on_mastodon":{"url":"https:\/\/pubeurope.com\/@fr\/115396694783611247","error":""},"_links":{"self":[{"href":"https:\/\/www.europesays.com\/fr\/wp-json\/wp\/v2\/posts\/473116","targetHints":{"allow":["GET"]}}],"collection":[{"href":"https:\/\/www.europesays.com\/fr\/wp-json\/wp\/v2\/posts"}],"about":[{"href":"https:\/\/www.europesays.com\/fr\/wp-json\/wp\/v2\/types\/post"}],"author":[{"embeddable":true,"href":"https:\/\/www.europesays.com\/fr\/wp-json\/wp\/v2\/users\/2"}],"replies":[{"embeddable":true,"href":"https:\/\/www.europesays.com\/fr\/wp-json\/wp\/v2\/comments?post=473116"}],"version-history":[{"count":0,"href":"https:\/\/www.europesays.com\/fr\/wp-json\/wp\/v2\/posts\/473116\/revisions"}],"wp:featuredmedia":[{"embeddable":true,"href":"https:\/\/www.europesays.com\/fr\/wp-json\/wp\/v2\/media\/473117"}],"wp:attachment":[{"href":"https:\/\/www.europesays.com\/fr\/wp-json\/wp\/v2\/media?parent=473116"}],"wp:term":[{"taxonomy":"category","embeddable":true,"href":"https:\/\/www.europesays.com\/fr\/wp-json\/wp\/v2\/categories?post=473116"},{"taxonomy":"post_tag","embeddable":true,"href":"https:\/\/www.europesays.com\/fr\/wp-json\/wp\/v2\/tags?post=473116"}],"curies":[{"name":"wp","href":"https:\/\/api.w.org\/{rel}","templated":true}]}}