{"id":473122,"date":"2025-10-18T18:58:19","date_gmt":"2025-10-18T18:58:19","guid":{"rendered":"https:\/\/www.europesays.com\/fr\/473122\/"},"modified":"2025-10-18T18:58:19","modified_gmt":"2025-10-18T18:58:19","slug":"la-presse-semerveille-du-grand-show-psg-strasbourg-isak-se-fait-degommer-en-angleterre","status":"publish","type":"post","link":"https:\/\/www.europesays.com\/fr\/473122\/","title":{"rendered":"La presse s\u2019\u00e9merveille du grand show PSG-Strasbourg, Isak se fait d\u00e9gommer en Angleterre"},"content":{"rendered":"<p>            Un match qui a tenu toutes ses promesses<\/p>\n<p>Un \u00ab\u00a0pur d\u00e9lice\u00a0\u00bb, titre L\u2019Equipe au sujet de la rencontre PSG-Strasbourg d\u2019hier soir. Du jeu, du mouvement, des rebondissements et 6 buts, les Parisiens et Strasbourgeois ont r\u00e9gal\u00e9 hier soir au Parc des Princes. \u00ab\u00a0Quel Spectacle !\u00a0\u00bb, surench\u00e9ri le quotidien dans ses pages int\u00e9rieures. Le Parisien parle quant \u00e0 lui d\u2019une \u00ab\u00a0belle remontada\u00a0\u00bb. Men\u00e9s 3-1, les hommes de Luis Enrique ont r\u00e9ussi \u00e0 revenir au score gr\u00e2ce \u00e0 un penalty de Gon\u00e7alo Ramos avant l\u2019\u00e9galisation du jeune Titi parisien Senny Mayulu. De son c\u00f4t\u00e9, Le Figaro en fait aussi sa Une en parlant de \u00ab\u00a0grand show\u00a0\u00bb. Des buts en cascade avec <a href=\"https:\/\/www.footmercato.net\/club\/rc-strasbourg-alsace\/\" rel=\"nofollow noopener\" target=\"_blank\">Strasbourg<\/a> qui \u00e9tait tout proche de gagner pour la premi\u00e8re fois de son histoire au Parc des Princes. Un match nul qui permet au <a href=\"https:\/\/www.footmercato.net\/club\/psg\/\" rel=\"nofollow noopener\" target=\"_blank\">PSG<\/a> de rester provisoirement leader devant Strasbourg avant le match de l\u2019Olympique de Marseille pr\u00e9vu ce soir face au Havre. <\/p>\n<p>            La suite apr\u00e8s cette publicit\u00e9<\/p>\n<p>        Plus d\u2019excuses pour Alexander Isak<\/p>\n<p>En Angleterre, c\u2019est le cas d\u2019Alexander Isak qui pose question. Pour le Daily Mail, \u00ab\u00a0Isak n\u2019est pas si grand\u00a0\u00bb. Le Su\u00e9dois traverse des semaines difficiles \u00e0 <a href=\"https:\/\/www.footmercato.net\/club\/liverpool\/\" rel=\"nofollow noopener\" target=\"_blank\">Liverpool<\/a>, loin de l\u2019impact attendu pour le transfert le plus cher de l\u2019histoire britannique, estim\u00e9 \u00e0 150 millions d\u2019euros. Les difficult\u00e9s physiques et mentales accumul\u00e9es \u00e0 Newcastle l\u2019emp\u00eachent s\u00fbrement de briller et de trouver sa place parmi les stars d\u2019Anfield. Liverpool lui offre soutien et suivi personnalis\u00e9, mais chaque match devient un test pour prouver qu\u2019il peut atteindre son niveau maximal. <a href=\"https:\/\/www.footmercato.net\/entraineur\/arne-slot\" rel=\"nofollow noopener\" target=\"_blank\">Slot<\/a> insiste : il n\u2019y a plus d\u2019excuses, la pression monte pour transformer son potentiel en performances concr\u00e8tes. Pour Isak, le vrai d\u00e9fi commence maintenant. Il doit retrouver son instinct et gagner rapidement la confiance des supporters des Reds.<\/p>\n<p>        Les protestations contre la d\u00e9localisation des matchs de Liga<\/p>\n<p>Lors du match Real Oviedo-Espanyol d\u2019hier soir, les joueurs ont stopp\u00e9 symboliquement le coup d\u2019envoi pour d\u00e9noncer le manque de transparence autour des d\u00e9localisations de matchs, comme Villarreal-Bar\u00e7a \u00e0 Miami. Pendant plusieurs secondes, tous les joueurs ont refus\u00e9 de jouer. La <a href=\"https:\/\/www.footmercato.net\/espagne\/liga\/\" rel=\"nofollow noopener\" target=\"_blank\">Liga<\/a> a tent\u00e9 de censurer la protestation en diffusant des images ext\u00e9rieures du stade pendant 31 secondes avant de montrer le jeu. Les capitaines, via l\u2019Association des footballeurs espagnols, coordonnent cette action qui se poursuivra tout le week-end. <\/p>\n<p>\n    Pub. le 18\/10\/2025 11:34<br \/>\n            &#8211; MAJ le 18\/10\/2025 15:27\n    <\/p>\n","protected":false},"excerpt":{"rendered":"Un match qui a tenu toutes ses promesses Un \u00ab\u00a0pur d\u00e9lice\u00a0\u00bb, titre L\u2019Equipe au sujet de la rencontre&hellip;\n","protected":false},"author":2,"featured_media":473123,"comment_status":"","ping_status":"","sticky":false,"template":"","format":"standard","meta":{"footnotes":""},"categories":[2820],"tags":[1111,11,1777,674,1011,27,775,12,25,640],"class_list":{"0":"post-473122","1":"post","2":"type-post","3":"status-publish","4":"format-standard","5":"has-post-thumbnail","7":"category-strasbourg","8":"tag-actu","9":"tag-actualites","10":"tag-eu","11":"tag-europe","12":"tag-fr","13":"tag-france","14":"tag-grand-est","15":"tag-news","16":"tag-republique-francaise","17":"tag-strasbourg"},"share_on_mastodon":{"url":"https:\/\/pubeurope.com\/@fr\/115396706709089627","error":""},"_links":{"self":[{"href":"https:\/\/www.europesays.com\/fr\/wp-json\/wp\/v2\/posts\/473122","targetHints":{"allow":["GET"]}}],"collection":[{"href":"https:\/\/www.europesays.com\/fr\/wp-json\/wp\/v2\/posts"}],"about":[{"href":"https:\/\/www.europesays.com\/fr\/wp-json\/wp\/v2\/types\/post"}],"author":[{"embeddable":true,"href":"https:\/\/www.europesays.com\/fr\/wp-json\/wp\/v2\/users\/2"}],"replies":[{"embeddable":true,"href":"https:\/\/www.europesays.com\/fr\/wp-json\/wp\/v2\/comments?post=473122"}],"version-history":[{"count":0,"href":"https:\/\/www.europesays.com\/fr\/wp-json\/wp\/v2\/posts\/473122\/revisions"}],"wp:featuredmedia":[{"embeddable":true,"href":"https:\/\/www.europesays.com\/fr\/wp-json\/wp\/v2\/media\/473123"}],"wp:attachment":[{"href":"https:\/\/www.europesays.com\/fr\/wp-json\/wp\/v2\/media?parent=473122"}],"wp:term":[{"taxonomy":"category","embeddable":true,"href":"https:\/\/www.europesays.com\/fr\/wp-json\/wp\/v2\/categories?post=473122"},{"taxonomy":"post_tag","embeddable":true,"href":"https:\/\/www.europesays.com\/fr\/wp-json\/wp\/v2\/tags?post=473122"}],"curies":[{"name":"wp","href":"https:\/\/api.w.org\/{rel}","templated":true}]}}