{"id":473126,"date":"2025-10-18T19:00:14","date_gmt":"2025-10-18T19:00:14","guid":{"rendered":"https:\/\/www.europesays.com\/fr\/473126\/"},"modified":"2025-10-18T19:00:14","modified_gmt":"2025-10-18T19:00:14","slug":"diop-encore-decisif-diouf-rassurant-les-notes-des-joueurs-nicois-apres-leur-succes-face-a-lyon","status":"publish","type":"post","link":"https:\/\/www.europesays.com\/fr\/473126\/","title":{"rendered":"Diop encore d\u00e9cisif, Diouf rassurant&#8230; les notes des joueurs ni\u00e7ois apr\u00e8s leur succ\u00e8s face \u00e0 Lyon"},"content":{"rendered":"<p class=\"fs-5 \"><strong>Diouf (8)\u00a0:<\/strong> Il \u00e9tait en partie fautif d\u2019avoir laiss\u00e9 \u00e9chapper le deuxi\u00e8me penalty de Fati dans le derby. Ce samedi, sa parade face \u00e0 Maitland-Niles dans ce m\u00eame exercice est d\u2019autant plus d\u00e9cisive qu\u2019elle n\u2019\u00e9vite pas seulement le 2-2 mais initie la bascule vers le 3-1. Il avait, avant \u00e7a, \u00e9t\u00e9 sollicit\u00e9 tr\u00e8s rapidement. Ses sorties ont globalement rassur\u00e9 si l\u2019on met de c\u00f4t\u00e9 celle avant la pause, o\u00f9 l\u2019ancien r\u00e9mois part \u00e0 la p\u00eache. Il ferme encore bien les jambes devant Fofana (57\u2019), sort deux horizontales tr\u00e8s propres et ne peut rien sur le dernier but de Sulc.<\/p>\n<p class=\"fs-5 \"><strong>Mendy (6)\u00a0:<\/strong> Imp\u00e9rial dans les airs, il a agi comme un aimant \u00e0 ballons. Que ce soit sur les centres ou les frappes lyonnaises, le joueur form\u00e9 au club \u00e9tait partout pour couper les trajectoires ou d\u00e9gager son camp, m\u00eame si l\u2019\u00e9l\u00e9gance n\u2019a pas toujours \u00e9t\u00e9 au rendez-vous.<\/p>\n<p class=\"fs-5 \"><strong>Oppong (6)\u00a0:<\/strong> Sa lecture des trajectoires n\u2019est pas son point fort. Mais hier, \u00e0 l\u2019instar de Mendy, ses t\u00eates plongeantes d\u00e9fensives ont \u00e9vit\u00e9 quelques frayeurs. Bien qu\u2019\u00e0 la limite de la faute quand il est all\u00e9 presser, le Ghan\u00e9en n\u2019a jamais \u00e9t\u00e9 pris de vitesse.<\/p>\n<p class=\"fs-5 \"><strong>Dante (5)\u00a0:<\/strong> Il f\u00eatait ses 42 ans hier, et n\u2019a rien fait pour r\u00e9concilier les Lyonnais avec ce nombre. Propre, malgr\u00e9 une g\u00eane au genou encore perceptible lorsqu\u2019il a voulu porter le ballon. Remplac\u00e9 par BAH (66\u2019), agressif et \u00e0 la hauteur de l\u2019\u00e9v\u00e8nement.<\/p>\n<p class=\"fs-5 \"><strong>Clauss (6)\u00a0:<\/strong> Bien plac\u00e9 pour \u00e9carter un changement de jeu (31\u2019), il avait d\u2019abord \u00e9t\u00e9 discret dans ses vell\u00e9it\u00e9s offensives. Avant d\u2019adresser un caviar sur le deuxi\u00e8me but des siens. Par la suite, le Fran\u00e7ais s\u2019est montr\u00e9 appliqu\u00e9 dans sa t\u00e2che d\u00e9fensive.<\/p>\n<p class=\"fs-5 \"><strong>Boudaoui (6)\u00a0:<\/strong> De tout \u00e0 rien, il n\u2019y a qu\u2019un pas. Avant d\u2019\u00eatre l\u2019auteur d\u2019un superbe encha\u00eenement dans la surface pour le troisi\u00e8me but des siens, il n\u2019avait presque rien montr\u00e9. De retour de la s\u00e9lection alg\u00e9rienne avec laquelle il a disput\u00e9 presque deux matchs pleins, son abattage se profilait moins important qu\u2019\u00e0 l\u2019accoutum\u00e9e. Relation de cause \u00e0 effet ou non, il a laiss\u00e9 le soin \u00e0 Vanhoutte de se projeter, s\u2019est jet\u00e9 trop facilement sur l\u2019action du penalty lyonnais, puis a donc laiss\u00e9 parler son talent dans une seconde p\u00e9riode bien plus aboutie pour lui.<\/p>\n<p class=\"fs-5 \"><strong>Vanhoutte (6)\u00a0:<\/strong> S\u2019il g\u00e2che une grosse opportunit\u00e9 en cherchant trop grossi\u00e8rement le penalty sur une belle projection (26\u2019), ses mont\u00e9es ont, dans l\u2019ensemble, cr\u00e9\u00e9 du d\u00e9s\u00e9quilibre dans la d\u00e9fense rhodanienne. Toujours bien plac\u00e9, il a \u00e9t\u00e9 un relais utile dans les 30 derniers m\u00e8tres en \u00e9tant paradoxalement moins trouv\u00e9 dans la construction.<\/p>\n<p class=\"fs-5 \"><strong>Bard (7)\u00a0:<\/strong> Une frappe d\u2019instinct pour ouvrir le score, juste avant le retour de Maitland-Niles, et l\u2019illustration que Bard n\u2019est pas seulement un bon d\u00e9fenseur. Son but inscrit, le premier pour lui cette saison, et on l\u2019a revu dans son registre\u00a0: un tacle rageur aux devants de Fofana en tr\u00e8s bonne position. Son intervention pleine d\u2019autorit\u00e9 sur Sulc (49\u2019) t\u00e9moigne encore d\u2019un match complet et dans la lign\u00e9e de son derby r\u00e9ussi contre Monaco.<\/p>\n<p class=\"fs-5 \"><strong>Diop (8)\u00a0: <\/strong>La tr\u00eave ne lui a pas coup\u00e9 les jambes et il a encha\u00een\u00e9 un troisi\u00e8me match de rang en \u00e9tant d\u00e9cisif. D\u00e9j\u00e0 buteur face au PFC et auteur d\u2019un doubl\u00e9 \u00e0 Monaco, il s\u2019est mu\u00e9 en passeur d\u00e9cisif inspir\u00e9 tr\u00e8s t\u00f4t en servant Bard en premi\u00e8re intention. Son activit\u00e9 l\u2019a amen\u00e9 \u00e0 sortir deux ballons chauds dans la foul\u00e9e, avant qu\u2019il ne soit battu dans les airs par Sulc sur l\u2019\u00e9galisation. Qu\u2019importe, il ferme parfaitement le second poteau (36\u2019) pour le 2-1, et n\u2019a jamais cess\u00e9 d\u2019\u00eatre pr\u00e9cieux, m\u00eame en pivot en l\u2019absence de Moffi et Carlos, ce qui est loin d\u2019\u00eatre habituel. Remplac\u00e9 par SANSON (73\u2019).<\/p>\n<p class=\"fs-5 \"><strong>Cho (7)\u00a0: <\/strong>Son vis-\u00e0-vis Abner n\u2019a pas su le contenir. D\u00e9j\u00e0 impliqu\u00e9 sur le premier but, ses acc\u00e9l\u00e9rations ont dynamit\u00e9 la d\u00e9fense de l\u2019OL. Malheureusement, sa position illicite l\u2019a priv\u00e9e d\u2019un penalty provoqu\u00e9 mais l\u2019on se souviendra de son crochet d\u00e9vastateur sur Kluivert, et de ses courses toujours dans la recherche du d\u00e9s\u00e9quilibre adverse. Remplac\u00e9 par LOUCHET (73\u2019), volontaire.<\/p>\n<p class=\"fs-5 \"><strong>Boga (5)\u00a0: <\/strong>Assez effac\u00e9 dans la premi\u00e8re demi-heure, l\u2019Ivoirien est sorti de sa bo\u00eete en remettant le ballon, involontairement ou non, \u00e0 Diop pour le deuxi\u00e8me but. Puis il a replong\u00e9 dans la monotonie, sans faire de diff\u00e9rences. Remplac\u00e9 par GOUVEIA (73\u2019), qui a sem\u00e9 la zizanie \u00e0 l\u2019or\u00e9e du temps additionnel par ses dribbles.<\/p>\n<p class=\"fs-5 \"><strong>Le coach (7)\u00a0:<\/strong> Tout en gardant son style de jeu, il a r\u00e9ussi \u00e0 faire d\u00e9fendre son bloc plus bas pour se prot\u00e9ger des courses en profondeur, et piquer en contre-attaque.<\/p>\n<p class=\"fs-5 \"><strong>Le match (8)<\/strong><\/p>\n","protected":false},"excerpt":{"rendered":"Diouf (8)\u00a0: Il \u00e9tait en partie fautif d\u2019avoir laiss\u00e9 \u00e9chapper le deuxi\u00e8me penalty de Fati dans le derby.&hellip;\n","protected":false},"author":2,"featured_media":473127,"comment_status":"","ping_status":"","sticky":false,"template":"","format":"standard","meta":{"footnotes":""},"categories":[2819],"tags":[1111,11,1777,674,1011,27,12,2401,54521,882,25],"class_list":{"0":"post-473126","1":"post","2":"type-post","3":"status-publish","4":"format-standard","5":"has-post-thumbnail","7":"category-nice","8":"tag-actu","9":"tag-actualites","10":"tag-eu","11":"tag-europe","12":"tag-fr","13":"tag-france","14":"tag-news","15":"tag-nice","16":"tag-ogcnice","17":"tag-provence-alpes-cote-dazur","18":"tag-republique-francaise"},"share_on_mastodon":{"url":"https:\/\/pubeurope.com\/@fr\/115396714352680578","error":""},"_links":{"self":[{"href":"https:\/\/www.europesays.com\/fr\/wp-json\/wp\/v2\/posts\/473126","targetHints":{"allow":["GET"]}}],"collection":[{"href":"https:\/\/www.europesays.com\/fr\/wp-json\/wp\/v2\/posts"}],"about":[{"href":"https:\/\/www.europesays.com\/fr\/wp-json\/wp\/v2\/types\/post"}],"author":[{"embeddable":true,"href":"https:\/\/www.europesays.com\/fr\/wp-json\/wp\/v2\/users\/2"}],"replies":[{"embeddable":true,"href":"https:\/\/www.europesays.com\/fr\/wp-json\/wp\/v2\/comments?post=473126"}],"version-history":[{"count":0,"href":"https:\/\/www.europesays.com\/fr\/wp-json\/wp\/v2\/posts\/473126\/revisions"}],"wp:featuredmedia":[{"embeddable":true,"href":"https:\/\/www.europesays.com\/fr\/wp-json\/wp\/v2\/media\/473127"}],"wp:attachment":[{"href":"https:\/\/www.europesays.com\/fr\/wp-json\/wp\/v2\/media?parent=473126"}],"wp:term":[{"taxonomy":"category","embeddable":true,"href":"https:\/\/www.europesays.com\/fr\/wp-json\/wp\/v2\/categories?post=473126"},{"taxonomy":"post_tag","embeddable":true,"href":"https:\/\/www.europesays.com\/fr\/wp-json\/wp\/v2\/tags?post=473126"}],"curies":[{"name":"wp","href":"https:\/\/api.w.org\/{rel}","templated":true}]}}