{"id":473132,"date":"2025-10-18T19:04:11","date_gmt":"2025-10-18T19:04:11","guid":{"rendered":"https:\/\/www.europesays.com\/fr\/473132\/"},"modified":"2025-10-18T19:04:11","modified_gmt":"2025-10-18T19:04:11","slug":"cetait-de-plus-en-plus-complique","status":"publish","type":"post","link":"https:\/\/www.europesays.com\/fr\/473132\/","title":{"rendered":"C&rsquo;\u00e9tait de plus en plus compliqu\u00e9"},"content":{"rendered":"<p>            Par<br \/>\n        <strong><br \/>\n            <a href=\"https:\/\/actu.fr\/auteur\/juliette-cardinale\" title=\"Consulter tous les articles de Juliette Cardinale\" rel=\"nofollow noopener\" target=\"_blank\">Juliette Cardinale<\/a><br \/>\n        <\/strong><\/p>\n<p>        Publi\u00e9 le<\/p>\n<p>            18 oct. 2025 \u00e0 17h48        <\/p>\n<p>En d\u00e9but d\u2019ann\u00e9e 2025, le Clos d\u2019Augusta \u00e9tait reconnu parmi <a href=\"https:\/\/actu.fr\/nouvelle-aquitaine\/bordeaux_33063\/en-gironde-cinq-restaurants-distingues-dans-le-top-100-des-meilleures-tables-de-france_62087302.html\" rel=\"nofollow noopener\" target=\"_blank\">les 100 meilleures tables de France.<\/a> Il faut dire que le restaurant de la rue George Bonnac, ouvert depuis novembre\u00a02003, accueille ses clients dans une atmosph\u00e8re hors du temps \u00e0 Bordeaux. La terrasse install\u00e9e <strong>dans le grand jardin de 250\u00a0m\u00e8tres carr\u00e9s,<\/strong> les assiettes du chef Samuel Zuccolotto et le service attentif ont s\u00e9duit le public et m\u00e9rit\u00e9 au restaurant gastronomique de figurer dans la s\u00e9lection du Guide Michelin. Mais apr\u00e8s 22 ans de succ\u00e8s, c\u2019est bient\u00f4t <strong>la fin de l\u2019aventure<\/strong> derri\u00e8re la devanture vert bouteille. \u00ab\u2009Il faut savoir passer \u00e0 autre chose\u2009\u00bb, explique le chef \u00e0 <a href=\"https:\/\/actu.fr\/bordeaux\/\" rel=\"nofollow noopener\" target=\"_blank\">actu Bordeaux.<\/a><\/p>\n<p class=\" wall-content\">\u00ab\u2009C\u2019est <strong>de plus en plus compliqu\u00e9<\/strong> de trouver du personnel\u2009\u00bb, souligne Samuel Zuccolotto. Et ce, m\u00eame si l\u2019\u00e9quipe du Clos d\u2019Augusta reste confidentielle, accueillant au maximum 25 couverts par service. \u00ab\u2009Il y a un gros travail n\u00e9cessaire avec la superficie <strong>du jardin.\u2009\u00bb<\/strong><\/p>\n<p class=\" wall-content\">Les modes de consommation ont aussi \u00e9volu\u00e9 du c\u00f4t\u00e9 de la client\u00e8le. \u00ab\u2009Le milieu de la restauration est en train de changer. M\u00eame si on a toujours du monde le soir, \u00e7a n\u2019a <strong>jamais \u00e9t\u00e9 aussi calme<\/strong> en 22 ans. Les gens sortent, mais font attention \u00e0 ce qu\u2019ils choisissent\u2009\u00bb, d\u00e9taille le chef qui revisite des classiques avec sa touche cr\u00e9ative.<\/p>\n<p class=\" wall-content\"><a href=\"https:\/\/www.instagram.com\/p\/C68b2qFq1SQ\/embed\" title=\"Ouvrir le lien sur Instagram\" rel=\"nofollow noopener\" target=\"_blank\">Visualiser le contenu sur Instagram<\/a><\/p>\n<p>Un projet de voirie les pousse \u00e0 partir<\/p>\n<p class=\" wall-content\">Mais cette fermeture correspond avant tout \u00e0 un choix de vie pour Samuel et Cristina Zuccolotto. \u00ab\u2009J\u2019approche des 50\u00a0ans, je n\u2019aurais pas pu continuer longtemps, \u00e0 travailler <strong>toute la journ\u00e9e sans m\u2019arr\u00eater.<\/strong> On a m\u00eame failli vendre et partir au Portugal\u2009\u00bb, d\u00e9taille chef. C\u2019est d\u2019ailleurs au retour d\u2019un voyage dans le pays d\u2019origine de Cristina qu\u2019un riverain informe le couple du projet ReVe, le v\u00e9ritable \u00ab\u2009d\u00e9clic\u2009\u00bb des propri\u00e9taires.<\/p>\n<p class=\" wall-content\">Pr\u00e9sent\u00e9 en 2024, l\u2019am\u00e9nagement de la ligne 11 du <a href=\"https:\/\/sedeplacer.bordeaux-metropole.fr\/a-velo\/me-deplacer-a-velo\/choisir-mon-itineraire-velo\/reve-reseau-velo-express\" rel=\"nofollow noopener\" target=\"_blank\">R\u00e9seau v\u00e9lo express (ReVe) de Bordeaux M\u00e9tropole<\/a> a soulev\u00e9 un vent de contestation chez les riverains et commer\u00e7ants de la rue Georges Bonnac. \u00ab\u2009On a appris la suppression de <strong>toutes les places de parking<\/strong> dans la rue pour cr\u00e9er la piste cyclable\u2009\u00bb, d\u00e9taille le restaurateur. <a href=\"https:\/\/www.facebook.com\/groups\/1090267739339326\/\" rel=\"nofollow noopener\" target=\"_blank\">Un collectif a \u00e9t\u00e9 mont\u00e9 pour s\u2019opposer au projet<\/a> et en proposer un autre.<\/p>\n<p class=\" wall-content\"><a href=\"https:\/\/www.instagram.com\/p\/DKt1QMUqR5d\/embed\" title=\"Ouvrir le lien sur Instagram\" rel=\"nofollow noopener\" target=\"_blank\">Visualiser le contenu sur Instagram<\/a><\/p>\n<p class=\" wall-content\">Dans l\u2019ann\u00e9e, l\u2019opportunit\u00e9 d\u2019ouvrir <strong>un autre restaurant quelques rues plus loin<\/strong> s\u2019est pr\u00e9sent\u00e9e aux Zuccolotto. Le couple s\u2019y est engag\u00e9, avant d\u2019apprendre que le projet de la rue Bonnac devrait \u00eatre retravaill\u00e9. \u00ab\u2009Ils nous ont fait peur avec le projet, presque tous nos clients viennent en voiture. Quand on a \u00e9t\u00e9 rassur\u00e9s, <strong>c\u2019\u00e9tait trop tard, <\/strong>on avait sign\u00e9. Et de toute fa\u00e7on, on n\u2019a rien eu par \u00e9crit. On ne voulait pas prendre le risque que le projet reprenne de plus belle apr\u00e8s les \u00e9lections\u2009\u00bb.<\/p>\n<p class=\" wall-content\">Pour Samuel Zuccolotto, le probl\u00e8me de parking \u00ab\u2009n\u2019a \u00e9t\u00e9 <strong>qu\u2019un acc\u00e9l\u00e9rateur\u2009\u00bb<\/strong> leur permettant de faire \u00e9voluer leur activit\u00e9. Le couple pr\u00e9pare l\u2019ouverture du futur restaurant mi-novembre, avec un nouveau concept qui ne marquera cependant \u00ab\u2009pas une rupture totale\u2009\u00bb avec le Clos d\u2019Augusta. La preuve ? Il s\u2019appellera \u00ab\u00a0Au Comptoir d\u2019Augusta\u00a0\u00bb.<\/p>\n<p>Votre r\u00e9gion, votre actu !<\/p>\n<p>Recevez chaque jour les infos qui comptent pour vous.<\/p>\n<p>\t<a href=\"https:\/\/actu.fr\/newsletter\" class=\"ac-btn ac-btn--corner ac-btn--medium ac-btn--blue800\" rel=\"nofollow noopener\" target=\"_blank\">S&rsquo;incrire<\/a><br \/>\nY aura-t-il un repreneur\u2009?<\/p>\n<p class=\" wall-content\">Propri\u00e9taires des murs et du fonds de commerce du Clos d\u2019Augusta, Samuel et Cristina Zuccolotto n\u2019ont pas pris leur d\u00e9cision de fermer \u00e0 la l\u00e9g\u00e8re. \u00ab\u2009J\u2019aurais aim\u00e9 que quelqu\u2019un le reprenne. <strong>C\u2019est dommage de l\u2019arr\u00eater,<\/strong> c\u2019est un outil de travail g\u00e9nial\u00a0\u00bb, soupire le chef.\u2009\u00a0\u00bbIl faudrait que \u00e7a reste un restaurant gastronomique, mais pour l\u2019instant on n\u2019a pas trouv\u00e9. On ferme, sans perdre espoir de le vendre.\u2009\u00bb<\/p>\n<p class=\" wall-content\">L\u2019emplacement, <strong>hors de l\u2019hypercentre,<\/strong> et la conjoncture rendent la t\u00e2che difficile. Mais m\u00eame sans repreneur, le lieu pourrait continuer \u00e0 vivre de temps en temps, pour des \u00e9v\u00e8nements dans le jardin. \u00ab\u2009On ne s\u2019interdit pas de faire la saison d\u2019\u00e9t\u00e9 au Clos\u2009\u00bb, admet le chef.<\/p>\n<p class=\" wall-content\">Reste que \u00e7a ne durera <strong>pas \u00e9ternellement.<\/strong> \u00ab\u2009\u00c0 un moment, il faudra se poser et prendre une d\u00e9cision.\u2009\u00bb Quitte \u00e0 transformer les 250\u00a0m\u00e8tres carr\u00e9s d\u2019habitation et la m\u00eame superficie de jardin de la rue George Bonnac en\u2026 leur habitation.\u00a0En attendant, il reste quelques semaines pour\u00a0<strong>profiter d\u2019une table<\/strong><a href=\"https:\/\/www.leclosdaugusta.fr\/\" rel=\"nofollow noopener\" target=\"_blank\"> au Clos d\u2019Augusta\u2009:<\/a> le dernier service aura lieu le <strong>samedi 8\u00a0novembre<\/strong> 2025.<\/p>\n<p class=\" wall-content\">Personnalisez votre actualit\u00e9 en ajoutant vos villes et m\u00e9dias en favori avec <a href=\"https:\/\/moncompte.actu.fr\" title=\"D\u00e9couvez Mon Actu\" rel=\"nofollow noopener\" data-trk=\"{&quot;cta&quot;:{&quot;action&quot;:&quot;https:\\\/\\\/moncompte.actu.fr&quot;,&quot;category&quot;:&quot;mon compte&quot;,&quot;from&quot;:&quot;article footer&quot;,&quot;name&quot;:&quot;Mon actu&quot;,&quot;type&quot;:&quot;cta&quot;}}\" target=\"_blank\">Mon Actu<\/a>.<\/p>\n<p>                    <script async src=\"\/\/www.instagram.com\/embed.js\"><\/script><\/p>\n","protected":false},"excerpt":{"rendered":"Par Juliette Cardinale Publi\u00e9 le 18 oct. 2025 \u00e0 17h48 En d\u00e9but d\u2019ann\u00e9e 2025, le Clos d\u2019Augusta \u00e9tait&hellip;\n","protected":false},"author":2,"featured_media":473133,"comment_status":"","ping_status":"","sticky":false,"template":"","format":"standard","meta":{"footnotes":""},"categories":[2817],"tags":[1111,11,1997,215,1777,674,1011,27,12,2219,25,1340,104],"class_list":{"0":"post-473132","1":"post","2":"type-post","3":"status-publish","4":"format-standard","5":"has-post-thumbnail","7":"category-bordeaux","8":"tag-actu","9":"tag-actualites","10":"tag-bordeaux","11":"tag-commerce","12":"tag-eu","13":"tag-europe","14":"tag-fr","15":"tag-france","16":"tag-news","17":"tag-nouvelle-aquitaine","18":"tag-republique-francaise","19":"tag-restaurant","20":"tag-societe"},"share_on_mastodon":{"url":"https:\/\/pubeurope.com\/@fr\/115396730242754589","error":""},"_links":{"self":[{"href":"https:\/\/www.europesays.com\/fr\/wp-json\/wp\/v2\/posts\/473132","targetHints":{"allow":["GET"]}}],"collection":[{"href":"https:\/\/www.europesays.com\/fr\/wp-json\/wp\/v2\/posts"}],"about":[{"href":"https:\/\/www.europesays.com\/fr\/wp-json\/wp\/v2\/types\/post"}],"author":[{"embeddable":true,"href":"https:\/\/www.europesays.com\/fr\/wp-json\/wp\/v2\/users\/2"}],"replies":[{"embeddable":true,"href":"https:\/\/www.europesays.com\/fr\/wp-json\/wp\/v2\/comments?post=473132"}],"version-history":[{"count":0,"href":"https:\/\/www.europesays.com\/fr\/wp-json\/wp\/v2\/posts\/473132\/revisions"}],"wp:featuredmedia":[{"embeddable":true,"href":"https:\/\/www.europesays.com\/fr\/wp-json\/wp\/v2\/media\/473133"}],"wp:attachment":[{"href":"https:\/\/www.europesays.com\/fr\/wp-json\/wp\/v2\/media?parent=473132"}],"wp:term":[{"taxonomy":"category","embeddable":true,"href":"https:\/\/www.europesays.com\/fr\/wp-json\/wp\/v2\/categories?post=473132"},{"taxonomy":"post_tag","embeddable":true,"href":"https:\/\/www.europesays.com\/fr\/wp-json\/wp\/v2\/tags?post=473132"}],"curies":[{"name":"wp","href":"https:\/\/api.w.org\/{rel}","templated":true}]}}