{"id":473136,"date":"2025-10-18T19:06:18","date_gmt":"2025-10-18T19:06:18","guid":{"rendered":"https:\/\/www.europesays.com\/fr\/473136\/"},"modified":"2025-10-18T19:06:18","modified_gmt":"2025-10-18T19:06:18","slug":"il-y-a-80-ans-cette-institutrice-de-toulouse-devenait-la-premiere-femme-elue-deputee-de-la-haute-garonne","status":"publish","type":"post","link":"https:\/\/www.europesays.com\/fr\/473136\/","title":{"rendered":"Il y a 80 ans, cette institutrice de Toulouse devenait la premi\u00e8re femme \u00e9lue d\u00e9put\u00e9e de la Haute-Garonne"},"content":{"rendered":"<p>            Par<br \/>\n        <strong><br \/>\n            <a href=\"https:\/\/actu.fr\/auteur\/pascal-pallas\" title=\"Consulter tous les articles de Pascal Pallas\" target=\"_blank\" rel=\"noopener\">Pascal Pallas<\/a><br \/>\n        <\/strong><\/p>\n<p>        Publi\u00e9 le<\/p>\n<p>            18 oct. 2025 \u00e0 18h43        <\/p>\n<p>C\u2019est une pionni\u00e8re : <strong>Marcelle Rumeau<\/strong> a \u00e9t\u00e9 la premi\u00e8re femme \u00e0 devenir d\u00e9put\u00e9e de la <a href=\"https:\/\/actu.fr\/occitanie\/haute-garonne_31\" target=\"_blank\" rel=\"noopener\">Haute-Garonne<\/a>. C\u2019\u00e9tait il y a 80 ans jour pour jour, le <strong>21 octobre 1945<\/strong>. Elle a fait partie d\u2019un faible contingent de <strong>33 femmes<\/strong> \u00e9lues au Palais Bourbon lors de ces \u00e9lections l\u00e9gislatives, un an apr\u00e8s que le g\u00e9n\u00e9ral de Gaulle ait accord\u00e9 le droit de vote aux femmes et par cons\u00e9quent la possibilit\u00e9 pour elles de se pr\u00e9senter \u2013 enfin ! \u2013 aux suffrages de leurs concitoyens.\u00a0<\/p>\n<p class=\" wall-content\">Femme de conviction et de combat, Marcelle Rumeau a effectu\u00e9 trois mandats parlementaires durant la IVe R\u00e9publique sous la banni\u00e8re du <strong>Parti communiste fran\u00e7ais<\/strong> et s\u2019est notamment signal\u00e9e par une gifle adress\u00e9e en bonne et due forme \u00e0 un certain <strong>Jean-Marie Le Pen<\/strong>, alors tout jeune d\u00e9put\u00e9. On vous raconte sa vie.\u00a0<\/p>\n<p>Institutrice puis directrice d\u2019\u00e9cole<\/p>\n<p class=\" wall-content\">N\u00e9 en 1912 \u00e0 <a href=\"https:\/\/actu.fr\/toulouse\/\" target=\"_blank\" rel=\"noopener\">Toulouse<\/a> d\u2019un p\u00e8re comptable originaire de Ganac, un petit village au sud de Foix (Ari\u00e8ge), Marcelle Rumeau devient<strong> institutrice<\/strong> \u00e0 Toulouse en 1933, pr\u00e9cis\u00e9ment \u00e0 l\u2019\u00e9cole des 36 ponts. Elle est ensuite nomm\u00e9e \u00e0 l\u2019\u00e9cole Ricardie, quartier Saint-Agne, dont elle devient la directrice avant la Seconde Guerre mondiale.\u00a0<\/p>\n<p class=\" wall-content\">Int\u00e9ress\u00e9e tr\u00e8s jeune par l\u2019engagement politique,<strong> elle se rapproche du Parti communiste en 1938<\/strong>. Durant l\u2019Occupation, elle entre en r\u00e9sistance et concourt \u00e0 la fondation du comit\u00e9 toulousain des Femmes de France (qui deviendra l\u2019Union des femmes de France).\u00a0<\/p>\n<p>\u00c9lue d\u00e9put\u00e9e \u00e0 trois reprises<\/p>\n<p class=\" wall-content\">Cet engagement dans la r\u00e9sistance et son militantisme sans faille dans les rangs communistes lui valent de figurer en seconde position de la liste pr\u00e9sent\u00e9e par son parti lors des \u00e9lections pour composer l\u2019<strong>Assembl\u00e9e constituante<\/strong> de 1945. Elle est \u00e9lue \u00e0 la proportionnelle en compagnie de la t\u00eate de liste <strong>Jacques Gresa<\/strong>.\u00a0<\/p>\n<p>Vid\u00e9os : en ce moment sur Actu<\/p>\n<p class=\" wall-content\">R\u00e9\u00e9lue lors des \u00e9lections l\u00e9gislatives de novembre 1946, elle fait partie des commissions des affaires \u00e9conomiques et de l\u2019\u00c9ducation nationale o\u00f9 elle se signale par des propositions de lois.\u00a0<\/p>\n<p class=\" wall-content\">Elle est battue lors du scrutin de 1951, mais retrouve son mandat en 1956 et la commission de l\u2019\u00c9ducation nationale.\u00a0<\/p>\n<p>Votre r\u00e9gion, votre actu !<\/p>\n<p>Recevez chaque jour les infos qui comptent pour vous.<\/p>\n<p>\t<a href=\"https:\/\/actu.fr\/newsletter\" class=\"ac-btn ac-btn--corner ac-btn--medium ac-btn--blue800\" target=\"_blank\" rel=\"noopener\">S&rsquo;incrire<\/a><br \/>\nUne gifle donn\u00e9e \u00e0 Jean-Marie Le Pen<\/p>\n<p class=\" wall-content\">Elle fut une active parlementaire particuli\u00e8rement investie dans les d\u00e9bats autour de l\u2019\u00e9ducation et de l\u2019am\u00e9lioration de la condition scolaire, \u0153uvrant notamment en faveur de l\u2019acc\u00e8s aux colonies de vacances pour les enfants des familles les plus pauvres et d\u2019un financement toujours plus entier des co\u00fbts de la scolarit\u00e9.<\/p>\n<p class=\" wall-content\">La post\u00e9rit\u00e9 a \u00e9galement retenu sa vive altercation avec un tout jeune d\u00e9put\u00e9 \u00ab\u00a0poujadiste\u00a0\u00bb : Jean-Marie Le Pen. Celui-ci l\u2019ayant invectiv\u00e9 dans les trav\u00e9es du Palais Bourbon, elle lui administra une s\u00e9v\u00e8re <strong>une gifle<\/strong>.<\/p>\n<p>\u00c9lue municipale de Toulouse<\/p>\n<p class=\" wall-content\">Marcelle Rumeau est battue aux l\u00e9gislatives de 1958. Il faudra attendre 30 ans et l\u2019\u00e9lection d\u2019<strong>H\u00e9l\u00e8ne Mignon<\/strong> (PS) aux l\u00e9gislatives de 1988 pour voir de nouveau une femme parmi les parlementaires de la Haute-Garonne.\u00a0<\/p>\n<p class=\" wall-content\">Militante infatigable, Marcelle Rumeau poursuit la lutte aux c\u00f4t\u00e9s de ses camarades communistes, gondolant de son exp\u00e9rience le bureau f\u00e9d\u00e9ral haut-garonnais. Elle est \u00e9lue conseill\u00e8re municipale de Toulouse en 1965 et si\u00e8ge jusqu\u2019en 1971. Elle \u00e9choue par deux fois \u00e0 se faire \u00e9lire au S\u00e9nat.\u00a0<\/p>\n<p class=\" wall-content\"><strong>Marcelle Rumeau est d\u00e9c\u00e9d\u00e9e \u00e0 Toulouse en 1995<\/strong>. Elle ne s\u2019\u00e9tait jamais mari\u00e9e. En 2009, le maire PS de Toulouse <strong>Pierre Cohen<\/strong> fit baptiser un rond-point de son nom au c\u0153ur du quartier Empalot.\u00a0<\/p>\n<p class=\" wall-content\">Personnalisez votre actualit\u00e9 en ajoutant vos villes et m\u00e9dias en favori avec <a href=\"https:\/\/moncompte.actu.fr\" title=\"D\u00e9couvez Mon Actu\" rel=\"nofollow noopener\" data-trk=\"{&quot;cta&quot;:{&quot;action&quot;:&quot;https:\\\/\\\/moncompte.actu.fr&quot;,&quot;category&quot;:&quot;mon compte&quot;,&quot;from&quot;:&quot;article footer&quot;,&quot;name&quot;:&quot;Mon actu&quot;,&quot;type&quot;:&quot;cta&quot;}}\" target=\"_blank\">Mon Actu<\/a>.<\/p>\n","protected":false},"excerpt":{"rendered":"Par Pascal Pallas Publi\u00e9 le 18 oct. 2025 \u00e0 18h43 C\u2019est une pionni\u00e8re : Marcelle Rumeau a \u00e9t\u00e9&hellip;\n","protected":false},"author":2,"featured_media":473137,"comment_status":"","ping_status":"","sticky":false,"template":"","format":"standard","meta":{"footnotes":""},"categories":[2816],"tags":[1111,11,1777,674,1011,27,58904,12,2680,25,935,2312],"class_list":{"0":"post-473136","1":"post","2":"type-post","3":"status-publish","4":"format-standard","5":"has-post-thumbnail","7":"category-toulouse","8":"tag-actu","9":"tag-actualites","10":"tag-eu","11":"tag-europe","12":"tag-fr","13":"tag-france","14":"tag-histoire-patrimoine","15":"tag-news","16":"tag-occitanie","17":"tag-republique-francaise","18":"tag-seconde-guerre-mondiale","19":"tag-toulouse"},"share_on_mastodon":{"url":"https:\/\/pubeurope.com\/@fr\/115396738032349791","error":""},"_links":{"self":[{"href":"https:\/\/www.europesays.com\/fr\/wp-json\/wp\/v2\/posts\/473136","targetHints":{"allow":["GET"]}}],"collection":[{"href":"https:\/\/www.europesays.com\/fr\/wp-json\/wp\/v2\/posts"}],"about":[{"href":"https:\/\/www.europesays.com\/fr\/wp-json\/wp\/v2\/types\/post"}],"author":[{"embeddable":true,"href":"https:\/\/www.europesays.com\/fr\/wp-json\/wp\/v2\/users\/2"}],"replies":[{"embeddable":true,"href":"https:\/\/www.europesays.com\/fr\/wp-json\/wp\/v2\/comments?post=473136"}],"version-history":[{"count":0,"href":"https:\/\/www.europesays.com\/fr\/wp-json\/wp\/v2\/posts\/473136\/revisions"}],"wp:featuredmedia":[{"embeddable":true,"href":"https:\/\/www.europesays.com\/fr\/wp-json\/wp\/v2\/media\/473137"}],"wp:attachment":[{"href":"https:\/\/www.europesays.com\/fr\/wp-json\/wp\/v2\/media?parent=473136"}],"wp:term":[{"taxonomy":"category","embeddable":true,"href":"https:\/\/www.europesays.com\/fr\/wp-json\/wp\/v2\/categories?post=473136"},{"taxonomy":"post_tag","embeddable":true,"href":"https:\/\/www.europesays.com\/fr\/wp-json\/wp\/v2\/tags?post=473136"}],"curies":[{"name":"wp","href":"https:\/\/api.w.org\/{rel}","templated":true}]}}