{"id":473138,"date":"2025-10-18T19:07:11","date_gmt":"2025-10-18T19:07:11","guid":{"rendered":"https:\/\/www.europesays.com\/fr\/473138\/"},"modified":"2025-10-18T19:07:11","modified_gmt":"2025-10-18T19:07:11","slug":"en-direct-top-14-un-choc-pour-la-premiere-place-entre-pau-et-toulouse","status":"publish","type":"post","link":"https:\/\/www.europesays.com\/fr\/473138\/","title":{"rendered":"EN DIRECT &#8211; Top 14 : un choc pour la premi\u00e8re place entre Pau et Toulouse"},"content":{"rendered":"<p class=\"fig-paragraph\">Comme pr\u00e9vu, Thomas Ramos et Thibaud Flament sont laiss\u00e9s au repos. Mais &#8211; apr\u00e8s trois matches d\u2019absence en raison d\u2019une blessure au mollet &#8211; , le capitaine Julien Marchand est titulaire d\u2019entr\u00e9e. Blair Kinghorn est align\u00e9 \u00e0 l\u2019ouverture. Sensation \u00e0 l\u2019arri\u00e8re avec la pr\u00e9sence du jeune Matias Remue (22 ans).<\/p>\n<p class=\"fig-body-link\">\n            \u00c0 lire aussi<br \/>\n        <a class=\"fig-body-link__link\" href=\"http:\/\/www.lefigaro.fr\/sports\/rugby\/top-14\/top-14-marchand-de-retour-ramos-au-repos-kinghorn-ouvreur-la-compo-du-stade-toulousain-pour-le-choc-contre-pau-20251017\" data-fig-type=\"NewsFlash\" data-gtm-custom-categorie=\"navigation\" data-gtm-custom-action=\"crossclick\" data-gtm-custom-label=\"Contextuel\" data-gtm-event=\"customEventSPE\" data-fig-domain=\"LEFIGARO\" target=\"_blank\" rel=\"noopener\">Top 14\u00a0: Marchand de retour, Ramos au repos, Kinghorn ouvreur, la compo du Stade Toulousain pour le choc contre Pau<br \/>\n    <\/a>\n<\/p>\n<p class=\"fig-paragraph\"><strong>ST<\/strong>\u00a0: Remue, Capuozzo &#8211; Barassi, Gourgues &#8211; Lebel &#8211; Kinghorn &#8211; Graou &#8211; Ntamack, Banos, Jelonch &#8211; Meafou, Elias &#8211; Aldegheri &#8211; Marchand &#8211; Ainu\u2019u<\/p>\n","protected":false},"excerpt":{"rendered":"Comme pr\u00e9vu, Thomas Ramos et Thibaud Flament sont laiss\u00e9s au repos. Mais &#8211; apr\u00e8s trois matches d\u2019absence en&hellip;\n","protected":false},"author":2,"featured_media":473139,"comment_status":"","ping_status":"","sticky":false,"template":"","format":"standard","meta":{"footnotes":""},"categories":[2816],"tags":[1111,11,525,4590,1981,2313,814,1777,674,1011,27,955,12,2680,4589,2311,25,1980,479,2259,12098,476,478,2310,2312],"class_list":{"0":"post-473138","1":"post","2":"type-post","3":"status-publish","4":"format-standard","5":"has-post-thumbnail","7":"category-toulouse","8":"tag-actu","9":"tag-actualites","10":"tag-calendrier","11":"tag-championnat-france","12":"tag-classement","13":"tag-clermont","14":"tag-direct","15":"tag-eu","16":"tag-europe","17":"tag-fr","18":"tag-france","19":"tag-match","20":"tag-news","21":"tag-occitanie","22":"tag-phase-finale","23":"tag-racing","24":"tag-republique-francaise","25":"tag-resultats","26":"tag-rugby","27":"tag-score","28":"tag-section-paloise","29":"tag-stade-toulousain","30":"tag-top-14","31":"tag-toulon","32":"tag-toulouse"},"share_on_mastodon":{"url":"https:\/\/pubeurope.com\/@fr\/115396741962916918","error":""},"_links":{"self":[{"href":"https:\/\/www.europesays.com\/fr\/wp-json\/wp\/v2\/posts\/473138","targetHints":{"allow":["GET"]}}],"collection":[{"href":"https:\/\/www.europesays.com\/fr\/wp-json\/wp\/v2\/posts"}],"about":[{"href":"https:\/\/www.europesays.com\/fr\/wp-json\/wp\/v2\/types\/post"}],"author":[{"embeddable":true,"href":"https:\/\/www.europesays.com\/fr\/wp-json\/wp\/v2\/users\/2"}],"replies":[{"embeddable":true,"href":"https:\/\/www.europesays.com\/fr\/wp-json\/wp\/v2\/comments?post=473138"}],"version-history":[{"count":0,"href":"https:\/\/www.europesays.com\/fr\/wp-json\/wp\/v2\/posts\/473138\/revisions"}],"wp:featuredmedia":[{"embeddable":true,"href":"https:\/\/www.europesays.com\/fr\/wp-json\/wp\/v2\/media\/473139"}],"wp:attachment":[{"href":"https:\/\/www.europesays.com\/fr\/wp-json\/wp\/v2\/media?parent=473138"}],"wp:term":[{"taxonomy":"category","embeddable":true,"href":"https:\/\/www.europesays.com\/fr\/wp-json\/wp\/v2\/categories?post=473138"},{"taxonomy":"post_tag","embeddable":true,"href":"https:\/\/www.europesays.com\/fr\/wp-json\/wp\/v2\/tags?post=473138"}],"curies":[{"name":"wp","href":"https:\/\/api.w.org\/{rel}","templated":true}]}}