{"id":473146,"date":"2025-10-18T19:11:21","date_gmt":"2025-10-18T19:11:21","guid":{"rendered":"https:\/\/www.europesays.com\/fr\/473146\/"},"modified":"2025-10-18T19:11:21","modified_gmt":"2025-10-18T19:11:21","slug":"direct-marseille-le-havre-suivez-le-match","status":"publish","type":"post","link":"https:\/\/www.europesays.com\/fr\/473146\/","title":{"rendered":"DIRECT. Marseille &#8211; Le Havre\u00a0: suivez le match"},"content":{"rendered":"<p>                    <a title=\"\" href=\"https:\/\/www.europesays.com\/fr\/wp-content\/uploads\/2025\/10\/81678787.jpg\" class=\"fancy\"><\/p>\n<p>                            <img loading=\"lazy\" decoding=\"async\" src=\"https:\/\/www.europesays.com\/fr\/wp-content\/uploads\/2025\/10\/81678787.jpg\" alt=\"DIRECT. Marseille - Le Havre\u00a0: suivez le match\" width=\"1500\" height=\"1000\"\/><\/p>\n<p>                    <\/a><\/p>\n<p>                Ce samedi soir, l&rsquo;OM fait son retour en Ligue 1\u00a0apr\u00e8s la tr\u00eave internationale avec la r\u00e9ception du Havre. Suivez le match en direct.<\/p>\n<p><a name=\"post1760814568\"\/>21:09 &#8211; Contre-pressing efficace (0-0, 5e)<\/p>\n<p>Apr\u00e8s une feinte de corps, O&rsquo;Riley cherche Angel Gomes mais c&rsquo;est intercept\u00e9. Les Havrais veulent filer en contre-attaque mais Balerdi arrive vite et gagne son duel.<\/p>\n<p><a name=\"post1760814511\"\/>21:08 &#8211; Paixao r\u00e9compens\u00e9 (0-0, 3e)<\/p>\n<p>Alors que Lo\u00efc Nego avait le ballon, Igor Paixao surgit et obtient un coup franc indirect.<\/p>\n<p><a name=\"post1760814460\"\/>21:07 &#8211; Premier coup de sifflet (0-0, 2e)<\/p>\n<p>\u00c0 hauteur de la ligne m\u00e9diane, Angel Gomes est pris par la mont\u00e9e agressive de Doucour\u00e9. Le milieu anglais commet une faute dans la foul\u00e9e.<\/p>\n<p><a name=\"post1760814394\"\/>21:06 &#8211; Premier ballon pour l&rsquo;OM (0-0, 2e)<\/p>\n<p>Apr\u00e8s le coup d&rsquo;envoi, les Marseillais mettent le pied sur le ballon et privent le HAC du cuir qui va d&rsquo;une aile \u00e0 l&rsquo;autre.<\/p>\n<p><a name=\"post1760814307\"\/>21:05 &#8211; C&rsquo;est parti ! (0-0, 1e)<\/p>\n<p>Matt O&rsquo;RIley lance Marseille &#8211; Le Havre !\u00a0<\/p>\n<p><a name=\"post1760814246\"\/>21:04 &#8211; Engagement pour l&rsquo;OM<\/p>\n<p>L&rsquo;engagement sera donn\u00e9 par les Phoc\u00e9ens.<\/p>\n<p><a name=\"post1760814195\"\/>21:03 &#8211; Image symbolique<\/p>\n<p>Dans une haie d&rsquo;honneur avec des personnes portant ses diff\u00e9rents maillots avec l&rsquo;OM, Steve Mandanda p\u00e9n\u00e8tre sur la pelouse. Acclam\u00e9, l&rsquo;ancien gardien donne\u00a0le coup d&rsquo;envoi fictif.<\/p>\n<p><a name=\"post1760814079\"\/>21:01 &#8211; Entr\u00e9e des joueurs<\/p>\n<p>Dans un V\u00e9lodrome chauff\u00e9 \u00e0\u00a0blanc et digne des plus grandes joutes europ\u00e9ennes, les 22 acteurs du match p\u00e9n\u00e8trent sur la pelouse.<\/p>\n<p><a name=\"post1760814000\"\/>21:00 &#8211; Un champion du monde honor\u00e9<\/p>\n<p>Ancien joueur des deux clubs, Steve Mandanda donnera le coup d&rsquo;envoi fictif de Marseille &#8211; Le Havre dans quelques instants.<\/p>\n<p><a name=\"post1760813916\"\/>20:58 &#8211; Entr\u00e9e imminente<\/p>\n<p>L&rsquo;ambiance monte d&rsquo;un cran au V\u00e9lodrome o\u00f9 les joueurs sont dans les trav\u00e9es.<\/p>\n<p><a name=\"post1760813700\"\/>20:55 &#8211; Le corps arbitral<\/p>\n<p>Ce soir, Bastien Dechepy sera au sifflet de Marseille &#8211; Le Havre. L&rsquo;arbitre sera assist\u00e9 par Brice Parinet Le Tellier et Julien Haulbert, assistants. Eddy Rosier occupera le poste de quatri\u00e8me arbitre, tandis que\u00a0Wilfried Bien et Mathieu Grosbost seront en charge de la\u00a0VAR.<\/p>\n<p><a name=\"post1760813400\"\/>20:50 &#8211; Le HAC croit \u00e0 l&rsquo;exploit ! <\/p>\n<p>14e de Ligue 1, Le Havre se d\u00e9place \u00e0 Marseille avec la ferme intention de climatiser le V\u00e9lodrome et repartir avec les trois points,\u00a0comme l&rsquo;a confirm\u00e9 le milieu Yassine Kechta : \u00ab\u00a0Pour rester en Ligue 1, il va falloir faire des exploits. Contre l&rsquo;OM \u00e7a va \u00eatre un match difficile. On va tout donner pendant 90\u00a0minutes, pour aller chercher un exploit contre les Marseillais\u00a0\u00ab\u00a0.\u00a0Le Havrais a \u00e9t\u00e9 suivi par son coach, Didier Digard :\u00a0\u00ab\u00a0La saison derni\u00e8re, on a essay\u00e9 de beaucoup d\u00e9fendre au V\u00e9lodrome\u2026 Mais \u00e7a n&rsquo;avait pas march\u00e9. La cl\u00e9 c&rsquo;est certainement de garder un maximum le ballon et ne pas subir pendant 90\u00a0minutes. Tout donner et de jouer sur nos qualit\u00e9s, c&rsquo;est la cl\u00e9\u00a0\u00bb.\u00a0<\/p>\n<p><a name=\"post1760813100\"\/>20:45 &#8211; Point au classement <\/p>\n<p>SI l&rsquo;Olympique de Marseille est 3e au classement, les Havrais sont 14e de la Ligue 1. Avec six unit\u00e9s, le HAC est \u00e0 \u00e9galit\u00e9 avec Auxerre, barragiste.<\/p>\n<p><a name=\"post1760812800\"\/>20:40 &#8211; Le Sporting dans le viseur<\/p>\n<p>Alors que l&rsquo;OM\u00a0va disputer sept matchs toutes comp\u00e9titions confondues avant la prochaine tr\u00eave internationale, l&rsquo;entra\u00eeneur italien estime que ce match face au Havre est l&rsquo;un des plus importants de la s\u00e9rie, tout comme la confrontation en Ligue des champions face au Sporting Portugal :\u00a0\u00ab\u00a0Parce que nous devons remettre la bonne fr\u00e9quence au V\u00e9lodrome, comme quand on cherche une station de radio. Une victoire chez nous, nous permettrait de bien pr\u00e9parer les six autres matches, d&rsquo;arriver \u00e0 Lisbonne\u00a0(pour y affronter le Sporting Portugal en Ligue des champions)\u00a0de la meilleure des mani\u00e8res face \u00e0 une belle \u00e9quipe. Apr\u00e8s, on va \u00e0 Lens, une des \u00e9quipes les plus en forme en <a href=\"https:\/\/www.linternaute.com\/sport\/competitions\/8420771-ligue-1-resultats-calendrier-et-le-classement-du-championnat\/\" title=\"Ligue 1\" target=\"_blank\" rel=\"noopener\">Ligue\u00a01<\/a>\u00ab\u00a0.<\/p>\n<p><a name=\"post1760812500\"\/>20:35 &#8211; Sur quelle cha\u00eene regarder Marseille &#8211; Le Havre ?<\/p>\n<p>D\u00e9tenteur des droits TV du championnat fran\u00e7ais,\u00a0<strong>Ligue1+<\/strong>\u00a0diffusera l&rsquo;affiche entre l&rsquo;OM\u00a0et le HAC.<\/p>\n<p><a name=\"post1760812200\"\/>20:30 &#8211; Un groupe d\u00e9cim\u00e9<\/p>\n<p>Face au Havre, Roberto De Zerbi est priv\u00e9 de\u00a0Facundo Medina (cheville), Amine Gouiri (repos),\u00a0Geoffrey Kondogbia (mollet) et Hamed Traor\u00e9 (cuisse).<\/p>\n<p><a name=\"post1760811900\"\/>20:25 &#8211; De Zerbi redoute le HAC<\/p>\n<p>Ce samedi soir,\u00a0De Zerbi s&rsquo;attend \u00e0 une rencontre compliqu\u00e9e :\u00a0\u00ab\u00a0C&rsquo;est une bonne \u00e9quipe, vive, qui a perdu quelques matches, mais qui a encaiss\u00e9 peu de buts. Ils ont jou\u00e9 contre des \u00e9quipes fortes comme Strasbourg, et ils ont fait bonne figure. Il y a de bons joueurs, notamment au milieu de terrain. Il faudra faire les choses de fa\u00e7on s\u00e9rieuse. On peut poursuivre notre s\u00e9rie de victoires \u00e0 domicile, qui est importante, on peut continuer aussi notre s\u00e9rie de victoires en Championnat\u00a0(depuis le 31\u00a0ao\u00fbt et la d\u00e9faite \u00e0 Lyon), et rester en haut\u00a0\u00bb.<\/p>\n<p><a name=\"post1760811600\"\/>20:20 &#8211; La premi\u00e8re place en vue<\/p>\n<p>Apr\u00e8s le nul du Paris Saint-Germain face \u00e0 Strasbourg (3-3)\u00a0ce vendredi en ouverture la 8e journ\u00e9e de la Ligue 1, les Marseillais ont l&rsquo;occasion de prendre la premi\u00e8re place du championnat.\u00a0Pour cela, ils devront l&#8217;emporter face au HAC.<\/p>\n<p><a name=\"post1760811450\"\/>20:17 &#8211; Le onze havrais<\/p>\n<p>Apr\u00e8s la composition marseillaise, voici celle du HAC avec un 3-5-2 concoct\u00e9 par Didier Digard : Diaw (G) &#8211; Doucour\u00e9, Sangant\u00e9, Lloris &#8211;\u00a0Nego,\u00a0Kechta, Seko, Ndiaye, Zouaoui &#8211;\u00a0Samatta, Soumar\u00e9.<\/p>\n<p><a name=\"post1760811300\"\/>20:15 &#8211; Les vestiaires sont pr\u00eats ! <\/p>\n<p>Au V\u00e9lodrome, les deux \u00e9quipes \u00e9volueront avec leur maillot domicile.\u00a0<\/p>\n<p><a name=\"post1760811120\"\/>20:12 &#8211; De Zerbi fait tourner, le onze de l&rsquo;OM ! <\/p>\n<p>Robert De Zerbi avait annonc\u00e9 faire tourner son effectif pour cette r\u00e9ception de l&rsquo;OM, c&rsquo;est d\u00e9sormais chose faite avec la titularisation de De Lange dans les cages. En difficult\u00e9 depuis le d\u00e9but de saison, Leonardo Balerdi fait son retour dans le onze. Pas de surprise sur le front de l&rsquo;attaque\u00a0: De Lange (G) &#8211; Pavard, Balerdi, Aguerd, Emerson &#8211; Hojbjerg, A.Gomes, O&rsquo;Riley &#8211; Greenwood, I.Paixao, Aubameyang.<\/p>\n<blockquote class=\"twitter-tweet\"><p>&#13;<\/p>\n<p dir=\"ltr\" lang=\"fr\">???????????????????? <a href=\"https:\/\/twitter.com\/hashtag\/OMHAC?src=hash&amp;ref_src=twsrc%5Etfw\" target=\"_blank\" rel=\"noopener\">#OMHAC<\/a> \u2694\ufe0f<\/p>\n<p>Le 1\ufe0f\u20e31\ufe0f\u20e3 de d\u00e9part \u00e9tabli par notre ???????????????????? ???????????????????????????? ???????? ???????????????????? ???????? pour la 8\ufe0f\u20e3\u00e8me journ\u00e9e de <a href=\"https:\/\/twitter.com\/Ligue1?ref_src=twsrc%5Etfw\" target=\"_blank\" rel=\"noopener\">@Ligue1<\/a> \u26a1\ufe0f<br \/>&#13;<br \/>\nCoup d&rsquo;envoi \u00e0 21h05 <a href=\"https:\/\/t.co\/0Oko97E7GP\">pic.twitter.com\/0Oko97E7GP<\/a><\/p>\n<p>&#13;<br \/>\n\u2014 Olympique de Marseille (@OM_Officiel) <a href=\"https:\/\/twitter.com\/OM_Officiel\/status\/1979607847316135999?ref_src=twsrc%5Etfw\" target=\"_blank\" rel=\"noopener\">October 18, 2025<\/a><\/p><\/blockquote>\n<p>&#13;<\/p>\n<p><a name=\"post1760811000\"\/>20:10 &#8211; Retour en Ligue 1<\/p>\n<p>Apr\u00e8s un 4\/4\u00a0en Ligue 1\u00a0au mois de septembre conclu par un succ\u00e8s \u00e0 Metz avant la tr\u00eave internationale, l&rsquo;Olympique de Marseille a affirm\u00e9 son statut de pr\u00e9tendant au titre cette saison et de s\u00e9rieux concurrent au Paris Saint-Germain.\u00a0Ce samedi, les Olympiens re\u00e7oivent les Havrais apr\u00e8s une l\u00e9g\u00e8re coupure.<\/p>\n<p><a name=\"post1760810700\"\/>20:05 &#8211; H &#8211; 1 ! <\/p>\n<p>Bonsoir \u00e0 toutes et \u00e0 tous ! Bienvenue sur le live de Marseille &#8211; Le Havre, rencontre de la 8e journ\u00e9e de Ligue 1. Coup d&rsquo;envoi dans une heure.\u00a0<\/p>\n<p><script async src=\"https:\/\/platform.twitter.com\/widgets.js\" charset=\"utf-8\"><\/script><\/p>\n","protected":false},"excerpt":{"rendered":"Ce samedi soir, l&rsquo;OM fait son retour en Ligue 1\u00a0apr\u00e8s la tr\u00eave internationale avec la r\u00e9ception du Havre.&hellip;\n","protected":false},"author":2,"featured_media":473147,"comment_status":"","ping_status":"","sticky":false,"template":"","format":"standard","meta":{"footnotes":""},"categories":[2814],"tags":[1111,11,59620,51761,1777,674,2257,51763,1011,27,66,884,12,46979,51767,882,25],"class_list":{"0":"post-473146","1":"post","2":"type-post","3":"status-publish","4":"format-standard","5":"has-post-thumbnail","7":"category-marseille","8":"tag-actu","9":"tag-actualites","10":"tag-cms-linternaute-9030689","11":"tag-controller-content","12":"tag-eu","13":"tag-europe","14":"tag-foot","15":"tag-format-papier","16":"tag-fr","17":"tag-france","18":"tag-ligue-1","19":"tag-marseille","20":"tag-news","21":"tag-olympique-marseille","22":"tag-parallaxeinfeed","23":"tag-provence-alpes-cote-dazur","24":"tag-republique-francaise"},"share_on_mastodon":{"url":"https:\/\/pubeurope.com\/@fr\/115396758237847434","error":""},"_links":{"self":[{"href":"https:\/\/www.europesays.com\/fr\/wp-json\/wp\/v2\/posts\/473146","targetHints":{"allow":["GET"]}}],"collection":[{"href":"https:\/\/www.europesays.com\/fr\/wp-json\/wp\/v2\/posts"}],"about":[{"href":"https:\/\/www.europesays.com\/fr\/wp-json\/wp\/v2\/types\/post"}],"author":[{"embeddable":true,"href":"https:\/\/www.europesays.com\/fr\/wp-json\/wp\/v2\/users\/2"}],"replies":[{"embeddable":true,"href":"https:\/\/www.europesays.com\/fr\/wp-json\/wp\/v2\/comments?post=473146"}],"version-history":[{"count":0,"href":"https:\/\/www.europesays.com\/fr\/wp-json\/wp\/v2\/posts\/473146\/revisions"}],"wp:featuredmedia":[{"embeddable":true,"href":"https:\/\/www.europesays.com\/fr\/wp-json\/wp\/v2\/media\/473147"}],"wp:attachment":[{"href":"https:\/\/www.europesays.com\/fr\/wp-json\/wp\/v2\/media?parent=473146"}],"wp:term":[{"taxonomy":"category","embeddable":true,"href":"https:\/\/www.europesays.com\/fr\/wp-json\/wp\/v2\/categories?post=473146"},{"taxonomy":"post_tag","embeddable":true,"href":"https:\/\/www.europesays.com\/fr\/wp-json\/wp\/v2\/tags?post=473146"}],"curies":[{"name":"wp","href":"https:\/\/api.w.org\/{rel}","templated":true}]}}