{"id":473148,"date":"2025-10-18T19:12:20","date_gmt":"2025-10-18T19:12:20","guid":{"rendered":"https:\/\/www.europesays.com\/fr\/473148\/"},"modified":"2025-10-18T19:12:20","modified_gmt":"2025-10-18T19:12:20","slug":"lyon-un-policier-traine-sur-plusieurs-metres-par-un-scooter-avenue-lacassagne","status":"publish","type":"post","link":"https:\/\/www.europesays.com\/fr\/473148\/","title":{"rendered":"Lyon. Un policier tra\u00een\u00e9 sur plusieurs m\u00e8tres par un scooter avenue Lacassagne"},"content":{"rendered":"<p>Un policier de la BAC a \u00e9t\u00e9 tra\u00een\u00e9 sur plusieurs m\u00e8tres par un scooter avenue Lacassagne, vendredi 17\u00a0octobre vers 13 heures<\/p>\n<p>Cet agent de la brigade anticriminalit\u00e9 patrouille avec ses coll\u00e8gues quand l\u2019\u00e9quipage rep\u00e8re deux individus suspects \u00e0 bord d\u2019un scooter. Les policiers leur enjoignent de s\u2019arr\u00eater \u00e0 plusieurs reprises, sans succ\u00e8s. Apr\u00e8s ces refus d\u2019obtemp\u00e9rer, le v\u00e9hicule de la BAC parvient \u00e0 obliger le deux-roues \u00e0 ralentir sans le toucher.<\/p>\n<p>Mais quand le policier met pied \u00e0 terre pour interpeller les fuyards, l\u2019un d\u2019eux l\u2019accroche. Le fonctionnaire est tra\u00een\u00e9 sur plusieurs m\u00e8tres avant de finir sa course encastr\u00e9 dans du mobilier urbain. Il s\u2019en sort avec des douleurs cervicales, une entorse \u00e0 la cheville et des blessures superficielles.<\/p>\n<p>  Deux mineurs interpell\u00e9s<\/p>\n<p>Les deux fuyards sont ensuite arr\u00eat\u00e9s en possession de produits stup\u00e9fiants. Ils sont tous les deux mineurs.<\/p>\n<p>L\u2019auteur des faits sur le policier est convoqu\u00e9 devant le tribunal.<\/p>\n<p>Le syndicat Alliance Police Nationale a communiqu\u00e9 sur cette affaire. Il s\u2019insurge et r\u00e9clame \u00ab\u00a0un v\u00e9ritable \u00e9lectrochoc d\u2019autorit\u00e9\u00a0\u00bb rappelant au passage qu\u2019un \u00ab \u00a0refus d\u2019obtemp\u00e9rer est commis en France toutes les vingt minutes\u00a0\u00bb.<\/p>\n","protected":false},"excerpt":{"rendered":"Un policier de la BAC a \u00e9t\u00e9 tra\u00een\u00e9 sur plusieurs m\u00e8tres par un scooter avenue Lacassagne, vendredi 17\u00a0octobre&hellip;\n","protected":false},"author":2,"featured_media":473149,"comment_status":"","ping_status":"","sticky":false,"template":"","format":"standard","meta":{"footnotes":""},"categories":[1889],"tags":[1111,11,2430,271,272,2757,1777,674,274,107,1011,27,2428,12,25,2429],"class_list":{"0":"post-473148","1":"post","2":"type-post","3":"status-publish","4":"format-standard","5":"has-post-thumbnail","7":"category-lyon","8":"tag-actu","9":"tag-actualites","10":"tag-auvergne-rhone-alpes","11":"tag-crime","12":"tag-delit-et-contravention","13":"tag-edition-lyon-villeurbanne","14":"tag-eu","15":"tag-europe","16":"tag-faits-divers-justice","17":"tag-fil-info","18":"tag-fr","19":"tag-france","20":"tag-lyon","21":"tag-news","22":"tag-republique-francaise","23":"tag-rhone"},"share_on_mastodon":{"url":"https:\/\/pubeurope.com\/@fr\/115396761880137160","error":""},"_links":{"self":[{"href":"https:\/\/www.europesays.com\/fr\/wp-json\/wp\/v2\/posts\/473148","targetHints":{"allow":["GET"]}}],"collection":[{"href":"https:\/\/www.europesays.com\/fr\/wp-json\/wp\/v2\/posts"}],"about":[{"href":"https:\/\/www.europesays.com\/fr\/wp-json\/wp\/v2\/types\/post"}],"author":[{"embeddable":true,"href":"https:\/\/www.europesays.com\/fr\/wp-json\/wp\/v2\/users\/2"}],"replies":[{"embeddable":true,"href":"https:\/\/www.europesays.com\/fr\/wp-json\/wp\/v2\/comments?post=473148"}],"version-history":[{"count":0,"href":"https:\/\/www.europesays.com\/fr\/wp-json\/wp\/v2\/posts\/473148\/revisions"}],"wp:featuredmedia":[{"embeddable":true,"href":"https:\/\/www.europesays.com\/fr\/wp-json\/wp\/v2\/media\/473149"}],"wp:attachment":[{"href":"https:\/\/www.europesays.com\/fr\/wp-json\/wp\/v2\/media?parent=473148"}],"wp:term":[{"taxonomy":"category","embeddable":true,"href":"https:\/\/www.europesays.com\/fr\/wp-json\/wp\/v2\/categories?post=473148"},{"taxonomy":"post_tag","embeddable":true,"href":"https:\/\/www.europesays.com\/fr\/wp-json\/wp\/v2\/tags?post=473148"}],"curies":[{"name":"wp","href":"https:\/\/api.w.org\/{rel}","templated":true}]}}