{"id":473157,"date":"2025-10-18T19:18:15","date_gmt":"2025-10-18T19:18:15","guid":{"rendered":"https:\/\/www.europesays.com\/fr\/473157\/"},"modified":"2025-10-18T19:18:15","modified_gmt":"2025-10-18T19:18:15","slug":"il-faut-proteger-lesthetique-de-paris-lassociation-de-defense-du-patrimoine-veut-peser-sur-les-municipales","status":"publish","type":"post","link":"https:\/\/www.europesays.com\/fr\/473157\/","title":{"rendered":"\u00ab\u00a0Il faut prot\u00e9ger l\u2019esth\u00e9tique de Paris\u00a0\u00bb\u00a0: l\u2019association de d\u00e9fense du patrimoine veut peser sur les municipales"},"content":{"rendered":"<p class=\"paragraph text_align_left lp-f-body-02\">Le patrimoine parisien est-il menac\u00e9 ? C\u2019est le sentiment de Patrice Maire, le pr\u00e9sident de l\u2019association Monts14. Depuis des d\u00e9cennies maintenant, il encha\u00eene les bras de fer avec la mairie de Paris pour lutter contre ce qu\u2019il appelle la \u00ab b\u00e9tonisation \u00bb et la d\u00e9figuration de la capitale. Apr\u00e8s avoir essay\u00e9 de faire capoter <a href=\"https:\/\/www.leparisien.fr\/paris-75\/tour-triangle-decouvrez-a-quoi-ressemblera-la-pyramide-parisienne-une-fois-terminee-03-06-2025-PVSWJN56JNEFHB5YXUWJE7MNRQ.php\" target=\"_self\" rel=\"nofollow noopener\">le projet de Tour Triangle de la porte de Versailles (XVe)<\/a>, il a m\u00eame d\u00e9cid\u00e9 d\u2019attaquer <a href=\"https:\/\/www.leparisien.fr\/paris-75\/garantir-la-vie-humaine-dans-notre-ville-au-conseil-de-paris-lurgence-climatique-echauffe-les-debats-20-11-2024-5MXNTWLHWBAM3HNBPLMNGWVAJA.php\" target=\"_self\" rel=\"nofollow noopener\">le nouveau plan local d\u2019urbanisme (PLU)<\/a> devant le tribunal administratif.<\/p>\n<p class=\"paragraph text_align_left lp-f-body-02\">\u00ab Ils n\u2019ont pas tenu compte de mon travail pour leur nouveau PLU \u00bb, regrette Patrice Maire. Ce samedi, \u00e0 six mois des municipales, le pr\u00e9sident d\u2019association a organis\u00e9 une visite guid\u00e9e pour attirer l\u2019attention sur l\u2019histoire du quartier de la rue Hall\u00e9 et demander le classement des maisons et villas nich\u00e9es entre l\u2019avenue du G\u00e9n\u00e9ral-Leclerc et l\u2019avenue Ren\u00e9-Coty.<\/p>\n<p><img decoding=\"async\" class=\"image \" loading=\"lazy\" src=\"https:\/\/www.europesays.com\/fr\/wp-content\/uploads\/2025\/10\/VU67XEP5ORBENALOTV75X7VHWA.jpg\" alt=\"Paris (XIVe), ce samedi. La visite guid\u00e9e a conduit ses participants \u00e0 la d\u00e9couverte des maisons et villas nich\u00e9es entre l\u2019avenue du G\u00e9n\u00e9ral-Leclerc et l\u2019avenue Ren\u00e9-Coty. LP\/M.-A.G.\" align=\"\" data-rubrique-principale=\"\" data-article-type=\"\" fetchpriority=\"auto\"\/>Paris (XIVe), ce samedi. La visite guid\u00e9e a conduit ses participants \u00e0 la d\u00e9couverte des maisons et villas nich\u00e9es entre l\u2019avenue du G\u00e9n\u00e9ral-Leclerc et l\u2019avenue Ren\u00e9-Coty. LP\/M.-A.G.<\/p>\n<p class=\"paragraph text_align_left lp-f-body-02\">\u00ab Il faut prot\u00e9ger l\u2019esth\u00e9tique de Paris \u00bb, insiste Patrice Maire en d\u00e9ambulant avec une poign\u00e9e de riverains venus \u00e9couter ses connaissances sur le quartier. \u00ab La Fondation Cartier est partie, le site de Saint-Vincent-de-Paul est totalement d\u00e9figur\u00e9\u2026 : le XIVe \u00e9volue mal \u00bb, soupire J\u00e9r\u00f4me, un habitant de l\u2019arrondissement venu se greffer sur la visite guid\u00e9e.<\/p>\n<p class=\"paragraph text_align_left lp-f-body-02\">Protection des dents creuses, des petits \u00eelots verts, des abords des monuments\u2026 \u00ab Il faut mettre plus de garde-fous pour respecter le style d\u2019une rue \u00bb, mart\u00e8le le pr\u00e9sident de Monts14 en s\u2019arr\u00eatant devant <a href=\"https:\/\/www.leparisien.fr\/paris-75\/paris-les-defenseurs-de-l-environnement-veulent-sauver-le-jardin-de-la-maison-du-carrier-19-08-2020-8370003.php\" target=\"_self\" rel=\"nofollow noopener\">un programme immobilier<\/a> en cours de construction \u00e0 l\u2019angle de la rue Hall\u00e9 et de la rue R\u00e9my-Dumoncel contre lequel il a bataill\u00e9. \u00ab Il y avait de beaux arbres ici, maintenant, tout a disparu \u00bb, soupire un voisin.<\/p>\n<p><img decoding=\"async\" class=\"image \" loading=\"lazy\" src=\"https:\/\/www.europesays.com\/fr\/wp-content\/uploads\/2025\/10\/BQ5NDOYVBFFAPIUVB55KULMB7I.jpg\" alt=\"Paris (XIVe), ce samedi. \u00c0 l'angle de la rue Hall\u00e9 et de la rue R\u00e9my-Dumoncel, dans l'ancienne maison du Carrier, un projet immobilier a fait dispara\u00eetre un petit jardin malgr\u00e9 la mobilisation des riverains. LP\/M.-A.G.\" align=\"\" data-rubrique-principale=\"\" data-article-type=\"\" fetchpriority=\"auto\"\/>Paris (XIVe), ce samedi. \u00c0 l&rsquo;angle de la rue Hall\u00e9 et de la rue R\u00e9my-Dumoncel, dans l&rsquo;ancienne maison du Carrier, un projet immobilier a fait dispara\u00eetre un petit jardin malgr\u00e9 la mobilisation des riverains. LP\/M.-A.G.<\/p>\n<p class=\"paragraph text_align_left lp-f-body-02\">\u00ab Il faut continuer de faire en sorte que ces quartiers \u00e0 taille humaine soient pr\u00e9serv\u00e9s, il ne faut pas perdre nos petits villages \u00bb approuve Yannick Debain, un riverain membre du comit\u00e9 de soutien de Pierre-Yves Bournazel (Horizons), candidat \u00e0 la mairie de Paris qui a r\u00e9pondu \u00e0 l\u2019invitation de Patrice Maire.<\/p>\n<p><img decoding=\"async\" class=\"image \" loading=\"lazy\" src=\"https:\/\/www.europesays.com\/fr\/wp-content\/uploads\/2025\/10\/KIJCDULHU5GSXPIMSVJ3XBIP4M.jpg\" alt=\"Paris (XIVe), ao\u00fbt 2020. Il y a cinq ans, l'association Monts 14 avait lanc\u00e9 une p\u00e9tition pour d\u00e9noncer &quot;un projet inadmissible qui ne respecte ni le patrimoine architectural, ni l\u2019histoire du quartier, ni son charme, ni un espace vert qui offre une respiration&quot;. LP\/Elodie Souli\u00e9\" align=\"\" data-rubrique-principale=\"\" data-article-type=\"\" fetchpriority=\"auto\"\/>Paris (XIVe), ao\u00fbt 2020. Il y a cinq ans, l&rsquo;association Monts 14 avait lanc\u00e9 une p\u00e9tition pour d\u00e9noncer \u00ab\u00a0un projet inadmissible qui ne respecte ni le patrimoine architectural, ni l\u2019histoire du quartier, ni son charme, ni un espace vert qui offre une respiration\u00a0\u00bb. LP\/Elodie Souli\u00e9<\/p>\n<p class=\"paragraph text_align_left lp-f-body-02\">D\u00e8s samedi prochain, le pr\u00e9sident de Monts14 reprendra son b\u00e2ton de p\u00e8lerin pour aller jusqu\u2019\u00e0 la nouvelle adresse de la Fondation Cartier rue du Louvre (Ier) : \u00ab Ils ont compl\u00e8tement d\u00e9soss\u00e9 l\u2019immeuble pour faire du fa\u00e7adisme. C\u2019est une horreur embl\u00e9matique ! Il faut arr\u00eater de d\u00e9figurer les rues comme \u00e7a ! \u00bb Il a encore six mois pour rallier les Parisiens \u00e0 sa cause et tenter de peser sur les promesses \u00e9lectorales des candidats \u00e0 la mairie de Paris.<\/p>\n","protected":false},"excerpt":{"rendered":"Le patrimoine parisien est-il menac\u00e9 ? C\u2019est le sentiment de Patrice Maire, le pr\u00e9sident de l\u2019association Monts14. Depuis&hellip;\n","protected":false},"author":2,"featured_media":473158,"comment_status":"","ping_status":"","sticky":false,"template":"","format":"standard","meta":{"footnotes":""},"categories":[1888],"tags":[11,1777,674,1011,27,1944,12,626,25],"class_list":{"0":"post-473157","1":"post","2":"type-post","3":"status-publish","4":"format-standard","5":"has-post-thumbnail","7":"category-paris","8":"tag-actualites","9":"tag-eu","10":"tag-europe","11":"tag-fr","12":"tag-france","13":"tag-ma-ville","14":"tag-news","15":"tag-paris","16":"tag-republique-francaise"},"share_on_mastodon":{"url":"https:\/\/pubeurope.com\/@fr\/115396785335943135","error":""},"_links":{"self":[{"href":"https:\/\/www.europesays.com\/fr\/wp-json\/wp\/v2\/posts\/473157","targetHints":{"allow":["GET"]}}],"collection":[{"href":"https:\/\/www.europesays.com\/fr\/wp-json\/wp\/v2\/posts"}],"about":[{"href":"https:\/\/www.europesays.com\/fr\/wp-json\/wp\/v2\/types\/post"}],"author":[{"embeddable":true,"href":"https:\/\/www.europesays.com\/fr\/wp-json\/wp\/v2\/users\/2"}],"replies":[{"embeddable":true,"href":"https:\/\/www.europesays.com\/fr\/wp-json\/wp\/v2\/comments?post=473157"}],"version-history":[{"count":0,"href":"https:\/\/www.europesays.com\/fr\/wp-json\/wp\/v2\/posts\/473157\/revisions"}],"wp:featuredmedia":[{"embeddable":true,"href":"https:\/\/www.europesays.com\/fr\/wp-json\/wp\/v2\/media\/473158"}],"wp:attachment":[{"href":"https:\/\/www.europesays.com\/fr\/wp-json\/wp\/v2\/media?parent=473157"}],"wp:term":[{"taxonomy":"category","embeddable":true,"href":"https:\/\/www.europesays.com\/fr\/wp-json\/wp\/v2\/categories?post=473157"},{"taxonomy":"post_tag","embeddable":true,"href":"https:\/\/www.europesays.com\/fr\/wp-json\/wp\/v2\/tags?post=473157"}],"curies":[{"name":"wp","href":"https:\/\/api.w.org\/{rel}","templated":true}]}}