{"id":473161,"date":"2025-10-18T19:20:14","date_gmt":"2025-10-18T19:20:14","guid":{"rendered":"https:\/\/www.europesays.com\/fr\/473161\/"},"modified":"2025-10-18T19:20:14","modified_gmt":"2025-10-18T19:20:14","slug":"la-guerre-invisible-de-la-russie-les-decharges-ont-dure-une-dizaine-de-minutes-jusqua-ce-que-je-perde-connaissance","status":"publish","type":"post","link":"https:\/\/www.europesays.com\/fr\/473161\/","title":{"rendered":"La guerre invisible de la Russie: \u00ab\u00a0Les d\u00e9charges ont dur\u00e9 une dizaine de minutes jusqu&rsquo;\u00e0 ce que je perde connaissance\u00a0\u00bb"},"content":{"rendered":"<p class=\"text-left ap-StoryElement ap-StoryElement--mb ap-StoryText\">Depuis 2022, des dizaines de milliers d&rsquo;enfants ukrainiens ont ainsi \u00e9t\u00e9 arrach\u00e9s \u00e0 leurs foyers et transf\u00e9r\u00e9s en Russie, ou dans des camps en <a href=\"https:\/\/www.lalibre.be\/international\/europe\/guerre-ukraine-russie\/2025\/04\/28\/la-crimee-reconnue-russe-un-seisme-pour-lordre-international-en-3-questions-O3QKR4NK5ZGP3BG3WQVZ6BG5UQ\/\" target=\"_blank\" rel=\"noopener\">Crim\u00e9e<\/a>. En mars 2023, le gouvernement ukrainien avait recens\u00e9 19 546 cas et, en juin 2025, le Conflict Observatory, rattach\u00e9 \u00e0 l&rsquo;Universit\u00e9 de Yale, estimait leur nombre \u00e0 pr\u00e8s de 35 000.<\/p>\n<p class=\"text-left ap-StoryElement ap-StoryElement--mb ap-StoryText\">Selon de nombreux experts, ce chiffre s&rsquo;inscrit dans une strat\u00e9gie de russification syst\u00e9matique des enfants des territoires occup\u00e9s. La Cour p\u00e9nale internationale a d&rsquo;ailleurs qualifi\u00e9 ces enl\u00e8vements de crimes de guerre et \u00e9mis, le 17 mars 2023, des mandats d&rsquo;arr\u00eat contre Vladimir Poutine et Maria Lvova-Belova, commissaire russe aux droits de l&rsquo;enfant.<\/p>\n<p><a href=\"https:\/\/www.lalibre.be\/international\/europe\/guerre-ukraine-russie\/2024\/07\/10\/nous-avons-rencontre-maria-lvova-belova-la-russe-accusee-dorganiser-la-deportation-denfants-ukrainiens-YKW5DH4WJJBYVKMBC6QFW5HB3I\/\" target=\"_blank\" rel=\"noopener noreferrer\" class=\"ap-StoryInterstitialLink ap-StoryElement ap-StoryElement--mb\">Nous avons rencontr\u00e9 Maria Lvova-Belova, la Russe accus\u00e9e d&rsquo;organiser la d\u00e9portation d&rsquo;enfants ukrainiens: voici comment elle tente de se justifier<\/a>Des discours glorifiant la Russie<\/p>\n<p class=\"text-left ap-StoryElement ap-StoryElement--mb ap-StoryText\">Originaire de Nova Kakhovka, Valeria vivait chez ses grands-parents. \u00c0 l&rsquo;automne 2022, les autorit\u00e9s d&rsquo;occupation les ont convoqu\u00e9s. \u00ab\u00a0On leur a dit qu&rsquo;avec d&rsquo;autres enfants, je devais rejoindre ce camp pour deux semaines, soi-disant pour ma s\u00e9curit\u00e9. J&rsquo;y suis rest\u00e9e deux mois. Les parents de la ville signaient des autorisations sous la pression de l&rsquo;administration des occupants.\u00a0\u00bb<\/p>\n<p class=\"text-left ap-StoryElement ap-StoryElement--mb ap-StoryText\">Valeria d\u00e9crit ce camp comme un ancien pensionnat d\u00e9labr\u00e9 : chambres communes, toilettes collectives, gardes arm\u00e9s. Chaque matin, les enfants devaient chanter l&rsquo;hymne russe devant le drapeau blanc, bleu, rouge. Les journ\u00e9es \u00e9taient rythm\u00e9es par des activit\u00e9s et des cours de propagande. \u00ab\u00a0Cela finissait toujours par des discours glorifiant la Russie et l&rsquo;annexion de la Crim\u00e9e. On disait aux plus jeunes que leurs parents ne voulaient plus d&rsquo;eux. Certains comprenaient que tout cela \u00e9tait de la propagande. D&rsquo;autres y croyaient, mais toute opposition \u00e9tait jug\u00e9e hostile, il valait mieux se taire\u00a0\u00bb, raconte-t-elle.<\/p>\n<p><img loading=\"lazy\" decoding=\"async\" class=\"w-full lazyload lazyload--opacity object-contain\" style=\"aspect-ratio:150 \/ 100;opacity:1\" alt=\"Des dessins d'enfants revenus des territoires occup\u00e9s d'Ukraine sur les murs du centre Espoir et Gu\u00e9rison de l'ONG Save Ukraine, qui aide les familles, enfants et jeunes adultes \u00e0 se reconstruire apr\u00e8s des mois et ann\u00e9es de vie sous occupation.\" width=\"768\" height=\"512\" fetchpriority=\"auto\" src=\"https:\/\/www.europesays.com\/fr\/wp-content\/uploads\/2025\/04\/S5VKD3X55FFF3BW6V4SEHXNP7I.png\"  data- data-optimumx=\"1\"\/>Des dessins d&rsquo;enfants revenus des territoires occup\u00e9s d&rsquo;Ukraine sur les murs du centre Espoir et Gu\u00e9rison de l&rsquo;ONG Save Ukraine, qui aide les familles, enfants et jeunes adultes \u00e0 se reconstruire apr\u00e8s des mois et ann\u00e9es de vie sous occupation. \u00a9Virginie Nguyen Hoang \/ HL\/HUMA<\/p>\n<p class=\"text-left ap-StoryElement ap-StoryElement--mb ap-StoryText\">Le r\u00e9seau t\u00e9l\u00e9phonique \u00e9tant quasi inexistant, il \u00e9tait presque impossible de joindre les familles, qui devaient venir sur place pour r\u00e9cup\u00e9rer leur enfant. Apr\u00e8s deux mois, la grand-m\u00e8re de Valeria a finalement r\u00e9ussi \u00e0 la faire sortir, avant qu&rsquo;elles ne trouvent refuge chez des amis \u00e0 Henitchesk, ville occup\u00e9e dans la r\u00e9gion de Kherson. \u00ab\u00a0Je me suis inscrite \u00e0 des cours en ligne et j&rsquo;ai pr\u00e9par\u00e9 mes papiers pour partir. \u00c0 17 ans, j&rsquo;ai travers\u00e9 seule la fronti\u00e8re entre Belgorod et Soumy, c&rsquo;\u00e9tait l&rsquo;\u00e9t\u00e9 2023.\u00a0\u00bb \u00c0 son arriv\u00e9e, Valeria a \u00e9t\u00e9 prise en charge par un centre de protection de l&rsquo;enfance, et une b\u00e9n\u00e9vole de l&rsquo;association Voices of Children devenue sa tutrice.<\/p>\n<blockquote class=\"ap-StoryQuote ap-StoryQuote--pullquote\"><p>guillement<\/p>\n<p class=\"ap-StoryQuote-text\">Les premiers jours, on est heureux d&rsquo;\u00eatre libre, puis il faut r\u00e9apprendre \u00e0 vivre, \u00e0 faire confiance, \u00e0 ne plus avoir peur&#8230;<\/p>\n<\/blockquote>\n<p class=\"text-left ap-StoryElement ap-StoryElement--mb ap-StoryText\">Elle suit d\u00e9sormais une th\u00e9rapie. \u00ab\u00a0Les premiers jours, on est heureux d&rsquo;\u00eatre libre, puis il faut r\u00e9apprendre \u00e0 vivre, \u00e0 faire confiance, \u00e0 ne plus avoir peur\u2026\u00a0\u00bb Aujourd&rsquo;hui install\u00e9e \u00e0 Kiev, elle \u00e9tudie pour devenir secouriste.<\/p>\n<p><a href=\"https:\/\/www.lalibre.be\/international\/2022\/11\/24\/la-strategie-de-terreur-russe-ces-pratiques-relevent-tres-clairement-de-lordre-du-genocide-ERQPVYR5V5GS5HOJPVHBW462VE\/\" target=\"_blank\" rel=\"noopener noreferrer\" class=\"ap-StoryInterstitialLink ap-StoryElement ap-StoryElement--mb\">Guerre en Ukraine : \u00ab\u00a0Les Russes volent nos enfants !\u00a0\u00bb<\/a><\/p>\n<p class=\"text-left ap-StoryElement ap-StoryElement--mb ap-StoryText\">Comme elle, des milliers d&rsquo;enfants subissent une \u00ab\u00a0r\u00e9\u00e9ducation\u00a0\u00bb ou sont confi\u00e9s \u00e0 des familles russes dans le cadre d&rsquo;un programme d&rsquo;adoption assorti d&rsquo;un changement d&rsquo;identit\u00e9.<\/p>\n<p>Interrogatoire et torture<\/p>\n<p class=\"text-left ap-StoryElement ap-StoryElement--mb ap-StoryText\">Face \u00e0 cette urgence, des programmes de rapatriement, chapeaut\u00e9s par l&rsquo;organisation Bring Kids Back UA, une initiative lanc\u00e9e en 2023 par la pr\u00e9sidence ukrainienne, ont d\u00e9j\u00e0 permis \u00e0 1 694 enfants d&rsquo;\u00eatre ramen\u00e9s en Ukraine. \u00c0 leur retour, ils b\u00e9n\u00e9ficient d&rsquo;un accompagnement m\u00e9dical, psychologique et social, notamment gr\u00e2ce \u00e0 l&rsquo;ONG Save Ukraine.<\/p>\n<p class=\"text-left ap-StoryElement ap-StoryElement--mb ap-StoryText\">L&rsquo;un d&rsquo;eux, Sacha (pr\u00e9nom d&#8217;emprunt), 19 ans, est revenu des territoires occup\u00e9s de Zaporijjia le 24 ao\u00fbt 2025. Il n&rsquo;a pas connu les camps de r\u00e9\u00e9ducation, mais a subi la torture alors qu&rsquo;il n&rsquo;avait que 16 ans. D\u00e8s l&rsquo;arriv\u00e9e des troupes russes dans sa ville, Sacha s&rsquo;est insurg\u00e9 contre leur pr\u00e9sence et leurs actes. Il a alors r\u00e9uni huit amis partageant les m\u00eames convictions pour mener de petites actions de r\u00e9sistance<b>, <\/b>comme d\u00e9crocher les drapeaux russes des b\u00e2timents administratifs ou coller des tracts.<\/p>\n<p><img loading=\"lazy\" decoding=\"async\" class=\"w-full lazyload lazyload--opacity object-contain\" style=\"aspect-ratio:150 \/ 100;opacity:1\" alt=\"Ukraine, Kiev:de Sacha, nom d'emprunt, pose dans les bureaux de l'organisation Bring Back Kids UA \u00e0 Kiev. Dans les territoires occup\u00e9s de Zaporijia, celui-ci a subi interrogatoires, coups, torture \u00e0 l'\u00e9lectricit\u00e9, pression psychologique et emprisonement par les forces russes pendant 2 mois alors qu'il n'avait que 16 ans,  le 4 octobre 2025.  Photographie de Virginie Nguyen Hoang \/ HL\/HUMA\" width=\"768\" height=\"512\" fetchpriority=\"auto\" src=\"https:\/\/www.europesays.com\/fr\/wp-content\/uploads\/2025\/04\/S5VKD3X55FFF3BW6V4SEHXNP7I.png\"  data- data-optimumx=\"1\"\/>Sacha, dans les bureaux de l&rsquo;organisation Bring Back Kids UA \u00e0 Kiev, le 4 octobre 2025. \u00a9Virginie Nguyen Hoang \/ HL\/HUMA<\/p>\n<p class=\"text-left ap-StoryElement ap-StoryElement--mb ap-StoryText\">\u00ab\u00a0Mais le 3 mai 2022, la police collaborant avec les Russes nous a arr\u00eat\u00e9s.\u00a0\u00bb Apr\u00e8s un premier interrogatoire, il se retrouve face au FSB, l&rsquo;agence de s\u00e9curit\u00e9 russe. \u00ab\u00a0Ils ont commenc\u00e9 \u00e0 me frapper aux reins, aux c\u00f4tes, parfois \u00e0 la t\u00eate. Ensuite, ils m&rsquo;ont forc\u00e9 \u00e0 les conduire jusqu&rsquo;\u00e0 notre lieu de r\u00e9union, une arme point\u00e9e sur la tempe\u00a0\u00bb, raconte Sacha. Ne trouvant rien, les agents l&rsquo;ont ramen\u00e9 dans leur salle d&rsquo;interrogatoire, l&rsquo;ont allong\u00e9 de force au sol et ont reli\u00e9 ses doigts \u00e0 un c\u00e2ble \u00e9lectrique. \u00ab\u00a0C&rsquo;\u00e9tait tr\u00e8s douloureux. Les d\u00e9charges ont dur\u00e9 une dizaine de minutes, jusqu&rsquo;\u00e0 ce que je perde connaissance. Ensuite, ils m&rsquo;ont jet\u00e9 en cellule.\u00a0\u00bb<\/p>\n<p><a href=\"https:\/\/www.lalibre.be\/international\/europe\/guerre-ukraine-russie\/2025\/10\/15\/apres-un-accord-sur-gaza-au-tour-de-lukraine-rouler-des-mecaniques-en-russie-naura-pas-leffet-escompte-DGNORYKNKBCJXGUQ5HFL4S42YA\/\" target=\"_blank\" rel=\"noopener noreferrer\" class=\"ap-StoryInterstitialLink ap-StoryElement ap-StoryElement--mb\">Apr\u00e8s un accord sur Gaza, au tour de l&rsquo;Ukraine ? \u00ab\u00a0Rouler des m\u00e9caniques en Russie n&rsquo;aura pas l&rsquo;effet escompt\u00e9\u00a0\u00bb<\/a><\/p>\n<p class=\"text-left ap-StoryElement ap-StoryElement--mb ap-StoryText\">Pendant deux mois, il a subi de multiples violations du droit international humanitaire et de la Convention relative aux droits de l&rsquo;enfant. Il a \u00e9t\u00e9 menac\u00e9 de mort s&rsquo;il refusait de signer des documents l&rsquo;accusant de fabriquer des cocktails Molotov. Il partageait une cellule pr\u00e9vue pour deux personnes avec sept autres d\u00e9tenus. Prendre une douche \u00e9tait impossible, et sa survie d\u00e9pendait de la nourriture apport\u00e9e par sa famille. \u00ab\u00a0Je pensais ne jamais sortir. Parfois, j&rsquo;avais envie d&rsquo;en finir\u00a0\u00bb, confie-t-il.<\/p>\n<blockquote class=\"ap-StoryQuote ap-StoryQuote--pullquote\"><p>guillement<\/p>\n<p class=\"ap-StoryQuote-text\">Je pensais ne jamais sortir. Parfois, j&rsquo;avais envie d&rsquo;en finir.<\/p>\n<\/blockquote>\n<p class=\"text-left ap-StoryElement ap-StoryElement--mb ap-StoryText\">Un \u00e9v\u00e9nement impr\u00e9vu le sauve : les agents du FSB en charge de son dossier meurent dans une explosion, emportant les preuves. Sacha est rel\u00e2ch\u00e9. En conflit avec ses parents gagn\u00e9s par la propagande, il d\u00e9cide alors de partir et, \u00e0 sa majorit\u00e9, contacte le bureau de l&rsquo;Ombudsman ukrainien, Dmytro Lubinets. \u00ab\u00a0On m&rsquo;a aid\u00e9 \u00e0 obtenir un passeport blanc en Bi\u00e9lorussie et envoy\u00e9 de l&rsquo;argent pour rejoindre le territoire contr\u00f4l\u00e9 par l&rsquo;Ukraine.\u00a0\u00bb<\/p>\n<p><a href=\"https:\/\/www.lalibre.be\/international\/europe\/guerre-ukraine-russie\/2025\/10\/14\/guerre-en-ukraine-des-soldats-russes-auraient-ete-reperes-a-la-frontiere-estonienne-BUBO4DKXKNETJCOLLN3MBBD44Q\/\" target=\"_blank\" rel=\"noopener noreferrer\" class=\"ap-StoryInterstitialLink ap-StoryElement ap-StoryElement--mb\">Guerre en Ukraine: des soldats russes auraient \u00e9t\u00e9 rep\u00e9r\u00e9s \u00e0 la fronti\u00e8re estonienne<\/a><\/p>\n<p class=\"text-left ap-StoryElement ap-StoryElement--mb ap-StoryText\">Mais ce parcours reste p\u00e9rilleux : toute personne quittant les zones occup\u00e9es doit subir un interrogatoire du FSB, puis contourner les lignes de front, souvent en bus, parfois \u00e0 pied. \u00c0 leur arriv\u00e9e, les enfants non accompagn\u00e9s, jeunes adultes ou familles peuvent \u00eatre accueillis au centre Espoir et gu\u00e9rison de Save Ukraine, o\u00f9 ils re\u00e7oivent un h\u00e9bergement temporaire, un soutien psychologique et une aide financi\u00e8re, comme Sacha, d\u00e9sormais install\u00e9 \u00e0 Kiev avec sa copine, en attendant de trouver un emploi.<\/p>\n<p><img loading=\"lazy\" decoding=\"async\" class=\"w-full lazyload lazyload--opacity object-contain\" style=\"aspect-ratio:150 \/ 100;opacity:1\" alt=\"Ukraine, Kiev:  Artium, 3 ans, joue dans  une salle de jeu du &quot;Centre Espoir et Gu\u00e9rison&quot; de l'ONG Save Ukraine. Celui-ci a v\u00e9cu 3 ans sous occupation dans la ville d'Oleshki, dans la r\u00e9gion de Kherson. Au mois d'ao\u00fbt, une roquette s'est abbatue sur sa maison, tuant sa m\u00e8re et blessant gravement son p\u00e8re qui a du \u00eatre amput\u00e9 d'une jambe. Save Ukraine les a alors aid\u00e9 \u00e0 \u00e9vacuer cette zone occup\u00e9e pour que son p\u00e8re puisse recevoir les soins appropri\u00e9s et s'occuper de son fils, le 22 septembre 2025.  Photographie de Virginie Nguyen Hoang \/ HL\/HUMA\" width=\"768\" height=\"512\" fetchpriority=\"auto\" src=\"https:\/\/www.europesays.com\/fr\/wp-content\/uploads\/2025\/04\/S5VKD3X55FFF3BW6V4SEHXNP7I.png\"  data- data-optimumx=\"1\"\/>Artium, 3 ans, joue dans une salle de jeu du centre Espoir et gu\u00e9rison de l&rsquo;ONG Save Ukraine, le 22 septembre 2025. Il a v\u00e9cu trois ans sous occupation dans la ville d&rsquo;Oleshki, dans la r\u00e9gion de Kherson. Au mois d&rsquo;ao\u00fbt, une roquette s&rsquo;est abattue sur sa maison, tuant sa m\u00e8re et blessant gravement son p\u00e8re qui a du \u00eatre amput\u00e9 d&rsquo;une jambe. Save Ukraine les a alors aid\u00e9s \u00e0 \u00e9vacuer cette zone occup\u00e9e pour que son p\u00e8re puisse recevoir les soins appropri\u00e9s et s&rsquo;occuper de son fils. \u00a9Virginie Nguyen Hoang \/ HL\/HUMA<\/p>\n<p class=\"text-left ap-StoryElement ap-StoryElement--mb ap-StoryText\">\u00ab\u00a0Les gens arrivent \u00e9puis\u00e9s. Chacun rencontre un psychologue pour \u00e9valuer ses besoins. Nous fournissons aussi repas, soins et cours de rattrapage pour les enfants\u00a0\u00bb, explique Anya, qui travaille pour le centre. Situ\u00e9 dans la banlieue de Kiev, Espoir et gu\u00e9rison comprend une dizaine de maisonnettes et des dortoirs. Ouvert en 2023 gr\u00e2ce \u00e0 des dons et des subsides, il accueille les r\u00e9fugi\u00e9s entre deux semaines et neuf mois, le temps de retrouver un foyer.<\/p>\n<p><a href=\"https:\/\/www.lalibre.be\/international\/europe\/guerre-ukraine-russie\/2025\/10\/14\/guerre-en-ukraine-le-kremlin-se-prepare-a-mobiliser-des-reservistes-volontaires-une-premiere-X7NMUVYIL5APLJ3V2TH5TFWOOU\/\" target=\"_blank\" rel=\"noopener noreferrer\" class=\"ap-StoryInterstitialLink ap-StoryElement ap-StoryElement--mb\">Guerre en Ukraine : le Kremlin se pr\u00e9pare \u00e0 mobiliser des r\u00e9servistes volontaires, une premi\u00e8re<\/a>Des dossiers d\u00e9pos\u00e9s \u00e0 la CPI<\/p>\n<p class=\"text-left ap-StoryElement ap-StoryElement--mb ap-StoryText\">Une fois stabilis\u00e9s, les rescap\u00e9s b\u00e9n\u00e9ficient aussi d&rsquo;un accompagnement juridique pour constituer des dossiers destin\u00e9s \u00e0 la justice internationale. Ces enqu\u00eates sont men\u00e9es par plusieurs organisations, dont The Reckoning Project, une \u00e9quipe de journalistes et de juristes qui recueille et transmet des preuves de crimes de guerre. Depuis trois ans, le projet a collect\u00e9 pr\u00e8s de 600 t\u00e9moignages v\u00e9rifi\u00e9s, contribuant \u00e0 des dossiers d\u00e9pos\u00e9s aupr\u00e8s de la Cour p\u00e9nale internationale et de plusieurs organes de l&rsquo;Onu.<\/p>\n<p class=\"text-left ap-StoryElement ap-StoryElement--mb ap-StoryText\">Parmi eux, celui de Maria, 21 ans, venue de Donetsk, dans l&rsquo;est de l&rsquo;Ukraine, sous contr\u00f4le de la DNR (R\u00e9publique populaire de Donetsk) depuis 2014. \u00ab\u00a0J&rsquo;avais 9 ans et je ne r\u00e9alisais pas encore ce qui se passait\u00a0\u00bb, raconte-t-elle, aujourd&rsquo;hui \u00e0 Kharkiv. La jeune femme, aux cheveux roses, a quitt\u00e9 seule la ville de Donetsk. \u00ab\u00a0En octobre 2023, il restait un corridor d&rsquo;\u00e9vacuation de la Russie vers Soumy, maintenant ferm\u00e9.\u00a0\u00bb<\/p>\n<p><img loading=\"lazy\" decoding=\"async\" class=\"w-full lazyload lazyload--opacity object-contain\" style=\"aspect-ratio:150 \/ 100;opacity:1\" alt=\"Ukraine, Kharkiv: Maria, 21 ans, pose dans une rue de Kharkiv, dans le nord de l'Ukraine. Celle-ci a v\u00e9cu 10 ans dans la ville de Donetsk sous occupation russe depuis 2014. Depuis ses 17 ans, la jeune femme affiche sa position pro-ukrainienne ce qui repr\u00e9sentait un danger pour elle \u00e0 Donetsk. D\u00e8s ses 18 ans, celle-ci a d\u00e9cid\u00e9 de partir et rejoindre, apr\u00e8s un long et stressant p\u00e9riple, les territoires control\u00e9s par l'arm\u00e9e ukrainienne, le 24 septembre 2025. Photographie de Virginie Nguyen Hoang \/ HL\/HUMA\" width=\"768\" height=\"512\" fetchpriority=\"auto\" src=\"https:\/\/www.europesays.com\/fr\/wp-content\/uploads\/2025\/04\/S5VKD3X55FFF3BW6V4SEHXNP7I.png\"  data- data-optimumx=\"1\"\/>Maria, 21 ans, dans une rue de Kharkiv, le 24 septembre 2025. \u00a9Virginie Nguyen Hoang \/ HL\/HUMA<\/p>\n<p class=\"text-left ap-StoryElement ap-StoryElement--mb ap-StoryText\">Malgr\u00e9 dix ans de propagande, elle n&rsquo;a jamais reni\u00e9 son identit\u00e9. \u00ab\u00a0\u00c0 l&rsquo;\u00e9cole, on disait que Donetsk n&rsquo;avait jamais appartenu \u00e0 l&rsquo;Ukraine. On ne nous enseignait plus la langue ukrainienne. En 2022, j&rsquo;ai commenc\u00e9 \u00e0 chercher la v\u00e9rit\u00e9 en installant un VPN sur mon ordinateur. Peu \u00e0 peu, je me suis d\u00e9tach\u00e9e de ma famille et de mes amis, qui refusaient d&rsquo;entendre parler de l&rsquo;Ukraine. Je me sentais extr\u00eamement seule. \u00c0 l&rsquo;\u00e9cole, le directeur voulait que je dessine les symboles \u00ab\u00a0Z\u00a0\u00bb et \u00ab\u00a0V\u00a0\u00bb, embl\u00e8mes de l&rsquo;arm\u00e9e russe, pour la remise des dipl\u00f4mes. J&rsquo;ai refus\u00e9, et j&rsquo;ai \u00e9t\u00e9 menac\u00e9e.\u00a0\u00bb Aujourd&rsquo;hui, malgr\u00e9 une r\u00e9adaptation difficile, Maria enseigne dans une \u00e9cole primaire et esp\u00e8re poursuivre des \u00e9tudes artistiques \u00e0 Kiev.<\/p>\n<p><a href=\"https:\/\/www.lalibre.be\/international\/europe\/guerre-ukraine-russie\/2025\/10\/17\/tomahawk-ou-pas-tomahawk-volodymyr-zelensky-tente-de-convaincre-donald-trump-HZFATWWEWZFZJPHWY4BRPOI54E\/\" target=\"_blank\" rel=\"noopener noreferrer\" class=\"ap-StoryInterstitialLink ap-StoryElement ap-StoryElement--mb\">Tomahawk, ou pas Tomahawk ? Volodymyr Zelensky esp\u00e8re convaincre Donald Trump<\/a>Un univers dystopique<\/p>\n<p class=\"text-left ap-StoryElement ap-StoryElement--mb ap-StoryText\">D\u00e9portations, enl\u00e8vements, tortures, intimidations et endoctrinement v\u00e9cus par Valeria, Sacha et Maria constituent, selon l&rsquo;association fran\u00e7aise \u00ab\u00a0Pour l&rsquo;Ukraine, pour leur libert\u00e9 et la n\u00f4tre !\u00a0\u00bb, un programme syst\u00e9matique mis en \u0153uvre par le gouvernement russe. Depuis sa cr\u00e9ation en 2022, cette ONG m\u00e8ne une campagne active contre la d\u00e9portation et la russification des enfants ukrainiens. Elle recueille des preuves, publie des tribunes et d\u00e9pose des plaintes aupr\u00e8s de la Cour p\u00e9nale internationale, d\u00e9non\u00e7ant un plan organis\u00e9 au plus haut niveau, notamment par des responsables du parti Russie Unie.<\/p>\n<blockquote class=\"ap-StoryQuote ap-StoryQuote--blockquote\">\n<p class=\"ap-StoryQuote-text\">D\u00e9portations, enl\u00e8vements, tortures, intimidations et endoctrinement v\u00e9cus par Valeria, Sacha et Maria constituent, selon l&rsquo;association fran\u00e7aise Pour l&rsquo;Ukraine, pour leur libert\u00e9 et la n\u00f4tre, un programme syst\u00e9matique mis en \u0153uvre par le gouvernement russe.<\/p>\n<\/blockquote>\n<p class=\"text-left ap-StoryElement ap-StoryElement--mb ap-StoryText\">\u00ab\u00a0En ce qui concerne les d\u00e9portations, nous avons constat\u00e9 que toutes les op\u00e9rations sont relat\u00e9es sur les comptes Telegram de <a href=\"https:\/\/www.lalibre.be\/international\/2023\/03\/17\/guerre-en-ukraine-maria-lvova-belova-lultra-orthodoxe-qui-reeduque-les-enfants-ukrainiens-fait-lobjet-dun-mandat-darret-international-NUZIKMZP7ZEH7PAF4YXBALRYXA\/\" target=\"_self\" rel=\"noopener\">Maria Lvova-Belova<\/a> et d&rsquo;autres acteurs russes, qui s&rsquo;en servent comme outils de propagande\u00a0\u00bb, explique Bertrand Lambolez, vice-pr\u00e9sident de l&rsquo;ONG. Ces publications cherchent \u00e0 l\u00e9gitimer les enl\u00e8vements en pr\u00e9tendant sauver les enfants des bombardements ukrainiens ou d&rsquo;un pr\u00e9tendu trafic d&rsquo;organes. Les informations sont ensuite recoup\u00e9es avec d&rsquo;autres sources et t\u00e9moignages recueillis sur le terrain, notamment \u00e0 Kherson.<\/p>\n<p><a href=\"https:\/\/www.lalibre.be\/international\/europe\/guerre-ukraine-russie\/2025\/10\/17\/et-si-elon-musk-construisait-un-tunnel-poutine-trump-pour-relier-la-russie-et-les-etats-unis-la-proposition-folle-dun-envoye-du-kremlin-WKJCLJGFQ5D3VN53JBFQOCT6LQ\/\" target=\"_blank\" rel=\"noopener noreferrer\" class=\"ap-StoryInterstitialLink ap-StoryElement ap-StoryElement--mb\">Et si Elon Musk construisait un \u00ab\u00a0tunnel Poutine-Trump\u00a0\u00bb pour relier la Russie et les \u00c9tats-Unis ? La proposition folle d&rsquo;un envoy\u00e9 du Kremlin<\/a><\/p>\n<p class=\"text-left ap-StoryElement ap-StoryElement--mb ap-StoryText\">Apr\u00e8s la lib\u00e9ration de la ville, plusieurs t\u00e9moins ont rapport\u00e9 le rapt de 48 enfants et nourrissons de l&rsquo;h\u00f4pital p\u00e9diatrique par les forces russes, un \u00e9pisode document\u00e9 par <a href=\"https:\/\/www.reuters.com\/investigates\/special-report\/ukraine-crisis-children\/\" target=\"_blank\" rel=\"noopener\">une enqu\u00eate de l&rsquo;agence Reuters.<\/a> \u00ab\u00a0Ces enqu\u00eates nous plongent dans un univers dystopique. Nous lisons les propos de criminels qui se vantent de leurs crimes en les pr\u00e9sentant comme humanitaires. Il est vital que ces responsables soient jug\u00e9s, sinon ces crimes continueront.\u00a0\u00bb<\/p>\n","protected":false},"excerpt":{"rendered":"Depuis 2022, des dizaines de milliers d&rsquo;enfants ukrainiens ont ainsi \u00e9t\u00e9 arrach\u00e9s \u00e0 leurs foyers et transf\u00e9r\u00e9s en&hellip;\n","protected":false},"author":2,"featured_media":473162,"comment_status":"","ping_status":"","sticky":false,"template":"","format":"standard","meta":{"footnotes":""},"categories":[1591],"tags":[11,59640,6105,1719,1887,12,1885,1886,132,220,59641],"class_list":{"0":"post-473161","1":"post","2":"type-post","3":"status-publish","4":"format-standard","5":"has-post-thumbnail","7":"category-russie","8":"tag-actualites","9":"tag-deportationabducted-chilren","10":"tag-droits-de-lenfant","11":"tag-enfants","12":"tag-federation-de-russie","13":"tag-news","14":"tag-russia","15":"tag-russian-federation","16":"tag-russie","17":"tag-ukraine","18":"tag-war-crimes"},"share_on_mastodon":{"url":"https:\/\/pubeurope.com\/@fr\/115396793750551687","error":""},"_links":{"self":[{"href":"https:\/\/www.europesays.com\/fr\/wp-json\/wp\/v2\/posts\/473161","targetHints":{"allow":["GET"]}}],"collection":[{"href":"https:\/\/www.europesays.com\/fr\/wp-json\/wp\/v2\/posts"}],"about":[{"href":"https:\/\/www.europesays.com\/fr\/wp-json\/wp\/v2\/types\/post"}],"author":[{"embeddable":true,"href":"https:\/\/www.europesays.com\/fr\/wp-json\/wp\/v2\/users\/2"}],"replies":[{"embeddable":true,"href":"https:\/\/www.europesays.com\/fr\/wp-json\/wp\/v2\/comments?post=473161"}],"version-history":[{"count":0,"href":"https:\/\/www.europesays.com\/fr\/wp-json\/wp\/v2\/posts\/473161\/revisions"}],"wp:featuredmedia":[{"embeddable":true,"href":"https:\/\/www.europesays.com\/fr\/wp-json\/wp\/v2\/media\/473162"}],"wp:attachment":[{"href":"https:\/\/www.europesays.com\/fr\/wp-json\/wp\/v2\/media?parent=473161"}],"wp:term":[{"taxonomy":"category","embeddable":true,"href":"https:\/\/www.europesays.com\/fr\/wp-json\/wp\/v2\/categories?post=473161"},{"taxonomy":"post_tag","embeddable":true,"href":"https:\/\/www.europesays.com\/fr\/wp-json\/wp\/v2\/tags?post=473161"}],"curies":[{"name":"wp","href":"https:\/\/api.w.org\/{rel}","templated":true}]}}