{"id":473169,"date":"2025-10-18T19:24:15","date_gmt":"2025-10-18T19:24:15","guid":{"rendered":"https:\/\/www.europesays.com\/fr\/473169\/"},"modified":"2025-10-18T19:24:15","modified_gmt":"2025-10-18T19:24:15","slug":"intelligence-artificielle-la-france-et-lallemagne-boostent-leur-cooperation","status":"publish","type":"post","link":"https:\/\/www.europesays.com\/fr\/473169\/","title":{"rendered":"Intelligence artificielle\u00a0: la France et l\u2019Allemagne boostent leur coop\u00e9ration \u00a0"},"content":{"rendered":"<p><strong>La banque publique Bpifrance vient de signer un partenariat avec l\u2019agence allemande pour l\u2019innovation disruptive (Sprind). Objectif : acc\u00e9l\u00e9rer la collaboration des entreprises dans l\u2019intelligence artificielle (IA). <\/strong><\/p>\n<p>Alors que les <strong>\u00c9tats-Unis<\/strong> font la course aux innovations de rupture loin devant le Vieux Continent, la <strong>France<\/strong> et l\u2019<strong>Allemagne<\/strong> ont d\u00e9cid\u00e9 d\u2019unir leurs forces. Dans la continuit\u00e9 du Conseil franco-allemand des ministres du 29 ao\u00fbt, <strong>Bpifrance<\/strong> et <strong>Sprind<\/strong> ont effet sign\u00e9 le 15 octobre \u00e0 Berlin un protocole d\u2019accord visant \u00e0 renforcer leur coop\u00e9ration.<\/p>\n<p>L\u2019objectif est de favoriser la compl\u00e9mentarit\u00e9 entre les approches fran\u00e7aise et allemande, en inscrivant ces programmes dans <strong>une feuille de route commune pour l\u2019IA<\/strong>, au service de la souverainet\u00e9 technologique europ\u00e9enne.<\/p>\n<p>Pour ce faire, les deux organisations travailleront courant 2026 \u00e0 la mise en place de <strong>passerelles entre leurs programmes<\/strong> phares d\u00e9di\u00e9es \u00e0 cette nouvelle technologie, \u00ab\u00a0Pionniers de l\u2019IA\u00a0\u00bb pour Bpifrance et \u00ab\u00a0AI Challenge\u00a0\u00bb pour Sprind.<\/p>\n<p><strong>L\u2019Europe entend rattraper son retard <\/strong><\/p>\n<p>\u00a0<\/p>\n<p>Cette<strong> collaboration<\/strong> portera sur le <strong>partage<\/strong> d\u2019expertise, la convergence des crit\u00e8res de s\u00e9lection, la participation crois\u00e9e d\u2019experts et de jurys, ainsi que sur des actions de mise en r\u00e9seau entre chercheurs, entrepreneurs et laur\u00e9ats des deux pays.<\/p>\n<p>Au-del\u00e0 de l\u2019IA, cet accord s\u2019inscrit dans une volont\u00e9 de <strong>renforcer la mise en r\u00e9seau<\/strong> des op\u00e9rateurs europ\u00e9ens de l\u2019innovation en favorisant la circulation des expertises, la mutualisation des pratiques et la mont\u00e9e en puissance des \u00e9cosyst\u00e8mes nationaux, mais aussi de mobiliser davantage de capitaux priv\u00e9s autour des <strong>technologies de rupture<\/strong>.<\/p>\n<p>Cet accord survient alors que la commission europ\u00e9enne a pr\u00e9sent\u00e9 le 8 octobre <strong>un plan d\u2019un milliard d\u2019euros<\/strong> pour faire de l\u2019IA un moteur de croissance dans les secteurs clefs de l\u2019\u00e9conomie europ\u00e9enne. Autre signe que les efforts europ\u00e9ens passent de plus en plus les fronti\u00e8res\u00a0: Mistral a sign\u00e9 en septembre un important partenariat strat\u00e9gique avec le n\u00e9erlandais ASML qui fabrique des machines de photolithographie, essentielles \u00e0 la production de semi-conducteurs.<\/p>\n<p>Sophie Creusillet <\/p>\n<p>\u00a0<\/p>\n<p>\u00a0<\/p>\n","protected":false},"excerpt":{"rendered":"La banque publique Bpifrance vient de signer un partenariat avec l\u2019agence allemande pour l\u2019innovation disruptive (Sprind). Objectif :&hellip;\n","protected":false},"author":2,"featured_media":473170,"comment_status":"","ping_status":"","sticky":false,"template":"","format":"standard","meta":{"footnotes":""},"categories":[1587],"tags":[11,672,6486,1804,1805,1803,1777,674,1801,5701,223,12,1802],"class_list":{"0":"post-473169","1":"post","2":"type-post","3":"status-publish","4":"format-standard","5":"has-post-thumbnail","7":"category-allemagne","8":"tag-actualites","9":"tag-allemagne","10":"tag-bpifrance","11":"tag-bundesrepublik-deutschland","12":"tag-de","13":"tag-deutschland","14":"tag-eu","15":"tag-europe","16":"tag-germany","17":"tag-innovation","18":"tag-intelligence-artificielle","19":"tag-news","20":"tag-republique-federale-dallemagne"},"share_on_mastodon":{"url":"https:\/\/pubeurope.com\/@fr\/115396808923886259","error":""},"_links":{"self":[{"href":"https:\/\/www.europesays.com\/fr\/wp-json\/wp\/v2\/posts\/473169","targetHints":{"allow":["GET"]}}],"collection":[{"href":"https:\/\/www.europesays.com\/fr\/wp-json\/wp\/v2\/posts"}],"about":[{"href":"https:\/\/www.europesays.com\/fr\/wp-json\/wp\/v2\/types\/post"}],"author":[{"embeddable":true,"href":"https:\/\/www.europesays.com\/fr\/wp-json\/wp\/v2\/users\/2"}],"replies":[{"embeddable":true,"href":"https:\/\/www.europesays.com\/fr\/wp-json\/wp\/v2\/comments?post=473169"}],"version-history":[{"count":0,"href":"https:\/\/www.europesays.com\/fr\/wp-json\/wp\/v2\/posts\/473169\/revisions"}],"wp:featuredmedia":[{"embeddable":true,"href":"https:\/\/www.europesays.com\/fr\/wp-json\/wp\/v2\/media\/473170"}],"wp:attachment":[{"href":"https:\/\/www.europesays.com\/fr\/wp-json\/wp\/v2\/media?parent=473169"}],"wp:term":[{"taxonomy":"category","embeddable":true,"href":"https:\/\/www.europesays.com\/fr\/wp-json\/wp\/v2\/categories?post=473169"},{"taxonomy":"post_tag","embeddable":true,"href":"https:\/\/www.europesays.com\/fr\/wp-json\/wp\/v2\/tags?post=473169"}],"curies":[{"name":"wp","href":"https:\/\/api.w.org\/{rel}","templated":true}]}}