{"id":473171,"date":"2025-10-18T19:25:13","date_gmt":"2025-10-18T19:25:13","guid":{"rendered":"https:\/\/www.europesays.com\/fr\/473171\/"},"modified":"2025-10-18T19:25:13","modified_gmt":"2025-10-18T19:25:13","slug":"rallye-deurope-centrale-rovanpera-peut-gerer","status":"publish","type":"post","link":"https:\/\/www.europesays.com\/fr\/473171\/","title":{"rendered":"Rallye d&rsquo;Europe centrale: Rovanper\u00e4 peut g\u00e9rer"},"content":{"rendered":"<p><strong>Alors que l\u2019abandon de S\u00e9bastien<br \/>\nOgier lui a donn\u00e9 les coud\u00e9es franches, Kalle Rovanper\u00e4 g\u00e8re son<br \/>\navantage en t\u00eate du Rallye d\u2019Europe centrale. Le Finlandais devance<br \/>\n\u00e0 l\u2019issue de la journ\u00e9e Ott T\u00e4nak, qui a doubl\u00e9 Elfyn Evans \u00e0<br \/>\nl\u2019occasion de la boucle de l\u2019apr\u00e8s-midi.<\/strong><\/p>\n<p><strong>Kalle Rovanper\u00e4 fonce vers une troisi\u00e8me victoire cette<br \/>\nsaison.<\/strong> Alors qu\u2019il \u00e9tait au coude-\u00e0-coude avec S\u00e9bastien<br \/>\nOgier depuis le d\u00e9but du Rallye d\u2019Europe centrale, l\u2019ancien double<br \/>\nchampion du monde a profit\u00e9 \u00e0 plein de l\u2019abandon de son co\u00e9quipier<br \/>\ndurant la boucle de la matin\u00e9e. En effet, il a abord\u00e9 les trois<br \/>\nderni\u00e8res sp\u00e9ciales au programme ce samedi avec une marge<br \/>\napprochant les 40 secondes sur son co\u00e9quipier Elfyn Evans quand ce<br \/>\ndernier \u00e9tait plus que jamais sous la menace d\u2019un Ott T\u00e4nak<br \/>\nvolontaire au volant de sa Hyundai.<\/p>\n<p><strong>Et il n\u2019a fallu qu\u2019une seule sp\u00e9ciale pour voir<br \/>\nl\u2019Estonien prendre l\u2019ascendant sur le Gallois au classement<br \/>\ng\u00e9n\u00e9ral.<\/strong> En effet, le champion du monde 2019 a profit\u00e9 de<br \/>\nson meilleur temps sur l\u2019ES12 pour reprendre un peu plus de deux<br \/>\nsecondes \u00e0 son adversaire et s\u2019installer \u00e0 la deuxi\u00e8me place. Un<br \/>\navantage qu\u2019il a ensuite patiemment construit lors des deux<br \/>\nderniers secteurs chronom\u00e9tr\u00e9s de la journ\u00e9e.<\/p>\n<p>Rovanper\u00e4 en contr\u00f4le, Fourmaux<br \/>\ntoujours cinqui\u00e8me<\/p>\n<p>En cons\u00e9quence, <strong>Ott T\u00e4nak va aborder les quatre<br \/>\nsp\u00e9ciales pr\u00e9vues ce dimanche avec une marge l\u00e9g\u00e8rement sup\u00e9rieure<br \/>\n\u00e0 huit secondes sur Elfyn Evans<\/strong>. En ce qui concerne Kalle<br \/>\nRovanper\u00e4, l\u2019\u00e9cart creus\u00e9 sur ses concurrents lui a permis de<br \/>\nprendre l\u00e9g\u00e8rement moins de risques. Deuxi\u00e8me de l\u2019ES12 puis<br \/>\nsixi\u00e8me lors de l\u2019ES13 et enfin quatri\u00e8me de l\u2019ES14, le Finlandais<br \/>\nconserve un peu plus de 36 secondes d\u2019avance sur son premier<br \/>\npoursuivant et peut d\u00e9j\u00e0 apercevoir la premi\u00e8re marche du<br \/>\npodium.<\/p>\n<p>Avec l\u2019abandon de S\u00e9bastien Ogier, trahi par une crevaison<br \/>\nnon-d\u00e9cel\u00e9e par les capteurs embarqu\u00e9s, les chances fran\u00e7aises sont<br \/>\ndans les mains d\u2019Adrien Fourmaux. Cinqui\u00e8me \u00e0 l\u2019entame de cette<br \/>\ndeuxi\u00e8me boucle de la journ\u00e9e, <strong>le pilote Hyundai a conserv\u00e9<br \/>\nsa position entre les Toyota de Takamoto Katsuta et Sami<br \/>\nPajari<\/strong>. La derni\u00e8re journ\u00e9e sera l\u2019occasion pour S\u00e9bastien<br \/>\nOgier de limiter les d\u00e9g\u00e2ts au championnat avec les points du \u00ab<br \/>\nSuper Sunday \u00bb et de la \u00ab Power Stage \u00bb afin de rester dans la<br \/>\ncourse au titre avant les deux derni\u00e8res \u00e9tapes de la saison.<\/p>\n<p><img loading=\"lazy\" decoding=\"async\" style=\"vertical-align: middle;\" src=\"https:\/\/www.europesays.com\/fr\/wp-content\/uploads\/2025\/10\/2000px-WRC_logo.svg.png\" alt=\"WRC\" width=\"120\" height=\"25\"\/> <strong>RALLYE \u2013 WRC \/ EUROPE<br \/>\nCENTRALE<\/strong><br \/><strong>Classement \u00e0 l\u2019issue de<br \/>\nl\u2019ES14 (sur 18) \u2013 Samedi 18 octobre 2025<\/strong><br \/><strong>1- Kalle Rovanper\u00e4 \u2013 Jonne Halttunen (FIN-FIN\/Toyota) en<br \/>\n1h56\u201914\u2019\u20197<\/strong><br \/><strong>2-<\/strong> Ott T\u00e4nak \u2013 Martin J\u00e4rveoja (EST-EST\/Hyundai) \u00e0<br \/>\n36\u2019\u20193<br \/><strong>3-<\/strong> Elfyn Evans \u2013 Scott Martin (GBR-GBR\/Toyota) \u00e0<br \/>\n44\u2019\u20197<br \/><strong>4-<\/strong> Takamoto Katsuta \u2013 Aaron Johnston<br \/>\n(JAP-IRL\/Toyota) \u00e0 58\u2019\u20193<br \/><strong>5-<\/strong> Adrien Fourmaux \u2013<br \/>\nAlexandre Coria (FRA-FRA\/Hyundai) \u00e0 1\u201937\u2019\u20198<br \/><strong>\u2026<\/strong><\/p>\n<p><strong>Vainqueurs de<br \/>\nsp\u00e9ciales<\/strong><br \/>Ogier : 2 (ES1, ES5)<br \/>Rovanper\u00e4 : 6 (ES2, ES4, ES6, ES7, ES9, S10)<br \/>Neuville : 2 (ES3, ES14)<br \/>Evans : 1 (ES8)<br \/>Katsuta : 2 (ES11, ES13)<br \/>T\u00e4nak : 1 (ES12)<\/p>\n","protected":false},"excerpt":{"rendered":"Alors que l\u2019abandon de S\u00e9bastien Ogier lui a donn\u00e9 les coud\u00e9es franches, Kalle Rovanper\u00e4 g\u00e8re son avantage en&hellip;\n","protected":false},"author":2,"featured_media":473172,"comment_status":"","ping_status":"","sticky":false,"template":"","format":"standard","meta":{"footnotes":""},"categories":[1586],"tags":[11,1777,674,34647,59642,1011,27,12,28785,25,59643,57681,59644,16405],"class_list":{"0":"post-473171","1":"post","2":"type-post","3":"status-publish","4":"format-standard","5":"has-post-thumbnail","7":"category-europe","8":"tag-actualites","9":"tag-eu","10":"tag-europe","11":"tag-europe-centrale","12":"tag-evans","13":"tag-fr","14":"tag-france","15":"tag-news","16":"tag-rallye","17":"tag-republique-francaise","18":"tag-rovanpera","19":"tag-sport365-fr","20":"tag-tanak","21":"tag-wrc"},"share_on_mastodon":{"url":"https:\/\/pubeurope.com\/@fr\/115396812942363167","error":""},"_links":{"self":[{"href":"https:\/\/www.europesays.com\/fr\/wp-json\/wp\/v2\/posts\/473171","targetHints":{"allow":["GET"]}}],"collection":[{"href":"https:\/\/www.europesays.com\/fr\/wp-json\/wp\/v2\/posts"}],"about":[{"href":"https:\/\/www.europesays.com\/fr\/wp-json\/wp\/v2\/types\/post"}],"author":[{"embeddable":true,"href":"https:\/\/www.europesays.com\/fr\/wp-json\/wp\/v2\/users\/2"}],"replies":[{"embeddable":true,"href":"https:\/\/www.europesays.com\/fr\/wp-json\/wp\/v2\/comments?post=473171"}],"version-history":[{"count":0,"href":"https:\/\/www.europesays.com\/fr\/wp-json\/wp\/v2\/posts\/473171\/revisions"}],"wp:featuredmedia":[{"embeddable":true,"href":"https:\/\/www.europesays.com\/fr\/wp-json\/wp\/v2\/media\/473172"}],"wp:attachment":[{"href":"https:\/\/www.europesays.com\/fr\/wp-json\/wp\/v2\/media?parent=473171"}],"wp:term":[{"taxonomy":"category","embeddable":true,"href":"https:\/\/www.europesays.com\/fr\/wp-json\/wp\/v2\/categories?post=473171"},{"taxonomy":"post_tag","embeddable":true,"href":"https:\/\/www.europesays.com\/fr\/wp-json\/wp\/v2\/tags?post=473171"}],"curies":[{"name":"wp","href":"https:\/\/api.w.org\/{rel}","templated":true}]}}