{"id":473173,"date":"2025-10-18T19:26:12","date_gmt":"2025-10-18T19:26:12","guid":{"rendered":"https:\/\/www.europesays.com\/fr\/473173\/"},"modified":"2025-10-18T19:26:12","modified_gmt":"2025-10-18T19:26:12","slug":"sanchez-propose-un-salaire-minimum-commun-pour-toute-lunion-europeenne-2","status":"publish","type":"post","link":"https:\/\/www.europesays.com\/fr\/473173\/","title":{"rendered":"S\u00e1nchez propose un salaire minimum commun pour toute l&rsquo;Union europ\u00e9enne"},"content":{"rendered":"<p>\n         Publi\u00e9 le<br \/>\n            18\/10\/2025 &#8211; 18:18 UTC+2\n            <\/p>\n<p>          <img decoding=\"async\" class=\"c-ad__placeholder__logo\" src=\"https:\/\/static.euronews.com\/website\/images\/logos\/logo-euronews-stacked-outlined-72x72-grey-9.svg\" width=\"72\" height=\"72\" alt=\"\" loading=\"lazy\"\/><br \/>\n          PUBLICIT\u00c9<\/p>\n<p>Pedro S\u00e1nchez a propos\u00e9 lors de la cl\u00f4ture du <strong>congr\u00e8s du Parti socialiste europ\u00e9en<\/strong> qui s&rsquo;est tenu ce samedi \u00e0 Amsterdam la cr\u00e9ation d&rsquo;un salaire minimum commun pour tous les travailleurs des pays de l&rsquo;Union europ\u00e9enne. \u00ab\u00a0Il nous appartient de garantir que l&rsquo;Union europ\u00e9enne offre <strong>une vie meilleure \u00e0 nos citoyens, y compris un salaire minimum commun dans toute l&rsquo;Union europ\u00e9enne<\/strong>\u00ab\u00a0, a affirm\u00e9 le leader socialiste devant des centaines de repr\u00e9sentants de partis de la famille socialiste europ\u00e9enne.<\/p>\n<p>Le pr\u00e9sident du gouvernement espagnol estime n\u00e9cessaire <strong>d&rsquo;\u00e9largir le pilier social de l&rsquo;Europe<\/strong>, car il a averti que les droits des travailleurs et des classes moyennes, acquis apr\u00e8s des d\u00e9cennies de lutte, sont maintenant menac\u00e9s.<\/p>\n<p>En cons\u00e9quence, il a plaid\u00e9 pour des emplois dignes dans toute l&rsquo;UE. De plus, il a <strong>demand\u00e9 la protection de la sant\u00e9 et de l&rsquo;\u00e9ducation publiques<\/strong>, l&rsquo;adoption de mesures pour <strong>faciliter l&rsquo;acc\u00e8s au logement<\/strong>, l&rsquo;obtention d&rsquo;un air pur gr\u00e2ce \u00e0 la transition \u00e9nerg\u00e9tique et la r\u00e9duction des in\u00e9galit\u00e9s.<\/p>\n<p>Critiques s\u00e9v\u00e8res envers la droite europ\u00e9enne et espagnole<\/p>\n<p>Dans son intervention, S\u00e1nchez a lanc\u00e9 un avertissement s\u00e9v\u00e8re en accusant <strong>la droite traditionnelle europ\u00e9enne de devenir un satellite de l&rsquo;extr\u00eame droite<\/strong>. \u00ab\u00a0L&rsquo;Espagne n&rsquo;est pas une exception ; l\u00e0-bas, la droite conventionnelle est devenue un autre satellite de l&rsquo;extr\u00eame droite\u00a0\u00bb, a-t-il indiqu\u00e9, apr\u00e8s avoir critiqu\u00e9 les organisations conservatrices qui se sont \u00ab\u00a0rendues\u00a0\u00bb \u00e0 l&rsquo;extr\u00eame droite en \u00ab\u00a0copiant leurs id\u00e9es et propositions\u00a0\u00bb. Le leader du PSOE a averti que la droite finirait dans les \u00ab\u00a0m\u00e2choires\u00a0\u00bb de l&rsquo;extr\u00eame droite si elle continue cette politique de suiveur.<\/p>\n<p><strong>Sans mentionner express\u00e9ment le PP, S\u00e1nchez a attaqu\u00e9 ceux qui \u00ab\u00a0sont pr\u00eats\u00a0\u00bb \u00e0 restreindre des droits<\/strong> comme le droit \u00e0 l&rsquo;avortement, \u00e0 nier l&rsquo;urgence climatique, \u00e0 emp\u00eacher les lois sur la m\u00e9moire d\u00e9mocratique et \u00e0 reculer dans la lutte contre la violence de genre. \u00ab\u00a0Ils d\u00e9mant\u00e8lent la base de la d\u00e9mocratie\u00a0\u00bb, a-t-il critiqu\u00e9. \u00ab\u00a0Ils le font parce qu&rsquo;ils pensent que c&rsquo;est leur seule chance de survivre politiquement\u00a0\u00bb, a-t-il affirm\u00e9 devant les leaders socialistes r\u00e9unis aux Pays-Bas.<\/p>\n<p>Coherence internationale et agenda progressiste<\/p>\n<p>Le pr\u00e9sident du gouvernement a \u00e9galement lanc\u00e9 un <strong>appel \u00e0 l&rsquo;union de toutes les forces progressistes et a soulign\u00e9 la n\u00e9cessit\u00e9 d&rsquo;\u00eatre coh\u00e9rents et consistants<\/strong>, sans appliquer de doubles standards. \u00ab\u00a0Toutes les vies ont la m\u00eame valeur : en Ukraine, \u00e0 Gaza ou ailleurs dans le monde\u00a0\u00bb, a-t-il exprim\u00e9 pour avertir que \u00ab\u00a0l&rsquo;acceptation de doubles standards ruine l&rsquo;autorit\u00e9 morale de l&rsquo;Europe et d\u00e9mant\u00e8le le syst\u00e8me multilat\u00e9ral\u00a0\u00bb.<\/p>\n<p>S\u00e1nchez, qui s&rsquo;est r\u00e9uni dans la matin\u00e9e avec le pr\u00e9sident de la Generalitat, Salvador Illa, \u00e9galement pr\u00e9sent au congr\u00e8s, a revendiqu\u00e9 le r\u00f4le de son gouvernement en soulignant les pr\u00e9visions \u00e9conomiques positives que des institutions comme le FMI ont pour l&rsquo;Espagne et le fait que 60 % de la production d&rsquo;\u00e9nergie provient de sources renouvelables.<\/p>\n<p>\u00ab\u00a0Nous d\u00e9mantelons, un par un, les vieux dogmes impos\u00e9s par la droite pendant et apr\u00e8s la crise financi\u00e8re de la d\u00e9cennie pass\u00e9e\u00a0\u00bb, a-t-il conclu. Enfin, il a exhort\u00e9 \u00e0 <strong>mettre l&rsquo;accent de l&rsquo;agenda europ\u00e9en sur la crise du logement<\/strong>, le progr\u00e8s en mati\u00e8re d&rsquo;\u00e9galit\u00e9 des genres et l&rsquo;expansion du pilier social et des droits des travailleurs.<\/p>\n","protected":false},"excerpt":{"rendered":"Publi\u00e9 le 18\/10\/2025 &#8211; 18:18 UTC+2 PUBLICIT\u00c9 Pedro S\u00e1nchez a propos\u00e9 lors de la cl\u00f4ture du congr\u00e8s du&hellip;\n","protected":false},"author":2,"featured_media":473174,"comment_status":"","ping_status":"","sticky":false,"template":"","format":"standard","meta":{"footnotes":""},"categories":[1586],"tags":[11,1777,674,1779,1011,27,12,3541,122,25,59637,1778,364],"class_list":{"0":"post-473173","1":"post","2":"type-post","3":"status-publish","4":"format-standard","5":"has-post-thumbnail","7":"category-europe","8":"tag-actualites","9":"tag-eu","10":"tag-europe","11":"tag-european-union","12":"tag-fr","13":"tag-france","14":"tag-news","15":"tag-parti-socialiste","16":"tag-pedro-sanchez","17":"tag-republique-francaise","18":"tag-salaire-minimum","19":"tag-ue","20":"tag-union-europeenne"},"share_on_mastodon":{"url":"https:\/\/pubeurope.com\/@fr\/115396816822218580","error":""},"_links":{"self":[{"href":"https:\/\/www.europesays.com\/fr\/wp-json\/wp\/v2\/posts\/473173","targetHints":{"allow":["GET"]}}],"collection":[{"href":"https:\/\/www.europesays.com\/fr\/wp-json\/wp\/v2\/posts"}],"about":[{"href":"https:\/\/www.europesays.com\/fr\/wp-json\/wp\/v2\/types\/post"}],"author":[{"embeddable":true,"href":"https:\/\/www.europesays.com\/fr\/wp-json\/wp\/v2\/users\/2"}],"replies":[{"embeddable":true,"href":"https:\/\/www.europesays.com\/fr\/wp-json\/wp\/v2\/comments?post=473173"}],"version-history":[{"count":0,"href":"https:\/\/www.europesays.com\/fr\/wp-json\/wp\/v2\/posts\/473173\/revisions"}],"wp:featuredmedia":[{"embeddable":true,"href":"https:\/\/www.europesays.com\/fr\/wp-json\/wp\/v2\/media\/473174"}],"wp:attachment":[{"href":"https:\/\/www.europesays.com\/fr\/wp-json\/wp\/v2\/media?parent=473173"}],"wp:term":[{"taxonomy":"category","embeddable":true,"href":"https:\/\/www.europesays.com\/fr\/wp-json\/wp\/v2\/categories?post=473173"},{"taxonomy":"post_tag","embeddable":true,"href":"https:\/\/www.europesays.com\/fr\/wp-json\/wp\/v2\/tags?post=473173"}],"curies":[{"name":"wp","href":"https:\/\/api.w.org\/{rel}","templated":true}]}}