{"id":473185,"date":"2025-10-18T19:33:10","date_gmt":"2025-10-18T19:33:10","guid":{"rendered":"https:\/\/www.europesays.com\/fr\/473185\/"},"modified":"2025-10-18T19:33:10","modified_gmt":"2025-10-18T19:33:10","slug":"mladenovic-savoure-apres-une-longue-periode-de-doutes","status":"publish","type":"post","link":"https:\/\/www.europesays.com\/fr\/473185\/","title":{"rendered":"Mladenovic savoure apr\u00e8s une longue p\u00e9riode de doutes"},"content":{"rendered":"<p class=\"date\">\n                                                            Thibaut Simon, Media365 : publi\u00e9 le samedi 18 octobre 2025 \u00e0 20h25\n                                                    <\/p>\n<p>Kristina Mladenovic a remport\u00e9 ce samedi \u00e0 Osaka (Japon) son 29e titre en carri\u00e8re en double avec Taylor Townsend. La Fran\u00e7aise est soulag\u00e9e apr\u00e8s une p\u00e9riode tr\u00e8s compliqu\u00e9e.<\/p>\n<p>A 32 ans, Kristina Mladenovic retrouve des couleurs pour le plus grand plaisir du public fran\u00e7ais. Engag\u00e9e en double lors du tournoi WTA 250 d&rsquo;Osaka au Japon, la Fran\u00e7aise s&rsquo;est impos\u00e9e en finale en compagnie de l&rsquo;Am\u00e9ricaine Taylor Townsend. Les deux joueuses se sont impos\u00e9es face \u00e0 la paire Hunter-Krawczyk (6-4, 2-6, 10-5). <a href=\"https:\/\/sports.orange.fr\/tennis\/wta\/article\/wta-la-resurrection-de-mladenovic-qui-remporte-le-double-a-osaka-exclu-CNT000002lgYTP.html\" rel=\"nofollow noopener\" target=\"_blank\">En soulevant son 29e troph\u00e9e en carri\u00e8re<\/a>, Mladenovic a communiqu\u00e9 sa joie sur les r\u00e9seaux sociaux, elle qui traverse une p\u00e9riode d\u00e9licate. Elimin\u00e9e \u00e0 Dubai en f\u00e9vrier dernier, la tricolore n&rsquo;a plus rejou\u00e9 en simple sur le circuit depuis huit mois. Au Japon, elle disputait seulement son troisi\u00e8me tournoi de reprise en double apr\u00e8s des \u00e9liminations au premier tour \u00e0 P\u00e9kin et Wuhan. \u00ab Honn\u00eatement, je n&rsquo;arrive pas \u00e0 croire que je tiens \u00e0 nouveau un troph\u00e9e si t\u00f4t \u00bb, a d\u00e9clar\u00e9 la Fran\u00e7aise.<\/p>\n<p>Mladenovic ne savait pas si elle allait rejouer<\/p>\n<p>Ces derni\u00e8res ann\u00e9es, les doutes et les blessures se sont multipli\u00e9s pour Kristina Mladenovic. Il y a quelques mois, la Fran\u00e7aise avait renonc\u00e9 \u00e0 Roland-Garros, \u00ab le coeur lourd \u00bb comme elle l&rsquo;avait d\u00e9taill\u00e9, elle qui s&rsquo;est impos\u00e9e \u00e0 quatre reprises en double Porte d&rsquo;Auteuil (2016, 2019, 2020, 2022). <a href=\"https:\/\/sports.orange.fr\/tennis\/wimbledon\/article\/wimbledon-une-triste-premiere-depuis-44-ans-pour-les-francaises-en-double-exclu-CNT000002jnAJq.html\" rel=\"nofollow noopener\" target=\"_blank\">Ce succ\u00e8s au Japon est une renaissance<\/a> pour une joueuse dont la principale inqui\u00e9tude \u00e9tait de savoir si oui ou non, elle pourrait continuer sa carri\u00e8re. Apr\u00e8s avoir remerci\u00e9 sa partenaire de double, elle a port\u00e9 une attention particuli\u00e8re \u00e0 son fr\u00e8re, Luka, devenu coach depuis plusieurs ann\u00e9es et pr\u00e9cieux soutien de sa soeur dans ce retour au plus haut niveau. \u00ab Apr\u00e8s sept mois loin des courts, \u00e0 se battre pendant des mois pendant des blessures et de graves douleurs, sans savoir si je pourrai jouer \u00e0 nouveau, juste \u00eatre de retour a \u00e9t\u00e9 une victoire. Avoir ce r\u00e9sultat seulement dans mon troisi\u00e8me tournoi de retour, cela signifie plus que je ne peux le dire. Ce n&rsquo;est que le d\u00e9but cependant, encore beaucoup de travail \u00e0 faire pour \u00eatre pleinement de retour \u00e9galement sur le terrain unique la saison prochaine. Mais c&rsquo;est un autre pas vers mon retour. \u00bb<\/p>\n","protected":false},"excerpt":{"rendered":"Thibaut Simon, Media365 : publi\u00e9 le samedi 18 octobre 2025 \u00e0 20h25 Kristina Mladenovic a remport\u00e9 ce samedi&hellip;\n","protected":false},"author":2,"featured_media":473186,"comment_status":"","ping_status":"","sticky":false,"template":"","format":"standard","meta":{"footnotes":""},"categories":[1415],"tags":[1011,27,60,1467],"class_list":{"0":"post-473185","1":"post","2":"type-post","3":"status-publish","4":"format-standard","5":"has-post-thumbnail","7":"category-tennis","8":"tag-fr","9":"tag-france","10":"tag-sports","11":"tag-tennis"},"share_on_mastodon":{"url":"https:\/\/pubeurope.com\/@fr\/115396844143031162","error":""},"_links":{"self":[{"href":"https:\/\/www.europesays.com\/fr\/wp-json\/wp\/v2\/posts\/473185","targetHints":{"allow":["GET"]}}],"collection":[{"href":"https:\/\/www.europesays.com\/fr\/wp-json\/wp\/v2\/posts"}],"about":[{"href":"https:\/\/www.europesays.com\/fr\/wp-json\/wp\/v2\/types\/post"}],"author":[{"embeddable":true,"href":"https:\/\/www.europesays.com\/fr\/wp-json\/wp\/v2\/users\/2"}],"replies":[{"embeddable":true,"href":"https:\/\/www.europesays.com\/fr\/wp-json\/wp\/v2\/comments?post=473185"}],"version-history":[{"count":0,"href":"https:\/\/www.europesays.com\/fr\/wp-json\/wp\/v2\/posts\/473185\/revisions"}],"wp:featuredmedia":[{"embeddable":true,"href":"https:\/\/www.europesays.com\/fr\/wp-json\/wp\/v2\/media\/473186"}],"wp:attachment":[{"href":"https:\/\/www.europesays.com\/fr\/wp-json\/wp\/v2\/media?parent=473185"}],"wp:term":[{"taxonomy":"category","embeddable":true,"href":"https:\/\/www.europesays.com\/fr\/wp-json\/wp\/v2\/categories?post=473185"},{"taxonomy":"post_tag","embeddable":true,"href":"https:\/\/www.europesays.com\/fr\/wp-json\/wp\/v2\/tags?post=473185"}],"curies":[{"name":"wp","href":"https:\/\/api.w.org\/{rel}","templated":true}]}}