{"id":473187,"date":"2025-10-18T19:35:15","date_gmt":"2025-10-18T19:35:15","guid":{"rendered":"https:\/\/www.europesays.com\/fr\/473187\/"},"modified":"2025-10-18T19:35:15","modified_gmt":"2025-10-18T19:35:15","slug":"plutot-content-du-combat-en-course","status":"publish","type":"post","link":"https:\/\/www.europesays.com\/fr\/473187\/","title":{"rendered":"\u00ab Plut\u00f4t content du combat en course \u00bb"},"content":{"rendered":"<p>&#13;<\/p>\n<p><strong>Johann Zarco, qui gagnera deux places sur la grille demain gr\u00e2ce aux p\u00e9nalit\u00e9s de Francesco Bagnaia et Brad Binder, a conclu le Sprint en 12e position.<\/strong><\/p>\n<p>\u00ab C\u2019est une bonne mise en route sur la course, je suis content de \u00e7a, satisfait aussi d\u2019avoir \u00e9t\u00e9 avec les autres pilotes Honda, m\u00eame si je manquais de rythme pour rester sur le petit 28 ou faire des gros 27, a-t-il expliqu\u00e9 au sujet du Sprint. Je n\u2019ai pas pu rester avec eux jusqu\u2019\u00e0 la fin, mais vu la difficult\u00e9 qu\u2019on a \u00e0 se stabiliser dans les r\u00e9glages, je peux \u00eatre plut\u00f4t content du combat en course. \u00bb<\/p>\n<p>Zarco admet qu\u2019il lui manque encore de la fluidit\u00e9 sur sa nouvelle moto : \u00ab Je vois que je peux tenir le rythme, mais pas assez. On essaie des grosses choses parce qu\u2019on se sent loin du bon, et c\u2019est \u00e7a qui nous cause un peu des probl\u00e8mes. J\u2019\u00e9tais content de cette belle mise en route. La concentration, l\u2019envie et l\u2019attaque sont l\u00e0, mais le rythme et l\u2019aisance sur la moto, je les ai perdus depuis un moment. \u00c7a prend du temps de les retrouver. \u00bb<\/p>\n<p>En analysant ses co\u00e9quipiers Honda, le Cannois est lucide : \u00ab Ils sont beaucoup plus \u00e0 l\u2019aise dans les virages, surtout \u00e0 l\u2019entr\u00e9e et au milieu. Je sens que ma moto ne r\u00e9pond pas \u00e0 ce que j\u2019aimerais, alors qu\u2019eux arrivent \u00e0 mieux diriger la leur. \u00c7a se compte en dixi\u00e8mes, mais \u00e7a fait la diff\u00e9rence. \u00bb<\/p>\n<p>&#13;<br \/>\n           &#13;<br \/>\n&#13;<br \/>\n    &#13;<br \/>\n    &#13;<\/p>\n","protected":false},"excerpt":{"rendered":"&#13; Johann Zarco, qui gagnera deux places sur la grille demain gr\u00e2ce aux p\u00e9nalit\u00e9s de Francesco Bagnaia et&hellip;\n","protected":false},"author":2,"featured_media":473188,"comment_status":"","ping_status":"","sticky":false,"template":"","format":"standard","meta":{"footnotes":""},"categories":[1413],"tags":[1011,27,1457,1456,60],"class_list":{"0":"post-473187","1":"post","2":"type-post","3":"status-publish","4":"format-standard","5":"has-post-thumbnail","7":"category-moto","8":"tag-fr","9":"tag-france","10":"tag-moto","11":"tag-motocycle","12":"tag-sports"},"share_on_mastodon":{"url":"https:\/\/pubeurope.com\/@fr\/115396852172571115","error":""},"_links":{"self":[{"href":"https:\/\/www.europesays.com\/fr\/wp-json\/wp\/v2\/posts\/473187","targetHints":{"allow":["GET"]}}],"collection":[{"href":"https:\/\/www.europesays.com\/fr\/wp-json\/wp\/v2\/posts"}],"about":[{"href":"https:\/\/www.europesays.com\/fr\/wp-json\/wp\/v2\/types\/post"}],"author":[{"embeddable":true,"href":"https:\/\/www.europesays.com\/fr\/wp-json\/wp\/v2\/users\/2"}],"replies":[{"embeddable":true,"href":"https:\/\/www.europesays.com\/fr\/wp-json\/wp\/v2\/comments?post=473187"}],"version-history":[{"count":0,"href":"https:\/\/www.europesays.com\/fr\/wp-json\/wp\/v2\/posts\/473187\/revisions"}],"wp:featuredmedia":[{"embeddable":true,"href":"https:\/\/www.europesays.com\/fr\/wp-json\/wp\/v2\/media\/473188"}],"wp:attachment":[{"href":"https:\/\/www.europesays.com\/fr\/wp-json\/wp\/v2\/media?parent=473187"}],"wp:term":[{"taxonomy":"category","embeddable":true,"href":"https:\/\/www.europesays.com\/fr\/wp-json\/wp\/v2\/categories?post=473187"},{"taxonomy":"post_tag","embeddable":true,"href":"https:\/\/www.europesays.com\/fr\/wp-json\/wp\/v2\/tags?post=473187"}],"curies":[{"name":"wp","href":"https:\/\/api.w.org\/{rel}","templated":true}]}}