{"id":473189,"date":"2025-10-18T19:36:21","date_gmt":"2025-10-18T19:36:21","guid":{"rendered":"https:\/\/www.europesays.com\/fr\/473189\/"},"modified":"2025-10-18T19:36:21","modified_gmt":"2025-10-18T19:36:21","slug":"f1-charles-leclerc-vierter-im-sprint-in-austin-das-gefuhl-war-viel-besser","status":"publish","type":"post","link":"https:\/\/www.europesays.com\/fr\/473189\/","title":{"rendered":"F1 &#8211; Charles Leclerc, Vierter im Sprint in Austin: \u201eDas Gef\u00fchl war viel besser\u201c"},"content":{"rendered":"<p class=\"gt-block\">F\u00fcnfter im Sprintrennen am Rande des Gro\u00dfen Preises der USA von <a href=\"https:\/\/www.autohebdo.de\/Nachrichten\/f1\" data-internallinksmanager029f6b8e52c=\"1\" title=\"F1\" rel=\"nofollow noopener\" target=\"_blank\">F1<\/a>, <a href=\"https:\/\/www.autohebdo.de\/pilote\/f1\/Charles-Leclerc\" data-internallinksmanager029f6b8e52c=\"5\" title=\"Charles Leclerc\" rel=\"nofollow noopener\" target=\"_blank\">Charles Leclerc<\/a> gelang ihm gleich in der ersten Kurve ein nicht ganz einfaches Man\u00f6ver. Vor ihm fuhr der <a href=\"https:\/\/www.autohebdo.de\/Nachrichten\/stabil\/mclaren\" data-internallinksmanager029f6b8e52c=\"76\" title=\"McLaren Racing F1-Team\" rel=\"nofollow noopener\" target=\"_blank\">McLaren<\/a> de <a href=\"https:\/\/www.autohebdo.de\/pilote\/f1\/Land-von-Norris\" data-internallinksmanager029f6b8e52c=\"11\" title=\"Lando Norris\" rel=\"nofollow noopener\" target=\"_blank\">Lando Norris<\/a> et <a href=\"https:\/\/www.autohebdo.de\/pilote\/f1\/Oskar-Piaster\" data-internallinksmanager029f6b8e52c=\"96\" title=\"Oskar Piastri\" rel=\"nofollow noopener\" target=\"_blank\">Oskar Piastri<\/a> hatte sich verfangen und einen schweren Unfall verursacht, an dem insbesondere <a href=\"https:\/\/www.autohebdo.de\/pilote\/f1\/Nico-H%C3%BClkenberg\" data-internallinksmanager029f6b8e52c=\"105\" title=\"Nico H\u00fclkenberg\" rel=\"nofollow noopener\" target=\"_blank\">Nico H\u00fclkenberg<\/a> et <a href=\"https:\/\/www.autohebdo.de\/pilote\/f1\/Fernando-Alonso\" data-internallinksmanager029f6b8e52c=\"27\" title=\"Fernando Alonso\" rel=\"nofollow noopener\" target=\"_blank\">Fernando Alonso<\/a>Der Monegasse zeigte sein K\u00f6nnen. Er blieb auf der Strecke, setzte sich gegen alle Fahrer durch, die ausweichen mussten, und kam als Vierter ins Ziel. Charles Leclerc hingegen, der w\u00e4hrend des Rennens einen Fehler machte, musste seinem Teamkollegen den Vortritt lassen. <a href=\"https:\/\/www.autohebdo.de\/pilote\/f1\/Lewis-Hamilton-2\" data-internallinksmanager029f6b8e52c=\"41\" title=\"Lewis Hamilton\" rel=\"nofollow noopener\" target=\"_blank\">Lewis Hamilton<\/a>. Vierter und F\u00fcnfter, die beiden M\u00e4nner erzielten ein gutes Ergebnis f\u00fcr <a href=\"https:\/\/www.autohebdo.de\/Nachrichten\/stabil\/Ferrari\" data-internallinksmanager029f6b8e52c=\"74\" title=\"Ferrari\" rel=\"nofollow noopener\" target=\"_blank\">Ferrari<\/a>, obwohl Freude nicht die erste Emotion ist, die einer der Beteiligten \u00e4u\u00dfert, der in seiner Analyse etwas pingelig ist.<\/p>\n<\/p>\n<p class=\"gt-block\">\u201eDas Gef\u00fchl war heute viel besser. Besonders in der Rennkonfiguration, kommentierte Charles Leclerc nach dem Sprint gegen\u00fcber Canal+. Wir hatten es erwartet, aber es war besser. Andererseits sind wir Vierter und F\u00fcnfter geworden, weil es am Start einen Unfall gab, der die Lage vor uns etwas gekl\u00e4rt hat. Wir haben das ausgenutzt, aber ohne ihn w\u00e4re es sehr schwierig gewesen, dieses Ergebnis zu erzielen. Wir m\u00fcssen uns wirklich auf das Qualifying konzentrieren, aber was die Rennleistung angeht, sind wir f\u00fcr morgen in einer besseren Position. Ich habe mehrere Tests alleine absolviert und bin ziemlich zuversichtlich, dass wir Fortschritte gemacht haben. F\u00fcr das Qualifying m\u00fcssen wir uns etwas anderes \u00fcberlegen.\u201c<\/p>\n<p class=\"gt-block\"><strong>LESEN SIE AUCH &gt; <a href=\"https:\/\/www.autohebdo.de\/Nachrichten\/f1\/Lando-Norris-kritisiert-nach-dem-McLaren-Crash-Fahrer--die-versucht-haben--den-Helden-zu-spielen.html\" target=\"_blank\" rel=\"noopener nofollow\">Lando Norris nach McLaren-Unfall: Ziel von Fahrern, die \u201eversuchten, den Helden zu spielen\u201c<\/a><\/strong><\/p>\n<p class=\"gt-block\">Der Monegasse freut sich nicht \u00fcber dieses Ergebnis und best\u00e4tigt damit das mangelnde Vertrauen der Scuderia-Fahrer in die Leistung des SF-25 am Saisonende. Im Qualifying wird von Lewis Hamilton und ihm erwartet, dass sie eine bessere Platzierung als am Samstag erreichen. Mit den Startpl\u00e4tzen acht und zehn im Sprint m\u00fcssen die beiden Fahrer zumindest n\u00e4her an das McLaren-Duo herankommen. <a href=\"https:\/\/www.autohebdo.de\/pilote\/f1\/max-verstappen\" data-internallinksmanager029f6b8e52c=\"2\" title=\"Max Verstappen\" rel=\"nofollow noopener\" target=\"_blank\">Max Verstappen<\/a> und George Russell versuchen, erneut von einem g\u00fcnstigen Ereignis zu profitieren und gleichzeitig die Chance zu haben, im Grand Prix fair anzutreten. Wir sehen uns um 23:00 Uhr (franz\u00f6sische Zeit) f\u00fcr die restlichen Veranstaltungen.<\/p>\n","protected":false},"excerpt":{"rendered":"F\u00fcnfter im Sprintrennen am Rande des Gro\u00dfen Preises der USA von F1, Charles Leclerc gelang ihm gleich in&hellip;\n","protected":false},"author":2,"featured_media":473190,"comment_status":"","ping_status":"","sticky":false,"template":"","format":"standard","meta":{"footnotes":""},"categories":[1412],"tags":[1451,1452,1453,1454,1455,1011,27,60],"class_list":{"0":"post-473189","1":"post","2":"type-post","3":"status-publish","4":"format-standard","5":"has-post-thumbnail","7":"category-f1","8":"tag-f1","9":"tag-formula-1","10":"tag-formula1","11":"tag-formule-1","12":"tag-formule1","13":"tag-fr","14":"tag-france","15":"tag-sports"},"share_on_mastodon":{"url":"https:\/\/pubeurope.com\/@fr\/115396855997146126","error":""},"_links":{"self":[{"href":"https:\/\/www.europesays.com\/fr\/wp-json\/wp\/v2\/posts\/473189","targetHints":{"allow":["GET"]}}],"collection":[{"href":"https:\/\/www.europesays.com\/fr\/wp-json\/wp\/v2\/posts"}],"about":[{"href":"https:\/\/www.europesays.com\/fr\/wp-json\/wp\/v2\/types\/post"}],"author":[{"embeddable":true,"href":"https:\/\/www.europesays.com\/fr\/wp-json\/wp\/v2\/users\/2"}],"replies":[{"embeddable":true,"href":"https:\/\/www.europesays.com\/fr\/wp-json\/wp\/v2\/comments?post=473189"}],"version-history":[{"count":0,"href":"https:\/\/www.europesays.com\/fr\/wp-json\/wp\/v2\/posts\/473189\/revisions"}],"wp:featuredmedia":[{"embeddable":true,"href":"https:\/\/www.europesays.com\/fr\/wp-json\/wp\/v2\/media\/473190"}],"wp:attachment":[{"href":"https:\/\/www.europesays.com\/fr\/wp-json\/wp\/v2\/media?parent=473189"}],"wp:term":[{"taxonomy":"category","embeddable":true,"href":"https:\/\/www.europesays.com\/fr\/wp-json\/wp\/v2\/categories?post=473189"},{"taxonomy":"post_tag","embeddable":true,"href":"https:\/\/www.europesays.com\/fr\/wp-json\/wp\/v2\/tags?post=473189"}],"curies":[{"name":"wp","href":"https:\/\/api.w.org\/{rel}","templated":true}]}}