{"id":473191,"date":"2025-10-18T19:37:12","date_gmt":"2025-10-18T19:37:12","guid":{"rendered":"https:\/\/www.europesays.com\/fr\/473191\/"},"modified":"2025-10-18T19:37:12","modified_gmt":"2025-10-18T19:37:12","slug":"une-n2-pour-mathieu-lambert-actualite","status":"publish","type":"post","link":"https:\/\/www.europesays.com\/fr\/473191\/","title":{"rendered":"Une N2 pour Mathieu Lambert &#8211; Actualit\u00e9"},"content":{"rendered":"<p style=\"text-align: justify;\">Changement d&rsquo;\u00e9quipe et changement de r\u00e9gion pour Mathieu Lambert. Apr\u00e8s avoir pass\u00e9 les deux derni\u00e8res saisons avec l&rsquo;AVC Aix Provence Dole, il \u00e9voluera en 2026 sous les couleurs jaune-et-bleu du CR4C Roanne.<\/p>\n<p><strong><a href=\"https:\/\/www.directvelo.com\/coureur\/27323\/mathieu-lambert\" target=\"_blank\" rel=\"noopener\">Mathieu Lambert<\/a><\/strong>, 24 ans, est le Champion de la R\u00e9gion Sud, en plus d&rsquo;une victoire au Grand Prix de Saint-Michel-de-Chavaignes. Il a \u00e9galement termin\u00e9 2e du\u00a0Grand Prix des Perreyeux \u00e0 Tr\u00e9laz\u00e9, de la Nocturne de Castres, et du\u00a0Grand Prix de Parign\u00e9-l&rsquo;Ev\u00eaque.<\/p>\n<p>En Elite, l&rsquo;ancien coureur de Sabl\u00e9 Sarthe a d\u00e9croch\u00e9 la 5e place du Grand Prix du Centre de la France et \u00e0 Monts\u00fbrs pour le Challenge Mayennais, la 7e place sur la SportBreizh Elites, la 11e du Circuit Boussaquin, la 12e de Jard-Les Herbiers, la 14e de Paris-Connerr\u00e9 et de la Fl\u00e8che de Locmin\u00e9, ou encore la 15e de la Ronde Mayennaise.<\/p>\n<p>Retrouvez toutes les mutations du peloton amateur <strong><a href=\"https:\/\/www.directvelo.com\/mutations\/2026\" target=\"_blank\" rel=\"noopener\">en cliquant ici<\/a><\/strong>.<\/p>\n","protected":false},"excerpt":{"rendered":"Changement d&rsquo;\u00e9quipe et changement de r\u00e9gion pour Mathieu Lambert. Apr\u00e8s avoir pass\u00e9 les deux derni\u00e8res saisons avec l&rsquo;AVC&hellip;\n","protected":false},"author":2,"featured_media":473192,"comment_status":"","ping_status":"","sticky":false,"template":"","format":"standard","meta":{"footnotes":""},"categories":[1411],"tags":[834,828,836,829,837,827,83,826,824,823,1154,207,814,817,815,816,822,821,832,211,839,1011,27,820,818,819,835,831,830,833,838,60,212,208,825],"class_list":{"0":"post-473191","1":"post","2":"type-post","3":"status-publish","4":"format-standard","5":"has-post-thumbnail","7":"category-cyclisme","8":"tag-attaque","9":"tag-belgique","10":"tag-braquet","11":"tag-bretagne","12":"tag-chute","13":"tag-competition","14":"tag-coupe-de-france","15":"tag-coureur","16":"tag-course-cyclisme","17":"tag-course-cycliste","18":"tag-cycling","19":"tag-cyclisme","20":"tag-direct","21":"tag-direct-velo","22":"tag-directvelo","23":"tag-directvelo-com","24":"tag-epreuve","25":"tag-epreuve-cycliste","26":"tag-federation-francaise-de-cyclisme","27":"tag-ffc","28":"tag-flandres","29":"tag-fr","30":"tag-france","31":"tag-live","32":"tag-live-course","33":"tag-live-epreuve","34":"tag-peloton","35":"tag-radio-peloton","36":"tag-radio-tour","37":"tag-ravitaillement","38":"tag-relance","39":"tag-sports","40":"tag-uci","41":"tag-velo","42":"tag-velos"},"share_on_mastodon":{"url":"https:\/\/pubeurope.com\/@fr\/115396859961554838","error":""},"_links":{"self":[{"href":"https:\/\/www.europesays.com\/fr\/wp-json\/wp\/v2\/posts\/473191","targetHints":{"allow":["GET"]}}],"collection":[{"href":"https:\/\/www.europesays.com\/fr\/wp-json\/wp\/v2\/posts"}],"about":[{"href":"https:\/\/www.europesays.com\/fr\/wp-json\/wp\/v2\/types\/post"}],"author":[{"embeddable":true,"href":"https:\/\/www.europesays.com\/fr\/wp-json\/wp\/v2\/users\/2"}],"replies":[{"embeddable":true,"href":"https:\/\/www.europesays.com\/fr\/wp-json\/wp\/v2\/comments?post=473191"}],"version-history":[{"count":0,"href":"https:\/\/www.europesays.com\/fr\/wp-json\/wp\/v2\/posts\/473191\/revisions"}],"wp:featuredmedia":[{"embeddable":true,"href":"https:\/\/www.europesays.com\/fr\/wp-json\/wp\/v2\/media\/473192"}],"wp:attachment":[{"href":"https:\/\/www.europesays.com\/fr\/wp-json\/wp\/v2\/media?parent=473191"}],"wp:term":[{"taxonomy":"category","embeddable":true,"href":"https:\/\/www.europesays.com\/fr\/wp-json\/wp\/v2\/categories?post=473191"},{"taxonomy":"post_tag","embeddable":true,"href":"https:\/\/www.europesays.com\/fr\/wp-json\/wp\/v2\/tags?post=473191"}],"curies":[{"name":"wp","href":"https:\/\/api.w.org\/{rel}","templated":true}]}}