{"id":473195,"date":"2025-10-18T19:39:12","date_gmt":"2025-10-18T19:39:12","guid":{"rendered":"https:\/\/www.europesays.com\/fr\/473195\/"},"modified":"2025-10-18T19:39:12","modified_gmt":"2025-10-18T19:39:12","slug":"je-suis-fier-delle-axelle-renee-hisse-la-martinique-dans-le-top-22-de-miss-grand-international-2025","status":"publish","type":"post","link":"https:\/\/www.europesays.com\/fr\/473195\/","title":{"rendered":"\u00ab\u00a0Je suis fier d&rsquo;elle\u00a0\u00bb&#8230; Axelle Ren\u00e9e hisse la Martinique dans le top 22 de Miss Grand International 2025"},"content":{"rendered":"<p>La Martiniquaise de 24 ans a port\u00e9 haut les couleurs de son \u00eele lors de la 13e \u00e9dition de Miss Grand International, ce samedi 18 octobre, \u00e0 Bangkok, en Tha\u00eflande. Axelle Ren\u00e9e s\u2019est distingu\u00e9e parmi des dizaines de candidates venues du monde entier, entrant dans le top 22 du concours.<\/p>\n<p>Apr\u00e8s Miss World en 2024, <a href=\"https:\/\/la1ere.franceinfo.fr\/martinique\/axelle-rene-miss-martinique-2022-representera-la-martinique-au-concours-miss-grand-international-2025-a-bangkok-1623260.html\" target=\"_blank\" rel=\"noopener noreferrer nofollow\" data-tooltip-url=\"https:\/\/la1ere.franceinfo.fr\/martinique\/axelle-rene-miss-martinique-2022-representera-la-martinique-au-concours-miss-grand-international-2025-a-bangkok-1623260.html\">Axelle Ren\u00e9, a repr\u00e9sent\u00e9 l\u2019\u00eele au concours Miss grand international<\/a>, ce samedi 18 octobre. Miss Martinique 2022 a fait battre le c\u0153ur de ses supporters, ce matin lors de la finale de la 13e \u00e9dition du concours de beaut\u00e9.<\/p>\n<p>Un comit\u00e9 de soutien \u00e9tait r\u00e9uni ce samedi (18 octobre) au Karibea Squash H\u00f4tel, \u00e0 Fort-de-France, pour suivre l\u2019\u00e9lection en direct sur la cha\u00eene YouTube <a href=\"https:\/\/www.youtube.com\/@GrandTVCH\" target=\"_blank\" rel=\"noopener noreferrer nofollow\" data-tooltip-url=\"https:\/\/www.youtube.com\/@GrandTVCH\">GrandTV<\/a>. Entre tambours, groupe \u00e0 pied et cris de joie, la matin\u00e9e a pris des airs de f\u00eate.<\/p>\n<p>Les supporters d\u2019Axelle Ren\u00e9e ont retenu leur souffle au rythme des annonces du jury, c\u00e9l\u00e9brant la performance de la jeune femme, qui a su se hisser dans le top 22 de la comp\u00e9tition.<\/p>\n<p><strong>Axelle Ren\u00e9e lors de la comp\u00e9tition pr\u00e9liminaire du concours, le 15 octobre dernier :<\/strong><\/p>\n<\/p>\n<p>Bien qu&rsquo;elle n&rsquo;a pas gagn\u00e9, sa m\u00e8re, Nelly Ren\u00e9e, ne cachait pas son \u00e9motion et sa fiert\u00e9 :<\/p>\n<p>\u00ab\u00a0J\u2019\u00e9tais fi\u00e8re d\u2019elle, car elle a toujours su ce qu\u2019elle voulait. Elle \u00e9tait vraiment \u00e0 l\u2019aise. C\u2019est vrai que tout le monde aurait aim\u00e9 qu\u2019elle soit dans le top 10, mais Axelle a beaucoup de potentiel, elle a encore de la ressource. Gr\u00e2ce \u00e0 ce concours, elle a encore d\u2019autres opportunit\u00e9s, puisqu\u2019elle a eu des contacts, surtout pour la mode. Donc, je ne peux qu\u2019\u00eatre heureuse puisqu\u2019elle a pu mettre en avant notre Martinique. Les Antillais peuvent \u00eatre fiers, et c\u2019est \u00e7a qui est le plus important pour moi.\u00a0\u00bb<\/p>\n<p>Cette ann\u00e9e, la couronne de Miss Grand International revient \u00e0 la candidate des Philippines, Emma Mary Tiglao, qui succ\u00e8de \u00e0 sa compatriote Christine Juliane Opiaza.<\/p>\n<p>Le classement final a vu la Tha\u00eflande d\u00e9crocher la place de premi\u00e8re dauphine, suivie de l\u2019Espagne, le Ghana et le Venezuela.<\/p>\n<p>                                    <img class=\"a-article__image lazy libre\" width=\"800\" height=\"450\" data-src=\"https:\/\/www.europesays.com\/fr\/wp-content\/uploads\/2025\/10\/miss-grand-68f3b4e73df55502346230.png\" style=\"--img-placeholder: url('\/assets\/img\/placeholders\/article-800-450.svg');\" alt=\"\" aria-hidden=\"true\"\/><\/p>\n<p>                Miss Grand Philippine couronn\u00e9e Miss Grand International 2025.<br \/>\n                     \u2022<br \/>\n                            \u00a9Capture d&rsquo;\u00e9cran Grand TV<\/p>\n","protected":false},"excerpt":{"rendered":"La Martiniquaise de 24 ans a port\u00e9 haut les couleurs de son \u00eele lors de la 13e \u00e9dition&hellip;\n","protected":false},"author":2,"featured_media":473196,"comment_status":"","ping_status":"","sticky":false,"template":"","format":"standard","meta":{"footnotes":""},"categories":[1359],"tags":[58,59,1011,27,973],"class_list":{"0":"post-473195","1":"post","2":"type-post","3":"status-publish","4":"format-standard","5":"has-post-thumbnail","7":"category-people","8":"tag-divertissement","9":"tag-entertainment","10":"tag-fr","11":"tag-france","12":"tag-people"},"share_on_mastodon":{"url":"https:\/\/pubeurope.com\/@fr\/115396867839630726","error":""},"_links":{"self":[{"href":"https:\/\/www.europesays.com\/fr\/wp-json\/wp\/v2\/posts\/473195","targetHints":{"allow":["GET"]}}],"collection":[{"href":"https:\/\/www.europesays.com\/fr\/wp-json\/wp\/v2\/posts"}],"about":[{"href":"https:\/\/www.europesays.com\/fr\/wp-json\/wp\/v2\/types\/post"}],"author":[{"embeddable":true,"href":"https:\/\/www.europesays.com\/fr\/wp-json\/wp\/v2\/users\/2"}],"replies":[{"embeddable":true,"href":"https:\/\/www.europesays.com\/fr\/wp-json\/wp\/v2\/comments?post=473195"}],"version-history":[{"count":0,"href":"https:\/\/www.europesays.com\/fr\/wp-json\/wp\/v2\/posts\/473195\/revisions"}],"wp:featuredmedia":[{"embeddable":true,"href":"https:\/\/www.europesays.com\/fr\/wp-json\/wp\/v2\/media\/473196"}],"wp:attachment":[{"href":"https:\/\/www.europesays.com\/fr\/wp-json\/wp\/v2\/media?parent=473195"}],"wp:term":[{"taxonomy":"category","embeddable":true,"href":"https:\/\/www.europesays.com\/fr\/wp-json\/wp\/v2\/categories?post=473195"},{"taxonomy":"post_tag","embeddable":true,"href":"https:\/\/www.europesays.com\/fr\/wp-json\/wp\/v2\/tags?post=473195"}],"curies":[{"name":"wp","href":"https:\/\/api.w.org\/{rel}","templated":true}]}}