{"id":473199,"date":"2025-10-18T19:41:11","date_gmt":"2025-10-18T19:41:11","guid":{"rendered":"https:\/\/www.europesays.com\/fr\/473199\/"},"modified":"2025-10-18T19:41:11","modified_gmt":"2025-10-18T19:41:11","slug":"toulon-ravage-edition-anniversaire-de-rene-barjavel","status":"publish","type":"post","link":"https:\/\/www.europesays.com\/fr\/473199\/","title":{"rendered":"TOULON : \u00ab\u00a0Ravage \u00c9dition anniversaire\u00a0\u00bb, de Ren\u00e9 BARJAVEL"},"content":{"rendered":"<p style=\"text-align: left;\"><strong>Chaque ann\u00e9e, octobre c\u00e9l\u00e8bre le mois de l\u2019imaginaire, un rendez-vous incontournable pour celles et ceux qui veulent s\u2019\u00e9vader.<\/strong><\/p>\n<p style=\"text-align: left;\">Pour mettre en lumi\u00e8re ces univers fascinants, voici une s\u00e9lection de romans, sagas embl\u00e9matiques et livres pour enfants. Plongez dans des mondes pleins de magie, d\u2019aventures \u00e9piques et futuristes : en route pour l\u2019imaginaire !<\/p>\n<p style=\"text-align: left;\">Venez vous perdre dans les contr\u00e9s de Brune avec Syffe accompagn\u00e9 de l\u2019\u00e9criture po\u00e9tique de Patrick K. Dewdney. Un livre qui vous fera sourire, pleurer, trembler, esp\u00e9rer. Un roman marquant qui plaira aux amateurs de L\u2019Assassin Royal, mais aussi \u00e0 tout lecteur pr\u00eat \u00e0 tenter cette magnifique et terrifiante aventure !<\/p>\n<p style=\"text-align: left;\"><a href=\"https:\/\/t.communication.libraires-ensemble.com\/l2\/83xQ6bf1536\/358228\/4129938739.html?s=20\" rel=\"nofollow noopener\" target=\"_blank\">Commander sur le site<\/a><\/p>\n<p style=\"text-align: left;\"><strong>SOURCE : Librairie Charlemagne Toulon.<\/strong><\/p>\n","protected":false},"excerpt":{"rendered":"Chaque ann\u00e9e, octobre c\u00e9l\u00e8bre le mois de l\u2019imaginaire, un rendez-vous incontournable pour celles et ceux qui veulent s\u2019\u00e9vader.&hellip;\n","protected":false},"author":2,"featured_media":473200,"comment_status":"","ping_status":"","sticky":false,"template":"","format":"standard","meta":{"footnotes":""},"categories":[1357],"tags":[1379,58,59,1011,27,1380],"class_list":{"0":"post-473199","1":"post","2":"type-post","3":"status-publish","4":"format-standard","5":"has-post-thumbnail","7":"category-livres","8":"tag-books","9":"tag-divertissement","10":"tag-entertainment","11":"tag-fr","12":"tag-france","13":"tag-livres"},"share_on_mastodon":{"url":"https:\/\/pubeurope.com\/@fr\/115396875686185465","error":""},"_links":{"self":[{"href":"https:\/\/www.europesays.com\/fr\/wp-json\/wp\/v2\/posts\/473199","targetHints":{"allow":["GET"]}}],"collection":[{"href":"https:\/\/www.europesays.com\/fr\/wp-json\/wp\/v2\/posts"}],"about":[{"href":"https:\/\/www.europesays.com\/fr\/wp-json\/wp\/v2\/types\/post"}],"author":[{"embeddable":true,"href":"https:\/\/www.europesays.com\/fr\/wp-json\/wp\/v2\/users\/2"}],"replies":[{"embeddable":true,"href":"https:\/\/www.europesays.com\/fr\/wp-json\/wp\/v2\/comments?post=473199"}],"version-history":[{"count":0,"href":"https:\/\/www.europesays.com\/fr\/wp-json\/wp\/v2\/posts\/473199\/revisions"}],"wp:featuredmedia":[{"embeddable":true,"href":"https:\/\/www.europesays.com\/fr\/wp-json\/wp\/v2\/media\/473200"}],"wp:attachment":[{"href":"https:\/\/www.europesays.com\/fr\/wp-json\/wp\/v2\/media?parent=473199"}],"wp:term":[{"taxonomy":"category","embeddable":true,"href":"https:\/\/www.europesays.com\/fr\/wp-json\/wp\/v2\/categories?post=473199"},{"taxonomy":"post_tag","embeddable":true,"href":"https:\/\/www.europesays.com\/fr\/wp-json\/wp\/v2\/tags?post=473199"}],"curies":[{"name":"wp","href":"https:\/\/api.w.org\/{rel}","templated":true}]}}