{"id":473211,"date":"2025-10-18T19:47:10","date_gmt":"2025-10-18T19:47:10","guid":{"rendered":"https:\/\/www.europesays.com\/fr\/473211\/"},"modified":"2025-10-18T19:47:10","modified_gmt":"2025-10-18T19:47:10","slug":"lacteur-lyad-smain-vu-dans-un-si-grand-soleil-est-mort-a-27-ans-lors-dun-voyage-au-japon","status":"publish","type":"post","link":"https:\/\/www.europesays.com\/fr\/473211\/","title":{"rendered":"L\u2019acteur Lyad Smain, vu dans \u00ab\u00a0Un si grand soleil\u00a0\u00bb est mort \u00e0 27 ans lors d\u2019un voyage au Japon"},"content":{"rendered":"<p>On ne conna\u00eet ni les circonstances ni la date exacte du d\u00e9c\u00e8s de Lyad Smain, jeune com\u00e9dien de 27 ans originaire de <a href=\"https:\/\/www.20minutes.fr\/dossier\/nimes\" class=\"c-link c-link--is-underlined\" target=\"_blank\" rel=\"noopener\">N\u00eemes<\/a> dans le sud de. la France. Celui qui incarnait Steve Rosas, durant les saisons 4 et 5 d&rsquo; \u00ab\u00a0<a href=\"https:\/\/www.20minutes.fr\/arts-stars\/serie\/si-grand-soleil\/\" class=\"c-link c-link--is-underlined\" target=\"_blank\" rel=\"noopener\">Un si grand soleil<\/a>\u00a0\u00bb, diffus\u00e9es entre\u00a02021 et\u00a02023, a disparu subitement lors d\u2019un voyage au Japon comme l\u2019a expliqu\u00e9 son p\u00e8re au <a href=\"https:\/\/www.objectifgard.com\/actualites\/nimes-mort-de-lacteur-lyad-smain-les-confidences-de-son-pere-sabri-154320.php\" rel=\"nofollow noopener\" target=\"_blank\" class=\"c-link c-link--is-underlined\">journal Objectif Gard<\/a>. \u00ab\u00a0Il \u00e9tait depuis quelques semaines \u00e0 <a href=\"https:\/\/www.20minutes.fr\/dossier\/tokyo\" class=\"c-link c-link--is-underlined\" target=\"_blank\" rel=\"noopener\">Tokyo<\/a>. Sa disparition, on l\u2019a appris alors que l\u2019on \u00e9tait \u00e0 l\u2019\u00e9tranger en vacances avec ma femme. Personne n\u2019arrivait \u00e0 nous joindre, car nous \u00e9tions dans un coin isol\u00e9. Finalement inform\u00e9 par l\u2019ambassade de France, le 17\u00a0septembre, on a essay\u00e9 de le joindre pour lui souhaiter son anniversaire en \u00e9tant \u00e0 l\u2019\u00e9tranger. On n\u2019avait pas de r\u00e9ponse et le lendemain, on nous apprenait qu\u2019il \u00e9tait d\u00e9c\u00e9d\u00e9 depuis cinq jours\u00a0\u00bb raconte Sabri Smain au journal local.<\/p>\n<p>Des obs\u00e8ques accessibles \u00e0 tous<\/p>\n<p>Malgr\u00e9 son jeune \u00e2ge, le com\u00e9dien \u00e9tait apparu dans plusieurs s\u00e9ries et t\u00e9l\u00e9films comme \u00ab\u00a0<a href=\"https:\/\/www.20minutes.fr\/television\/plus-belle-la-vie\/\" class=\"c-link c-link--is-underlined\" target=\"_blank\" rel=\"noopener\">Plus belle la vie<\/a>\u00a0\u00bb, \u00ab\u00a0Alice Nevers\u00a0: le juge est une femme\u00a0\u00bb ou encore \u00ab\u00a0Love in Progress\u00a0\u00bb. Sur Instagram, l\u2019\u00e9quipe d&rsquo;\u00ab Un si grand soleil\u00a0\u00bb a tenu \u00e0 lui rendre hommage.<\/p>\n<p class=\"mb-xxl@xs color-ultramarine font-weight-semi-bold@xs font-source-serif-pro heading-s@xs\">L\u2019acc\u00e8s \u00e0 ce contenu a \u00e9t\u00e9 bloqu\u00e9 afin de respecter votre choix de consentement<\/p>\n<p class=\"mb-m@xs text-l@xs\">En cliquant sur\u00ab J\u2019accepte \u00bb, vous acceptez le d\u00e9p\u00f4t de cookies par des services externes et aurez ainsi acc\u00e8s aux contenus de nos partenaires.<\/p>\n<p class=\"mb-xl@xs text-s@xs\">Plus d\u2019informations sur la page<a href=\"https:\/\/www.20minutes.fr\/gestion-cookies\" class=\"mx-xxs@xs color-ultramarine\" target=\"_blank\" rel=\"noopener\">Politique de gestion des cookies<\/a><\/p>\n<p>J\u2019accepte<\/p>\n<p>Les obs\u00e8ques de Lyad Smain auront lieu le mercredi 22\u00a0octobre \u00e0 14h30 au cimeti\u00e8re du Pont de Justice \u00e0 N\u00eemes. La c\u00e9r\u00e9monie sera ouverte \u00e0 tous comme l\u2019explique son p\u00e8re\u00a0: \u00ab\u00a0La d\u00e9cision a \u00e9t\u00e9 prise d\u2019ouvrir au maximum parce que c\u2019est ce qu\u2019il aurait voulu. Il m\u00e9rite un hommage. C\u2019\u00e9tait un N\u00eemois convaincu. En plus, il \u00e9tait fier d\u2019\u00eatre natif d\u2019ici. On ne lui connaissait pas d\u2019ennemi.\u00a0\u00bb<\/p>\n","protected":false},"excerpt":{"rendered":"On ne conna\u00eet ni les circonstances ni la date exacte du d\u00e9c\u00e8s de Lyad Smain, jeune com\u00e9dien de&hellip;\n","protected":false},"author":2,"featured_media":473212,"comment_status":"","ping_status":"","sticky":false,"template":"","format":"standard","meta":{"footnotes":""},"categories":[8],"tags":[253,3983,58,59,1011,27,2679,2070,2681,2682,2680,1368,252,17281,9766],"class_list":{"0":"post-473211","1":"post","2":"type-post","3":"status-publish","4":"format-standard","5":"has-post-thumbnail","7":"category-divertissement","8":"tag-acteur","9":"tag-deces","10":"tag-divertissement","11":"tag-entertainment","12":"tag-fr","13":"tag-france","14":"tag-gard","15":"tag-japon","16":"tag-languedoc-roussillon","17":"tag-nimes","18":"tag-occitanie","19":"tag-plus-belle-la-vie","20":"tag-television","21":"tag-tokyo","22":"tag-un-si-grand-soleil"},"share_on_mastodon":{"url":"https:\/\/pubeurope.com\/@fr\/115396899347543249","error":""},"_links":{"self":[{"href":"https:\/\/www.europesays.com\/fr\/wp-json\/wp\/v2\/posts\/473211","targetHints":{"allow":["GET"]}}],"collection":[{"href":"https:\/\/www.europesays.com\/fr\/wp-json\/wp\/v2\/posts"}],"about":[{"href":"https:\/\/www.europesays.com\/fr\/wp-json\/wp\/v2\/types\/post"}],"author":[{"embeddable":true,"href":"https:\/\/www.europesays.com\/fr\/wp-json\/wp\/v2\/users\/2"}],"replies":[{"embeddable":true,"href":"https:\/\/www.europesays.com\/fr\/wp-json\/wp\/v2\/comments?post=473211"}],"version-history":[{"count":0,"href":"https:\/\/www.europesays.com\/fr\/wp-json\/wp\/v2\/posts\/473211\/revisions"}],"wp:featuredmedia":[{"embeddable":true,"href":"https:\/\/www.europesays.com\/fr\/wp-json\/wp\/v2\/media\/473212"}],"wp:attachment":[{"href":"https:\/\/www.europesays.com\/fr\/wp-json\/wp\/v2\/media?parent=473211"}],"wp:term":[{"taxonomy":"category","embeddable":true,"href":"https:\/\/www.europesays.com\/fr\/wp-json\/wp\/v2\/categories?post=473211"},{"taxonomy":"post_tag","embeddable":true,"href":"https:\/\/www.europesays.com\/fr\/wp-json\/wp\/v2\/tags?post=473211"}],"curies":[{"name":"wp","href":"https:\/\/api.w.org\/{rel}","templated":true}]}}