{"id":473224,"date":"2025-10-18T19:56:27","date_gmt":"2025-10-18T19:56:27","guid":{"rendered":"https:\/\/www.europesays.com\/fr\/473224\/"},"modified":"2025-10-18T19:56:27","modified_gmt":"2025-10-18T19:56:27","slug":"nicolas-de-port-mariage-jonathan-et-amelie","status":"publish","type":"post","link":"https:\/\/www.europesays.com\/fr\/473224\/","title":{"rendered":"Nicolas-de-Port | Mariage. Jonathan et Am\u00e9lie"},"content":{"rendered":"<p>Samedi 18\u00a0octobre, \u00e0 15\u00a0h \u00e0 l\u2019h\u00f4tel de ville, Jonathan Deli\u00e8re, boulanger a pris pour \u00e9pouse Am\u00e9lie Varnier, ing\u00e9nieure d\u2019\u00e9tudes. Les jeunes mari\u00e9s sont domicili\u00e9s \u00e0 Saint-Nicolas-de-Port. C\u2019est C\u00e9line Del Sordo, adjointe au maire et offici\u00e8re d\u2019\u00e9tat civil qui a recueilli le consentement des \u00e9poux devant leurs enfants, leurs familles, leurs t\u00e9moins et leurs amis.<\/p>\n<p>Nos v\u0153ux de bonheur.<\/p>\n","protected":false},"excerpt":{"rendered":"Samedi 18\u00a0octobre, \u00e0 15\u00a0h \u00e0 l\u2019h\u00f4tel de ville, Jonathan Deli\u00e8re, boulanger a pris pour \u00e9pouse Am\u00e9lie Varnier, ing\u00e9nieure&hellip;\n","protected":false},"author":2,"featured_media":473225,"comment_status":"","ping_status":"","sticky":false,"template":"","format":"standard","meta":{"footnotes":""},"categories":[9635],"tags":[1111,11,9223,9652,1704,1777,674,1011,27,775,1930,1702,12,25,9651,104],"class_list":{"0":"post-473224","1":"post","2":"type-post","3":"status-publish","4":"format-standard","5":"has-post-thumbnail","7":"category-nancy","8":"tag-actu","9":"tag-actualites","10":"tag-carnet-du-jour","11":"tag-cc-des-pays-du-sel-et-du-vermois-54b","12":"tag-edition-nancy-et-agglomeration","13":"tag-eu","14":"tag-europe","15":"tag-fr","16":"tag-france","17":"tag-grand-est","18":"tag-mariage","19":"tag-nancy","20":"tag-news","21":"tag-republique-francaise","22":"tag-saint-nicolas-de-port","23":"tag-societe"},"share_on_mastodon":{"url":"https:\/\/pubeurope.com\/@fr\/115396934646765760","error":""},"_links":{"self":[{"href":"https:\/\/www.europesays.com\/fr\/wp-json\/wp\/v2\/posts\/473224","targetHints":{"allow":["GET"]}}],"collection":[{"href":"https:\/\/www.europesays.com\/fr\/wp-json\/wp\/v2\/posts"}],"about":[{"href":"https:\/\/www.europesays.com\/fr\/wp-json\/wp\/v2\/types\/post"}],"author":[{"embeddable":true,"href":"https:\/\/www.europesays.com\/fr\/wp-json\/wp\/v2\/users\/2"}],"replies":[{"embeddable":true,"href":"https:\/\/www.europesays.com\/fr\/wp-json\/wp\/v2\/comments?post=473224"}],"version-history":[{"count":0,"href":"https:\/\/www.europesays.com\/fr\/wp-json\/wp\/v2\/posts\/473224\/revisions"}],"wp:featuredmedia":[{"embeddable":true,"href":"https:\/\/www.europesays.com\/fr\/wp-json\/wp\/v2\/media\/473225"}],"wp:attachment":[{"href":"https:\/\/www.europesays.com\/fr\/wp-json\/wp\/v2\/media?parent=473224"}],"wp:term":[{"taxonomy":"category","embeddable":true,"href":"https:\/\/www.europesays.com\/fr\/wp-json\/wp\/v2\/categories?post=473224"},{"taxonomy":"post_tag","embeddable":true,"href":"https:\/\/www.europesays.com\/fr\/wp-json\/wp\/v2\/tags?post=473224"}],"curies":[{"name":"wp","href":"https:\/\/api.w.org\/{rel}","templated":true}]}}