{"id":473226,"date":"2025-10-18T19:57:23","date_gmt":"2025-10-18T19:57:23","guid":{"rendered":"https:\/\/www.europesays.com\/fr\/473226\/"},"modified":"2025-10-18T19:57:23","modified_gmt":"2025-10-18T19:57:23","slug":"le-tvb-ne-fait-pas-de-cadeau-a-nancy","status":"publish","type":"post","link":"https:\/\/www.europesays.com\/fr\/473226\/","title":{"rendered":"le TVB ne fait pas de cadeau \u00e0 Nancy"},"content":{"rendered":"<p><strong>Nancy\u00a0&#8211; Tours VB\u00a0: 0-3<\/strong><\/p>\n<p>Pas de doute, en ce d\u00e9but de championnat, l\u2019\u00e9quipe espoirs du Tours VB montre qu\u2019elle sait parfaitement voyager. Ainsi, apr\u00e8s s\u2019\u00eatre impos\u00e9 dans le derby <a target=\"_self\" href=\"https:\/\/www.lanouvellerepublique.fr\/poitiers\/volley-ball-tours-demarre-fort-en-elite-avenir-a-poitiers-1759691890\" rel=\"noopener\">sur le terrain de Poitiers (1-3)<\/a>, le TVB a ajout\u00e9 3 nouveaux points \u00e0 son p\u00e9cule en terre nanc\u00e9ienne. Un succ\u00e8s, samedi 18\u00a0octobre, qui ne souffre d\u2019aucune contestation possible&#8230;. <\/p>\n<p>    Cet article a \u00e9t\u00e9 tronqu\u00e9. Abonnez-vous pour lire l&rsquo;article complet sur notre site.<\/p>\n<p style=\"margin: 0 !important; padding: 0 !important; font-size: 12px !important;\">Cet article a \u00e9t\u00e9 tronqu\u00e9. Abonnez-vous pour lire l&rsquo;article complet.<\/p>\n<p>    <a href=\"https:\/\/www.lanouvellerepublique.fr\/abonnements\" style=\"display: inline-block; margin-top: 5px !important; padding: 6px 12px !important; background: #cb1c27; color: white; text-decoration: none; border-radius: 4px; font-size: 12px !important;\" target=\"_blank\" rel=\"noopener\"><br \/>\n      S&rsquo;abonner<br \/>\n    <\/a><\/p>\n","protected":false},"excerpt":{"rendered":"Nancy\u00a0&#8211; Tours VB\u00a0: 0-3 Pas de doute, en ce d\u00e9but de championnat, l\u2019\u00e9quipe espoirs du Tours VB montre&hellip;\n","protected":false},"author":2,"featured_media":473227,"comment_status":"","ping_status":"","sticky":false,"template":"","format":"standard","meta":{"footnotes":""},"categories":[9635],"tags":[1111,11,1777,674,1011,27,775,1387,1702,9915,12,25,60,1390,1471,1470],"class_list":{"0":"post-473226","1":"post","2":"type-post","3":"status-publish","4":"format-standard","5":"has-post-thumbnail","7":"category-nancy","8":"tag-actu","9":"tag-actualites","10":"tag-eu","11":"tag-europe","12":"tag-fr","13":"tag-france","14":"tag-grand-est","15":"tag-indre-et-loire","16":"tag-nancy","17":"tag-nationaux-volley","18":"tag-news","19":"tag-republique-francaise","20":"tag-sports","21":"tag-tours","22":"tag-tours-volley-ball","23":"tag-volley"},"share_on_mastodon":{"url":"https:\/\/pubeurope.com\/@fr\/115396938508003830","error":""},"_links":{"self":[{"href":"https:\/\/www.europesays.com\/fr\/wp-json\/wp\/v2\/posts\/473226","targetHints":{"allow":["GET"]}}],"collection":[{"href":"https:\/\/www.europesays.com\/fr\/wp-json\/wp\/v2\/posts"}],"about":[{"href":"https:\/\/www.europesays.com\/fr\/wp-json\/wp\/v2\/types\/post"}],"author":[{"embeddable":true,"href":"https:\/\/www.europesays.com\/fr\/wp-json\/wp\/v2\/users\/2"}],"replies":[{"embeddable":true,"href":"https:\/\/www.europesays.com\/fr\/wp-json\/wp\/v2\/comments?post=473226"}],"version-history":[{"count":0,"href":"https:\/\/www.europesays.com\/fr\/wp-json\/wp\/v2\/posts\/473226\/revisions"}],"wp:featuredmedia":[{"embeddable":true,"href":"https:\/\/www.europesays.com\/fr\/wp-json\/wp\/v2\/media\/473227"}],"wp:attachment":[{"href":"https:\/\/www.europesays.com\/fr\/wp-json\/wp\/v2\/media?parent=473226"}],"wp:term":[{"taxonomy":"category","embeddable":true,"href":"https:\/\/www.europesays.com\/fr\/wp-json\/wp\/v2\/categories?post=473226"},{"taxonomy":"post_tag","embeddable":true,"href":"https:\/\/www.europesays.com\/fr\/wp-json\/wp\/v2\/tags?post=473226"}],"curies":[{"name":"wp","href":"https:\/\/api.w.org\/{rel}","templated":true}]}}