{"id":473236,"date":"2025-10-18T20:04:11","date_gmt":"2025-10-18T20:04:11","guid":{"rendered":"https:\/\/www.europesays.com\/fr\/473236\/"},"modified":"2025-10-18T20:04:11","modified_gmt":"2025-10-18T20:04:11","slug":"grenoble-une-jeune-femme-tuee-dun-coup-de-couteau-lors-dun-differend-de-voisinage","status":"publish","type":"post","link":"https:\/\/www.europesays.com\/fr\/473236\/","title":{"rendered":"Grenoble. Une jeune femme tu\u00e9e d\u2019un coup de couteau lors d\u2019un diff\u00e9rend de voisinage"},"content":{"rendered":"<p>Une querelle entre deux familles habitant le m\u00eame immeuble semble \u00eatre \u00e0 l\u2019origine d\u2019une\u00a0trag\u00e9die survenue dans la soir\u00e9e de ce samedi 18\u00a0octobre.<\/p>\n<p>Vers 20\u00a0h\u00a030, les sapeurs-pompiers ont en effet \u00e9t\u00e9 appel\u00e9s pour porter secours \u00e0 une jeune femme de 24 ans qui venait d\u2019\u00eatre gravement bless\u00e9e \u00e0 l\u2019arme blanche et qui gisait dans un appartement de la rue Danton, une ruelle qui relie la rue Mozart \u00e0 la rue des Tournelles dans le quartier Chorier-Berriat \u00e0 Grenoble.<\/p>\n<p>Ce contenu est bloqu\u00e9 car vous n&rsquo;avez pas accept\u00e9 les cookies et autres traceurs.<\/p>\n<p>En cliquant sur \u00ab J\u2019accepte \u00bb, les cookies et autres traceurs seront d\u00e9pos\u00e9s et vous pourrez visualiser les contenus  (<a href=\"\" class=\"consentModule_policy\" target=\"_blank\" title=\"Consulter la politique de protection des donn\u00e9es du fournisseur\">plus d&rsquo;informations<\/a>).<\/p>\n<p>En cliquant sur \u00ab J\u2019accepte tous les cookies \u00bb, vous autorisez des d\u00e9p\u00f4ts de cookies et autres traceurs pour le stockage de vos donn\u00e9es sur nos sites et applications \u00e0 des fins de personnalisation et de ciblage publicitaire.<\/p>\n<p class=\"consentModule_secondaryText\">Vous gardez la possibilit\u00e9 de retirer votre consentement \u00e0 tout moment en consultant notre <a href=\"https:\/\/www.ledauphine.com\/protection-des-donnees\" target=\"_blank\" title=\"Consulter notre politique de protection des donn\u00e9es\" rel=\"noopener\">politique de protection des donn\u00e9es<\/a>. <br \/>&#13;<br \/>\n            <a href=\"https:\/\/www.ledauphine.com\/faits-divers-justice\/2025\/10\/18\/javascript:Didomi.notice.show()\" class=\"consentModule_cmp\" target=\"_blank\" rel=\"noopener\">G\u00e9rer mes choix<\/a>&#13;\n        <\/p>\n<p>&#13;<br \/>\n                        J&rsquo;accepte&#13;<br \/>\n            J&rsquo;accepte tous les cookies&#13;\n        <\/p>\n<p>Rapidement rejoints par une \u00e9quipe du Samu 38, les secouristes ont tent\u00e9 de r\u00e9animer la victime \u2013 notamment touch\u00e9e par une plaie profonde au niveau du thorax \u2014 mais n\u2019ont malheureusement pas r\u00e9ussi \u00e0 la sauver. Elle a succomb\u00e9 avant d\u2019avoir pu \u00eatre conduite \u00e0 l\u2019h\u00f4pital.<\/p>\n<p>\u00c9galement sur place, les policiers grenoblois ont s\u00e9curis\u00e9 les lieux et proc\u00e9d\u00e9 aux premi\u00e8res constatations et auditions de t\u00e9moins pour \u00e9tablir l\u2019origine du diff\u00e9rend et les circonstances du drame. Selon nos informations, une voisine de la victime \u2013 \u00e2g\u00e9e de seulement 20 ans et suspect\u00e9e d\u2019avoir port\u00e9 le ou les coups de couteau \u2014 a \u00e9t\u00e9 interpell\u00e9e et plac\u00e9e en garde \u00e0 vue \u00e0 l\u2019h\u00f4tel de police.<\/p>\n","protected":false},"excerpt":{"rendered":"Une querelle entre deux familles habitant le m\u00eame immeuble semble \u00eatre \u00e0 l\u2019origine d\u2019une\u00a0trag\u00e9die survenue dans la soir\u00e9e&hellip;\n","protected":false},"author":2,"featured_media":473237,"comment_status":"","ping_status":"","sticky":false,"template":"","format":"standard","meta":{"footnotes":""},"categories":[9566],"tags":[1111,11,2430,271,272,112,1777,674,274,107,1011,27,2731,2732,108,1985,12,25],"class_list":{"0":"post-473236","1":"post","2":"type-post","3":"status-publish","4":"format-standard","5":"has-post-thumbnail","7":"category-grenoble","8":"tag-actu","9":"tag-actualites","10":"tag-auvergne-rhone-alpes","11":"tag-crime","12":"tag-delit-et-contravention","13":"tag-edition-grenoble-agglomeration","14":"tag-eu","15":"tag-europe","16":"tag-faits-divers-justice","17":"tag-fil-info","18":"tag-fr","19":"tag-france","20":"tag-grenoble","21":"tag-grenoble-bassin","22":"tag-isere","23":"tag-metropole-de-grenoble","24":"tag-news","25":"tag-republique-francaise"},"share_on_mastodon":{"url":"https:\/\/pubeurope.com\/@fr\/115396966138150305","error":""},"_links":{"self":[{"href":"https:\/\/www.europesays.com\/fr\/wp-json\/wp\/v2\/posts\/473236","targetHints":{"allow":["GET"]}}],"collection":[{"href":"https:\/\/www.europesays.com\/fr\/wp-json\/wp\/v2\/posts"}],"about":[{"href":"https:\/\/www.europesays.com\/fr\/wp-json\/wp\/v2\/types\/post"}],"author":[{"embeddable":true,"href":"https:\/\/www.europesays.com\/fr\/wp-json\/wp\/v2\/users\/2"}],"replies":[{"embeddable":true,"href":"https:\/\/www.europesays.com\/fr\/wp-json\/wp\/v2\/comments?post=473236"}],"version-history":[{"count":0,"href":"https:\/\/www.europesays.com\/fr\/wp-json\/wp\/v2\/posts\/473236\/revisions"}],"wp:featuredmedia":[{"embeddable":true,"href":"https:\/\/www.europesays.com\/fr\/wp-json\/wp\/v2\/media\/473237"}],"wp:attachment":[{"href":"https:\/\/www.europesays.com\/fr\/wp-json\/wp\/v2\/media?parent=473236"}],"wp:term":[{"taxonomy":"category","embeddable":true,"href":"https:\/\/www.europesays.com\/fr\/wp-json\/wp\/v2\/categories?post=473236"},{"taxonomy":"post_tag","embeddable":true,"href":"https:\/\/www.europesays.com\/fr\/wp-json\/wp\/v2\/tags?post=473236"}],"curies":[{"name":"wp","href":"https:\/\/api.w.org\/{rel}","templated":true}]}}