{"id":473242,"date":"2025-10-18T20:07:15","date_gmt":"2025-10-18T20:07:15","guid":{"rendered":"https:\/\/www.europesays.com\/fr\/473242\/"},"modified":"2025-10-18T20:07:15","modified_gmt":"2025-10-18T20:07:15","slug":"de-nouveaux-individus-interpelles-voici-leur-profil","status":"publish","type":"post","link":"https:\/\/www.europesays.com\/fr\/473242\/","title":{"rendered":"de nouveaux individus interpell\u00e9s, voici leur profil"},"content":{"rendered":"<p>            Par<br \/>\n        <strong><br \/>\n            <a href=\"https:\/\/actu.fr\/auteur\/laurene-fertin\" title=\"Consulter tous les articles de Laur\u00e8ne Fertin\" target=\"_blank\" rel=\"noopener\">Laur\u00e8ne Fertin<\/a><br \/>\n        <\/strong><\/p>\n<p>        Publi\u00e9 le<\/p>\n<p>            18 oct. 2025 \u00e0 18h38        <\/p>\n<p><strong><a href=\"https:\/\/actu.fr\/bretagne\/rennes_35238\/video-fusillade-dans-le-quartier-de-villejean-trois-hommes-tirent-en-plein-jour-au-milieu-de-passants_62528851.html\" target=\"_blank\" rel=\"noopener\">La vid\u00e9o des trois assaillants<\/a><\/strong> ouvrant le feu sur <strong>la dalle Kennedy<\/strong> et le restaurant <strong>Subway,<\/strong> \u00e0 <strong>Villejean,<\/strong> avait <strong>sid\u00e9r\u00e9<\/strong> la capitale bretonne. Vers 17h15, le 17\u00a0avril 2025, une fusillade avait en effet \u00e9clat\u00e9\u2009: <strong>quatre hommes avaient alors \u00e9t\u00e9 interpell\u00e9s <\/strong>et\u00a0mis en examen. Ils sont toujours, \u00e0 l\u2019heure o\u00f9 nous \u00e9crivons ces lignes, en d\u00e9tention provisoire, indique Fr\u00e9d\u00e9ric Teillet, procureur de la R\u00e9publique de Rennes. <strong>Le 13\u00a0octobre dernier<\/strong>, <strong>quatre autres hommes<\/strong>\u00a0ont \u00e9t\u00e9 plac\u00e9s en garde \u00e0 vue par les enqu\u00eateurs de la DCOS (Division de la criminalit\u00e9 organis\u00e9e et sp\u00e9cialis\u00e9e) d\u2019Ille-et-Vilaine et de la BRB (Brigade de r\u00e9pression du banditisme) de Marseille.<\/p>\n<p>Essonne, Marseille, Alg\u00e9rie<\/p>\n<p class=\" wall-content\">Les individus sont \u00e2g\u00e9s de <strong>22 \u00e0 29\u00a0ans<\/strong>. Selon les \u00e9l\u00e9ments indiqu\u00e9s par le procureur de la R\u00e9publique, deux sont originaires de <strong>l\u2019Essonne<\/strong> et \u00ab\u2009domicili\u00e9s dans ce d\u00e9partement\u2009\u00bb.<\/p>\n<blockquote class=\"ac-article-quote wall-content\">\n<p>Les troisi\u00e8me et quatri\u00e8me r\u00e9sidant habituellement \u00e0 Marseille (incarc\u00e9r\u00e9s \u00e0 Marseille), sont originaires pour l\u2019un de la cit\u00e9 phoc\u00e9enne et pour l\u2019autre d\u2019Alg\u00e9rie.<\/p>\n<p>    <strong>Fr\u00e9d\u00e9ric Teillet<\/strong><br \/>\n        Procureur de la R\u00e9publique de Rennes    <\/p><\/blockquote>\n<p class=\" wall-content\">La garde \u00e0 vue de deux d\u2019entre eux a pris fin\u2009; sans suite \u00e0 ce stade. \u00ab\u2009Le juge d\u2019instruction a ordonn\u00e9 leur pr\u00e9sentation devant lui le 16 et le 17\u00a0octobre 2025 et les a mis en examen pour <strong>d\u2019association de malfaiteurs, de complicit\u00e9 de tentative de meurtre en bande organis\u00e9e et pour trafic de produits stup\u00e9fiants<\/strong> (acquisition, d\u00e9tention, transport, offre et cession)\u2009\u00bb, indique Fr\u00e9d\u00e9ric Teillet.<\/p>\n<p class=\" wall-content\">Deux de ces individus sont <strong>en \u00e9tat de r\u00e9cidive l\u00e9gale<\/strong>, \u00ab\u2009ayant d\u00e9j\u00e0 \u00e9t\u00e9 condamn\u00e9s pour des d\u00e9lits de trafics de produits stup\u00e9fiants\u2009\u00bb. Ces derniers ont \u00e9t\u00e9 <strong>plac\u00e9s en d\u00e9tention provisoire.<\/strong> \u00ab\u2009Leur affiliation \u00e0 un clan criminel structur\u00e9 fait toujours l\u2019objet d\u2019investigations\u2009\u00bb, conclut Fr\u00e9d\u00e9ric Teillet.<\/p>\n<p class=\" wall-content\">Personnalisez votre actualit\u00e9 en ajoutant vos villes et m\u00e9dias en favori avec <a href=\"https:\/\/moncompte.actu.fr\" title=\"D\u00e9couvez Mon Actu\" rel=\"nofollow noopener\" data-trk=\"{&quot;cta&quot;:{&quot;action&quot;:&quot;https:\\\/\\\/moncompte.actu.fr&quot;,&quot;category&quot;:&quot;mon compte&quot;,&quot;from&quot;:&quot;article footer&quot;,&quot;name&quot;:&quot;Mon actu&quot;,&quot;type&quot;:&quot;cta&quot;}}\" target=\"_blank\">Mon Actu<\/a>.<\/p>\n","protected":false},"excerpt":{"rendered":"Par Laur\u00e8ne Fertin Publi\u00e9 le 18 oct. 2025 \u00e0 18h38 La vid\u00e9o des trois assaillants ouvrant le feu&hellip;\n","protected":false},"author":2,"featured_media":473243,"comment_status":"","ping_status":"","sticky":false,"template":"","format":"standard","meta":{"footnotes":""},"categories":[2821],"tags":[1111,11,829,1777,674,118,1011,27,303,12,1072,584,25,5375],"class_list":{"0":"post-473242","1":"post","2":"type-post","3":"status-publish","4":"format-standard","5":"has-post-thumbnail","7":"category-rennes","8":"tag-actu","9":"tag-actualites","10":"tag-bretagne","11":"tag-eu","12":"tag-europe","13":"tag-faits-divers","14":"tag-fr","15":"tag-france","16":"tag-justice","17":"tag-news","18":"tag-police","19":"tag-rennes","20":"tag-republique-francaise","21":"tag-villejean"},"share_on_mastodon":{"url":"https:\/\/pubeurope.com\/@fr\/115396977986718967","error":""},"_links":{"self":[{"href":"https:\/\/www.europesays.com\/fr\/wp-json\/wp\/v2\/posts\/473242","targetHints":{"allow":["GET"]}}],"collection":[{"href":"https:\/\/www.europesays.com\/fr\/wp-json\/wp\/v2\/posts"}],"about":[{"href":"https:\/\/www.europesays.com\/fr\/wp-json\/wp\/v2\/types\/post"}],"author":[{"embeddable":true,"href":"https:\/\/www.europesays.com\/fr\/wp-json\/wp\/v2\/users\/2"}],"replies":[{"embeddable":true,"href":"https:\/\/www.europesays.com\/fr\/wp-json\/wp\/v2\/comments?post=473242"}],"version-history":[{"count":0,"href":"https:\/\/www.europesays.com\/fr\/wp-json\/wp\/v2\/posts\/473242\/revisions"}],"wp:featuredmedia":[{"embeddable":true,"href":"https:\/\/www.europesays.com\/fr\/wp-json\/wp\/v2\/media\/473243"}],"wp:attachment":[{"href":"https:\/\/www.europesays.com\/fr\/wp-json\/wp\/v2\/media?parent=473242"}],"wp:term":[{"taxonomy":"category","embeddable":true,"href":"https:\/\/www.europesays.com\/fr\/wp-json\/wp\/v2\/categories?post=473242"},{"taxonomy":"post_tag","embeddable":true,"href":"https:\/\/www.europesays.com\/fr\/wp-json\/wp\/v2\/tags?post=473242"}],"curies":[{"name":"wp","href":"https:\/\/api.w.org\/{rel}","templated":true}]}}