{"id":473244,"date":"2025-10-18T20:08:18","date_gmt":"2025-10-18T20:08:18","guid":{"rendered":"https:\/\/www.europesays.com\/fr\/473244\/"},"modified":"2025-10-18T20:08:18","modified_gmt":"2025-10-18T20:08:18","slug":"des-citoyens-partent-a-la-recherche-des-nids-de-frelons-asiatiques","status":"publish","type":"post","link":"https:\/\/www.europesays.com\/fr\/473244\/","title":{"rendered":"des citoyens partent \u00e0 la recherche des nids de frelons asiatiques"},"content":{"rendered":"<p>\u00ab\u00a0Le frelon \u00e0 pattes jaunes, dit asiatique, <a href=\"https:\/\/www.dna.fr\/environnement\/2025\/08\/09\/un-appel-sur-trois-c-est-pour-du-frelon-asiatique-les-professionnels-inquiets\" target=\"_blank\" rel=\"noopener\">fait l\u2019actualit\u00e9<\/a> et nos ruchers sont pr\u00e9dat\u00e9s\u00a0\u00bb, explique Isabelle Mey, pr\u00e9sidente d\u2019Apikochersberg. La p\u00e9riode de reproduction est lanc\u00e9e depuis deux semaines et les futures fondatrices sont en pr\u00e9paration pour conqu\u00e9rir du terrain. Chaque nid encore pr\u00e9sent abrite des centaines de futures reines pr\u00eates \u00e0 passer l\u2019hiver. Ainsi, Apikochersberg lance un SOS et invite la population \u00e0 venir d\u00e9tecter d\u2019\u00e9ventuels nids secondaires nich\u00e9s dans les arbres et les haies, \u00ab\u00a0souvent pr\u00e8s des cours d\u2019eau comme la Souffel\u00a0\u00bb. \u00ab\u00a0Pr\u00e8s de ruchers \u00e0 Griesheim-sur-Souffel, des frelons asiatiques ont apparu\u00a0\u00bb, pr\u00e9cise la pr\u00e9sidente.<\/p>\n<p>Ce contenu est bloqu\u00e9 car vous n&rsquo;avez pas accept\u00e9 les cookies et autres traceurs.<\/p>\n<p>En cliquant sur \u00ab J\u2019accepte \u00bb, les cookies et autres traceurs seront d\u00e9pos\u00e9s et vous pourrez visualiser les contenus  (<a href=\"\" class=\"consentModule_policy\" target=\"_blank\" title=\"Consulter la politique de protection des donn\u00e9es du fournisseur\">plus d&rsquo;informations<\/a>).<\/p>\n<p>En cliquant sur \u00ab J\u2019accepte tous les cookies \u00bb, vous autorisez des d\u00e9p\u00f4ts de cookies et autres traceurs pour le stockage de vos donn\u00e9es sur nos sites et applications \u00e0 des fins de personnalisation et de ciblage publicitaire.<\/p>\n<p class=\"consentModule_secondaryText\">Vous gardez la possibilit\u00e9 de retirer votre consentement \u00e0 tout moment en consultant notre <a href=\"https:\/\/www.dna.fr\/protection-des-donnees\" target=\"_blank\" title=\"Consulter notre politique de protection des donn\u00e9es\" rel=\"noopener\">politique de protection des donn\u00e9es<\/a>. <br \/>&#13;<br \/>\n            <a href=\"https:\/\/www.dna.fr\/environnement\/2025\/10\/18\/javascript:Didomi.notice.show()\" class=\"consentModule_cmp\" target=\"_blank\" rel=\"noopener\">G\u00e9rer mes choix<\/a>&#13;\n        <\/p>\n<p>&#13;<br \/>\n                        J&rsquo;accepte&#13;<br \/>\n            J&rsquo;accepte tous les cookies&#13;\n        <\/p>\n<p>Il y aura des s\u00e9ances de recherche \u00e0 10\u00a0h et \u00e0 14\u00a0h. Apr\u00e8s une explication sur la b\u00eate qui menace non seulement les abeilles mais la biodiversit\u00e9 en g\u00e9n\u00e9ral, des consignes de recherche et de s\u00e9curit\u00e9 seront donn\u00e9es. \u00ab\u00a0Le pr\u00e9dateur peut repr\u00e9senter <a href=\"https:\/\/www.dna.fr\/faits-divers-justice\/2025\/08\/13\/elle-a-ete-piquee-a-cinq-reprises-un-enorme-nid-de-frelons-asiatiques-traite-route-de-bischwiller\" target=\"_blank\" rel=\"noopener\">un vrai danger<\/a> si on taille par exemple une haie\u00a0\u00bb, ajoute Isabelle Mey. Ensuite, les membres d\u2019Apikochersberg, qui ont re\u00e7u une formation de base en la mati\u00e8re, accompagneront les groupes, form\u00e9s de cinq \u00e0 huit personnes. Ceux qui le souhaitent peuvent \u00e9galement donner acc\u00e8s \u00e0 leur jardin, notamment s\u2019il y a des arbres de grande taille.<\/p>\n<p>  \u00ab\u00a0L\u00e0 o\u00f9 des recherches ont \u00e9t\u00e9 organis\u00e9es en automne, on remarque une diminution du nombre de nids\u00a0\u00bb<\/p>\n<p>Onze secteurs qui repr\u00e9sentent chacun \u00e0 peu pr\u00e8s un kilom\u00e8tre de marche ont \u00e9t\u00e9 d\u00e9termin\u00e9s. \u00ab\u00a0Ce sera un galop d\u2019essai pour <a href=\"https:\/\/www.lalsace.fr\/environnement\/2024\/10\/19\/le-frelon-asiatique-s-installe-en-alsace-comment-l-arreter\" target=\"_blank\" rel=\"noopener\">sensibiliser et mobiliser la population<\/a>. On essaiera de recruter des r\u00e9f\u00e9rents citoyens. L\u00e0 o\u00f9 des recherches ont \u00e9t\u00e9 organis\u00e9es en automne, on remarque une diminution du nombre de nids\u00a0\u00bb, assure Isabelle Mey. Des actions similaires dans d\u2019autres villages pourront suivre.<\/p>\n<p class=\"note\">Samedi 25\u00a0octobre, rendez-vous \u00e0 10\u00a0h ou 14\u00a0h au centre culturel, \u00e0 la salle Pluton. Une s\u00e9ance dure environ deux heures. Il faut s\u2019\u00e9quiper d\u2019un gilet jaune et se munir de jumelles. Un d\u00e9sinsectiseur sera pr\u00e9sent et offrira le traitement pour les nids d\u00e9couverts.<\/p>\n","protected":false},"excerpt":{"rendered":"\u00ab\u00a0Le frelon \u00e0 pattes jaunes, dit asiatique, fait l\u2019actualit\u00e9 et nos ruchers sont pr\u00e9dat\u00e9s\u00a0\u00bb, explique Isabelle Mey, pr\u00e9sidente&hellip;\n","protected":false},"author":2,"featured_media":473245,"comment_status":"","ping_status":"","sticky":false,"template":"","format":"standard","meta":{"footnotes":""},"categories":[2820],"tags":[1111,11,2389,2649,1984,2880,436,1777,674,107,1011,27,775,59646,9588,12,316,25,7770,104,640,1631],"class_list":{"0":"post-473244","1":"post","2":"type-post","3":"status-publish","4":"format-standard","5":"has-post-thumbnail","7":"category-strasbourg","8":"tag-actu","9":"tag-actualites","10":"tag-alsace","11":"tag-bas-rhin","12":"tag-conseil-municipal","13":"tag-edition-strasbourg","14":"tag-environnement","15":"tag-eu","16":"tag-europe","17":"tag-fil-info","18":"tag-fr","19":"tag-france","20":"tag-grand-est","21":"tag-griesheim-sur-souffel","22":"tag-ici-on-agit","23":"tag-news","24":"tag-politique","25":"tag-republique-francaise","26":"tag-secteur-de-truchtersheim","27":"tag-societe","28":"tag-strasbourg","29":"tag-vie-associative"},"share_on_mastodon":{"url":"https:\/\/pubeurope.com\/@fr\/115396981844301110","error":""},"_links":{"self":[{"href":"https:\/\/www.europesays.com\/fr\/wp-json\/wp\/v2\/posts\/473244","targetHints":{"allow":["GET"]}}],"collection":[{"href":"https:\/\/www.europesays.com\/fr\/wp-json\/wp\/v2\/posts"}],"about":[{"href":"https:\/\/www.europesays.com\/fr\/wp-json\/wp\/v2\/types\/post"}],"author":[{"embeddable":true,"href":"https:\/\/www.europesays.com\/fr\/wp-json\/wp\/v2\/users\/2"}],"replies":[{"embeddable":true,"href":"https:\/\/www.europesays.com\/fr\/wp-json\/wp\/v2\/comments?post=473244"}],"version-history":[{"count":0,"href":"https:\/\/www.europesays.com\/fr\/wp-json\/wp\/v2\/posts\/473244\/revisions"}],"wp:featuredmedia":[{"embeddable":true,"href":"https:\/\/www.europesays.com\/fr\/wp-json\/wp\/v2\/media\/473245"}],"wp:attachment":[{"href":"https:\/\/www.europesays.com\/fr\/wp-json\/wp\/v2\/media?parent=473244"}],"wp:term":[{"taxonomy":"category","embeddable":true,"href":"https:\/\/www.europesays.com\/fr\/wp-json\/wp\/v2\/categories?post=473244"},{"taxonomy":"post_tag","embeddable":true,"href":"https:\/\/www.europesays.com\/fr\/wp-json\/wp\/v2\/tags?post=473244"}],"curies":[{"name":"wp","href":"https:\/\/api.w.org\/{rel}","templated":true}]}}