{"id":473250,"date":"2025-10-18T20:12:19","date_gmt":"2025-10-18T20:12:19","guid":{"rendered":"https:\/\/www.europesays.com\/fr\/473250\/"},"modified":"2025-10-18T20:12:19","modified_gmt":"2025-10-18T20:12:19","slug":"pour-retrouver-une-ame-de-bourg","status":"publish","type":"post","link":"https:\/\/www.europesays.com\/fr\/473250\/","title":{"rendered":"\u00ab pour retrouver une \u00e2me de bourg \u00bb"},"content":{"rendered":"<p>            Par<br \/>\n        <strong><br \/>\n            <a href=\"https:\/\/actu.fr\/auteur\/laurent-fortin\" title=\"Consulter tous les articles de Laurent Fortin\" target=\"_blank\" rel=\"noopener\">Laurent Fortin<\/a><br \/>\n        <\/strong><\/p>\n<p>        Publi\u00e9 le<\/p>\n<p>            18 oct. 2025 \u00e0 14h28        <\/p>\n<p>Depuis le 1er\u00a0septembre, Lo\u00efc Le Moullec a ouvert un studio <a href=\"https:\/\/www.google.com\/maps\/place\/Rue+Henri+Delahaye,+44120+Vertou\/@47.1692893,-1.4782698,642m\/data=!3m2!1e3!4b1!4m6!3m5!1s0x4805e881bbca00bf:0xdcd3399fbbe8db4b!8m2!3d47.1692857!4d-1.4756949!16s%2Fg%2F1vqmhr9d?entry=ttu&amp;g_ep=EgoyMDI1MTAxNC4wIKXMDSoASAFQAw%3D%3D\" target=\"_blank\" rel=\"noopener\">rue Henry-Delahaye,<\/a> \u00e0 <a href=\"https:\/\/actu.fr\/pays-de-la-loire\/vertou_44215\" target=\"_blank\" rel=\"noopener\"><b>Vertou<\/b><\/a>. Le <a href=\"https:\/\/studio-loic.com\/\" target=\"_blank\" rel=\"noopener\">photographe <\/a>n\u2019est pas un <b>inconnu de la profession<\/b> dans le sud-Loire puisqu\u2019il en est \u00e0 <b>sa troisi\u00e8me boutique.<\/b> Apr\u00e8s des \u00e9tudes par apprentissage \u00e0 la fin du si\u00e8cle dernier et quatre ann\u00e9es comme employ\u00e9 chez un g\u00e9rant \u00e0 <b>Carquefou<\/b>, il avait repris le magasin du seul photographe en activit\u00e9 au <b>Loroux-Bottereau,<\/b> en 2004, qui partait en retraite.<\/p>\n<p class=\" wall-content\">Une<b> aventure qui dura 13\u00a0ans<\/b>, avec un d\u00e9m\u00e9nagement place de l\u2019\u00e9glise durant cette dur\u00e9e.<\/p>\n<blockquote class=\"ac-article-quote wall-content\">\n<p>Ce fut hyper int\u00e9ressant. Il y avait une proximit\u00e9 avec les gens dans une petite ville, avec un commerce dynamique qui m\u2019a beaucoup port\u00e9.<\/p>\n<\/blockquote>\n<p class=\" wall-content\">Lors de cette p\u00e9riode, il\u2009: sera m\u00eame <b>d\u00e9cor\u00e9 de la m\u00e9daille de la ville.<\/b> Juste avant de partir, en <b>2017<\/b>, pour <b>Rez\u00e9<\/b>.<\/p>\n<blockquote class=\"ac-article-quote wall-content\">\n<p>Je voulais me rapprocher de chez moi et agrandir le cercle de ma client\u00e8le.<\/p>\n<\/blockquote>\n<p>Vid\u00e9os : en ce moment sur Actu<\/p>\n<p class=\" wall-content\">L\u00e0 aussi,<b> il reprend l\u2019affaire d\u2019un photographe qui a cess\u00e9 son m\u00e9tier.<\/b> Mais beaucoup plus importante. Lo\u00efc Le Moullec a deux salari\u00e9s avec lui dans son local de 170\u00a0m2.<\/p>\n<p>Votre r\u00e9gion, votre actu !<\/p>\n<p>Recevez chaque jour les infos qui comptent pour vous.<\/p>\n<p>\t<a href=\"https:\/\/actu.fr\/newsletter\" class=\"ac-btn ac-btn--corner ac-btn--medium ac-btn--blue800\" target=\"_blank\" rel=\"noopener\">S&rsquo;incrire<\/a><br \/>\nDes photos en studio<\/p>\n<p class=\" wall-content\">Aujourd\u2019hui,<b> le laur\u00e9at de plusieurs concours de meilleurs portraitistes<\/b> <b>de France<\/b> en 2009 avait envie de<b> retrouver \u00ab\u2009une \u00e2me de bourg\u2009\u00bb<\/b> et de \u00ab\u2009rue commer\u00e7ante\u2009\u00bb. Il l\u2019a trouv\u00e9 cet \u00e9t\u00e9 \u00ab<b>\u2009apr\u00e8s deux-trois ans de recherche\u2009\u00bb<\/b>.<\/p>\n<p class=\" wall-content\">Dans ce petit local, Lo\u00efc Le Moullec poursuit donc son activit\u00e9, avec ses <b>\u00ab\u2009shootings\u2009\u00bb en studio<\/b>\u2009: grossesse, naissance, famille, vie professionnelle, animaux et m\u00eame iris. Une derni\u00e8re technique qui<b> permet de capturer en quelques secondes toutes les nuances du fond de l\u2019\u0153il dans ses moindres d\u00e9tails<\/b>.<\/p>\n<blockquote class=\"ac-article-quote wall-content\">\n<p>Un type de clich\u00e9 qui a le vent en poupe.<\/p>\n<\/blockquote>\n<p class=\" wall-content\">Autre service\u2009: les photos d\u2019identit\u00e9.<\/p>\n<blockquote class=\"ac-article-quote wall-content\">\n<p>Elles sont conformes \u00e0 ce que demande l\u2019administration, contrairement, au photomaton o\u00f9 il faut parfois s\u2019y reprendre \u00e0 plusieurs reprises.<\/p>\n<\/blockquote>\n<p class=\" wall-content\">Les<b> copies et restaurations de photos anciennes so<\/b>nt aussi r\u00e9guli\u00e8rement demand\u00e9es comme le tirage de photo minute (\u00e0 partir d\u2019une cl\u00e9 USB) pour conserver tout ou une partie des stocks d\u2019images sur papier. Car <b>l\u2019acc\u00e8s \u00e0 tous \u00e0 la photo avec les smartphones a agit\u00e9 la profession.<\/b> Qui garde toute sa place et son utilit\u00e9.<\/p>\n<blockquote class=\"ac-article-quote wall-content\">\n<p>Ce n\u2019est pas parce que tu as un beau crayon que tu es un bon \u00e9crivain,<\/p>\n<p>Lo\u00efc Le Moullec.<\/p><\/blockquote>\n<p class=\" wall-content\">Interrog\u00e9 sur l\u2019avenir du m\u00e9tier, <b>cet artisan de l\u2019image observe de pr\u00e8s l\u2019\u00e9volution de l\u2019intelligence artificielle<\/b> qui pourrait r\u00e9volutionner bon nombre de fili\u00e8res.<\/p>\n<blockquote class=\"ac-article-quote wall-content\">\n<p>Avec nos rendez-vous en studio ou sur le terrain, nous sommes aussi des cr\u00e9ateurs d\u2019\u00e9motions. C\u2019est aussi pour cela qu\u2019une photo est r\u00e9ussie. Et \u00e7a l\u2019IA n\u2019y arrivera pas.<\/p>\n<p>Le photographe<\/p><\/blockquote>\n<p class=\" wall-content\">Il n\u2019y a pas photo.<\/p>\n<p class=\" wall-content\">Personnalisez votre actualit\u00e9 en ajoutant vos villes et m\u00e9dias en favori avec <a href=\"https:\/\/moncompte.actu.fr\" title=\"D\u00e9couvez Mon Actu\" rel=\"nofollow noopener\" data-trk=\"{&quot;cta&quot;:{&quot;action&quot;:&quot;https:\\\/\\\/moncompte.actu.fr&quot;,&quot;category&quot;:&quot;mon compte&quot;,&quot;from&quot;:&quot;article footer&quot;,&quot;name&quot;:&quot;Mon actu&quot;,&quot;type&quot;:&quot;cta&quot;}}\" target=\"_blank\">Mon Actu<\/a>.<\/p>\n","protected":false},"excerpt":{"rendered":"Par Laurent Fortin Publi\u00e9 le 18 oct. 2025 \u00e0 14h28 Depuis le 1er\u00a0septembre, Lo\u00efc Le Moullec a ouvert&hellip;\n","protected":false},"author":2,"featured_media":473251,"comment_status":"","ping_status":"","sticky":false,"template":"","format":"standard","meta":{"footnotes":""},"categories":[2818],"tags":[1111,11,215,1777,674,1011,27,766,12,2636,1756,25,104,2900],"class_list":{"0":"post-473250","1":"post","2":"type-post","3":"status-publish","4":"format-standard","5":"has-post-thumbnail","7":"category-nantes","8":"tag-actu","9":"tag-actualites","10":"tag-commerce","11":"tag-eu","12":"tag-europe","13":"tag-fr","14":"tag-france","15":"tag-nantes","16":"tag-news","17":"tag-pays-de-la-loire","18":"tag-photographie","19":"tag-republique-francaise","20":"tag-societe","21":"tag-vignoble-nantais"},"share_on_mastodon":{"url":"https:\/\/pubeurope.com\/@fr\/115396997637327347","error":""},"_links":{"self":[{"href":"https:\/\/www.europesays.com\/fr\/wp-json\/wp\/v2\/posts\/473250","targetHints":{"allow":["GET"]}}],"collection":[{"href":"https:\/\/www.europesays.com\/fr\/wp-json\/wp\/v2\/posts"}],"about":[{"href":"https:\/\/www.europesays.com\/fr\/wp-json\/wp\/v2\/types\/post"}],"author":[{"embeddable":true,"href":"https:\/\/www.europesays.com\/fr\/wp-json\/wp\/v2\/users\/2"}],"replies":[{"embeddable":true,"href":"https:\/\/www.europesays.com\/fr\/wp-json\/wp\/v2\/comments?post=473250"}],"version-history":[{"count":0,"href":"https:\/\/www.europesays.com\/fr\/wp-json\/wp\/v2\/posts\/473250\/revisions"}],"wp:featuredmedia":[{"embeddable":true,"href":"https:\/\/www.europesays.com\/fr\/wp-json\/wp\/v2\/media\/473251"}],"wp:attachment":[{"href":"https:\/\/www.europesays.com\/fr\/wp-json\/wp\/v2\/media?parent=473250"}],"wp:term":[{"taxonomy":"category","embeddable":true,"href":"https:\/\/www.europesays.com\/fr\/wp-json\/wp\/v2\/categories?post=473250"},{"taxonomy":"post_tag","embeddable":true,"href":"https:\/\/www.europesays.com\/fr\/wp-json\/wp\/v2\/tags?post=473250"}],"curies":[{"name":"wp","href":"https:\/\/api.w.org\/{rel}","templated":true}]}}