{"id":473252,"date":"2025-10-18T20:13:23","date_gmt":"2025-10-18T20:13:23","guid":{"rendered":"https:\/\/www.europesays.com\/fr\/473252\/"},"modified":"2025-10-18T20:13:23","modified_gmt":"2025-10-18T20:13:23","slug":"ol-lyonnes-nantes-encore-un-11-entierement-remodele","status":"publish","type":"post","link":"https:\/\/www.europesays.com\/fr\/473252\/","title":{"rendered":"OL Lyonnes &#8211; Nantes : encore un 11 enti\u00e8rement remodel\u00e9"},"content":{"rendered":"<p>                            <img width=\"770\" height=\"433\" src=\"https:\/\/www.europesays.com\/fr\/wp-content\/uploads\/2025\/10\/AFP__20250927__76Z76QR__v1__HighRes__FblFraPremiereLigueLyonPsg-770x433.jpg\" class=\"attachment-article size-article wp-post-image\" alt=\"Marie-Antoinette Katoto lors d'OL Lyonnes - PSG\" decoding=\"async\" fetchpriority=\"high\"  \/><\/p>\n<p>Marie-Antoinette Katoto lors d\u2019OL Lyonnes \u2013 PSG (Photo by JEFF PACHOUD \/ AFP)<\/p>\n<p>C&rsquo;est un tout nouveau 11 de l&rsquo;OL Lyonnes qui se pr\u00e9sentera face \u00e0 Nantes ce samedi (21 heures). Comme d&rsquo;habitude, Jonatan\u00a0Giraldez change toutes ses joueuses apr\u00e8s la victoire contre St. P\u00f6lten. <\/p>\n<p>Au vu des derni\u00e8res compositions, <a href=\"https:\/\/www.olympique-et-lyonnais.com\/giraldez-ol-lyonnes-je-suis-quelquun-qui-a-tout-le-temps-besoin-de-penser-et-reflechir,382560.html\" target=\"_blank\" rel=\"noopener\">Jonatan\u00a0<strong>Giraldez<\/strong><\/a>, qui l&rsquo;a confi\u00e9 \u00e0 Olympique-et-Lyonnais, aime instaurer de la concurrence, a deux \u00e9quipes en t\u00eate. Ce samedi, face \u00e0 Nantes, il a choisi celle qui a battu Arsenal (1-2), pratiquement la m\u00eame que celle qui a \u00e9cras\u00e9 le PSG (6-1). Vous l&rsquo;aurez compris, toutes les titulaires du match face \u00e0 St P\u00f6lten mardi (<a href=\"https:\/\/www.olympique-et-lyonnais.com\/dans-un-match-a-sens-unique-lol-fait-le-travail-contre-st-polten-3-0,382616.html\" target=\"_blank\" rel=\"noopener\">3-0<\/a>) sortent du 11. <\/p>\n<p>De la gardienne (<a href=\"https:\/\/www.olympique-et-lyonnais.com\/ol-lyonnes-christiane-endler-de-retour-en-selection-chilienne,382790.html\" target=\"_blank\" rel=\"noopener\">Christiane <strong>Endler<\/strong><\/a>) \u00e0 l&rsquo;avant-centre (Marie-Antoinette <strong>Katoto<\/strong>), c&rsquo;est un nouveau turnover pour l&rsquo;OL Lyonnes. En d\u00e9fense, nous retrouvons la charni\u00e8re \u00ab\u00a0cadre\u00a0\u00bb, avec Wendie <strong>Renard <\/strong>et Ingrid <strong>Engen<\/strong>. Sur les c\u00f4t\u00e9s, <strong>Tarciane <\/strong>et Selma <strong>Bacha<\/strong> retrouvent leur poste de lat\u00e9rale. <\/p>\n<p>Hegerberg sur le banc<\/p>\n<p>Au milieu, le trio est constitu\u00e9 de deux Am\u00e9ricaines, Lindsey <strong>Heaps <\/strong>et Korbin <strong>Shrader<\/strong>. Elles sont accompagn\u00e9es de l&rsquo;incontournable Melchie <strong>Dumornay<\/strong>, la d\u00e9tonatrice dans l&rsquo;entrejeu. Enfin, en attaque, pour \u00e9pauler Katoto, nous avons les deux fl\u00e8ches Kadidiatou <strong>Diani <\/strong>et Tabitha <strong>Chawinga<\/strong>.<\/p>\n<p><strong>Le 11 de l&rsquo;OL Lyonnes : <\/strong>Endler &#8211; Tarciane, Engen, Renard, Bacha &#8211; Heaps, Dumornay, Shrader &#8211; Diani, Katoto, Chawinga<\/p>\n<p><strong>Le banc :<\/strong> Micah, Nelhage, Damaris, Yohannes, Becho, Brand et Hegerberg<\/p>\n<p><strong>Hors groupe : <\/strong>Lawrence, Sombath, Svava, Benyahia<\/p>\n<p><strong>Bless\u00e9e :<\/strong> Joseph<\/p>\n","protected":false},"excerpt":{"rendered":"Marie-Antoinette Katoto lors d\u2019OL Lyonnes \u2013 PSG (Photo by JEFF PACHOUD \/ AFP) C&rsquo;est un tout nouveau 11&hellip;\n","protected":false},"author":2,"featured_media":473253,"comment_status":"","ping_status":"","sticky":false,"template":"","format":"standard","meta":{"footnotes":""},"categories":[2818],"tags":[1111,11,26389,1777,674,1011,27,766,12,23183,2636,25],"class_list":{"0":"post-473252","1":"post","2":"type-post","3":"status-publish","4":"format-standard","5":"has-post-thumbnail","7":"category-nantes","8":"tag-actu","9":"tag-actualites","10":"tag-d1","11":"tag-eu","12":"tag-europe","13":"tag-fr","14":"tag-france","15":"tag-nantes","16":"tag-news","17":"tag-ol-lyonnes","18":"tag-pays-de-la-loire","19":"tag-republique-francaise"},"share_on_mastodon":{"url":"https:\/\/pubeurope.com\/@fr\/115397002452224421","error":""},"_links":{"self":[{"href":"https:\/\/www.europesays.com\/fr\/wp-json\/wp\/v2\/posts\/473252","targetHints":{"allow":["GET"]}}],"collection":[{"href":"https:\/\/www.europesays.com\/fr\/wp-json\/wp\/v2\/posts"}],"about":[{"href":"https:\/\/www.europesays.com\/fr\/wp-json\/wp\/v2\/types\/post"}],"author":[{"embeddable":true,"href":"https:\/\/www.europesays.com\/fr\/wp-json\/wp\/v2\/users\/2"}],"replies":[{"embeddable":true,"href":"https:\/\/www.europesays.com\/fr\/wp-json\/wp\/v2\/comments?post=473252"}],"version-history":[{"count":0,"href":"https:\/\/www.europesays.com\/fr\/wp-json\/wp\/v2\/posts\/473252\/revisions"}],"wp:featuredmedia":[{"embeddable":true,"href":"https:\/\/www.europesays.com\/fr\/wp-json\/wp\/v2\/media\/473253"}],"wp:attachment":[{"href":"https:\/\/www.europesays.com\/fr\/wp-json\/wp\/v2\/media?parent=473252"}],"wp:term":[{"taxonomy":"category","embeddable":true,"href":"https:\/\/www.europesays.com\/fr\/wp-json\/wp\/v2\/categories?post=473252"},{"taxonomy":"post_tag","embeddable":true,"href":"https:\/\/www.europesays.com\/fr\/wp-json\/wp\/v2\/tags?post=473252"}],"curies":[{"name":"wp","href":"https:\/\/api.w.org\/{rel}","templated":true}]}}