{"id":473274,"date":"2025-10-18T20:27:13","date_gmt":"2025-10-18T20:27:13","guid":{"rendered":"https:\/\/www.europesays.com\/fr\/473274\/"},"modified":"2025-10-18T20:27:13","modified_gmt":"2025-10-18T20:27:13","slug":"une-medecin-qui-na-pas-decele-la-trisomie-21-pendant-la-grossesse-a-ete-condamnee-a-payer-300-000-euros-dindemnites-aux-parents","status":"publish","type":"post","link":"https:\/\/www.europesays.com\/fr\/473274\/","title":{"rendered":"Une m\u00e9decin qui n&rsquo;a pas d\u00e9cel\u00e9 la trisomie 21 pendant la grossesse a \u00e9t\u00e9 condamn\u00e9e \u00e0 payer 300\u00a0000 euros d&rsquo;indemnit\u00e9s aux parents"},"content":{"rendered":"\n<p class=\"c-chapo \">\n  Les parents de l&rsquo;enfant, qui ont d\u00fb r\u00e9duire leur activit\u00e9 professionnelle pour s&rsquo;en occuper, ont saisi la commission de conciliation et d&rsquo;indemnisation des accidents m\u00e9dicaux, qui a point\u00e9 la responsabilit\u00e9 de la praticienne.\n<\/p>\n<p>      lire plus tard<\/p>\n<p id=\"dialog__title\" class=\"dialog__title\">Pour sauvegarder cet article, connectez-vous ou cr\u00e9ez un compte franceinfo<\/p>\n<p class=\"dialog__description\">Sans paiement. Sans abonnement.<\/p>\n<p>        Fermer la fen\u00eatre d\u2019activation des notifications France Info<\/p>\n<p>      cr\u00e9er votre compte<\/p>\n<p>      se connecter<\/p>\n<p>        Fermer la fen\u00eatre de pr\u00e9sentation<\/p>\n<p>    <img loading=\"lazy\" decoding=\"async\" class=\"signature__image lazyload\" width=\"100\" height=\"100\" data- alt=\"\" src=\"https:\/\/www.europesays.com\/fr\/wp-content\/uploads\/2025\/05\/64a68815cd1a7_placeholder-36b69ec8.png\"\/><\/p>\n<p>    Publi\u00e9 le 18\/10\/2025 20:43<\/p>\n<p>        Temps de lecture : 1min<\/p>\n<p>    <img decoding=\"async\"  alt=\"Un m\u00e9decin pratiquant une \u00e9chographie sur une patiente, le 3 ao\u00fbt 2023 \u00e0 Paris. (AMELIE-BENOIST \/ AFP)\" width=\"432\" height=\"243\" src=\"https:\/\/www.europesays.com\/fr\/wp-content\/uploads\/2025\/10\/069-bsip-016220-075-68f3df34b75f9694959350.jpg\" fetchpriority=\"high\"\/><\/p>\n<p>      Un m\u00e9decin pratiquant une \u00e9chographie sur une patiente, le 3 ao\u00fbt 2023 \u00e0 Paris. (AMELIE-BENOIST \/ AFP)<\/p>\n<p>Une m\u00e9decin \u00e9chographiste qui n&rsquo;avait pas diagnostiqu\u00e9 <a href=\"https:\/\/www.franceinfo.fr\/sante\/biologie-genetique\/trisomie-21-du-depistage-a-la-prise-en-charge_2667246.html\" rel=\"nofollow noopener\" target=\"_blank\">la trisomie 21 d&rsquo;un enfant durant la grossesse<\/a> a d\u00fb indemniser ses parents pour pr\u00e8s de 300 000 euros, notamment car ils ont d\u00fb r\u00e9duire leur activit\u00e9 professionnelle pour s&rsquo;en occuper, a confirm\u00e9 la Cour de cassation dans un avis <a href=\"https:\/\/www.courdecassation.fr\/decision\/68ef381410fb86995ec6ea6a\" target=\"_blank\" rel=\"noopener nofollow\">publi\u00e9 mercredi 15 octobre<\/a>. La Cour avait \u00e9t\u00e9 saisie par le m\u00e9decin, qui contestait le montant des sommes accord\u00e9es aux parents pour leur pr\u00e9judice.<\/p>\n<p>La Cour de cassation a estim\u00e9 que \u00ab\u00a0le pr\u00e9judice des parents ouvrant droit \u00e0 r\u00e9paration (&#8230;) peut inclure des pertes de gains professionnels et une incidence professionnelle lorsqu&rsquo;ils se trouvent contraints, pour prendre en charge leur enfant handicap\u00e9, de cesser ou modifier leur activit\u00e9 professionnelle\u00a0\u00bb.<\/p>\n<p>L&rsquo;enfant a \u00e9t\u00e9 diagnostiqu\u00e9 comme atteint de trisomie 21 \u00e0 la naissance, alors qu&rsquo;il est possible d&rsquo;en rep\u00e9rer les signes \u00e9vocateurs d\u00e8s la premi\u00e8re \u00e9chographie de grossesse. Cette anomalie chromosomique provoque divers degr\u00e9s de d\u00e9ficience intellectuelle et physique, et des probl\u00e8mes m\u00e9dicaux associ\u00e9s. C&rsquo;est l&rsquo;un des maladies qui permet aux parents de recourir \u00e0 une interruption m\u00e9dicale de grossesse (IMG) jusqu&rsquo;au terme.<\/p>\n<p>Les parents ont saisi la commission de conciliation et d&rsquo;indemnisation des accidents m\u00e9dicaux (CCI), qui a point\u00e9 la responsabilit\u00e9 du m\u00e9decin.<\/p>\n<p>La m\u00e8re a d\u00fb prendre un cong\u00e9 parental de la naissance jusqu&rsquo;aux quatre ans de l&rsquo;enfant. Puis elle a repris un emploi \u00e0 temps partiel moins qualifi\u00e9, ce qui a occasionn\u00e9 une perte de revenus d&rsquo;environ 32 000 euros. Le p\u00e8re a lui aussi subi une perte de revenus pour s&rsquo;occuper de son enfant, \u00e9valu\u00e9e \u00e0 pr\u00e8s de 88 000 euros.<\/p>\n","protected":false},"excerpt":{"rendered":"Les parents de l&rsquo;enfant, qui ont d\u00fb r\u00e9duire leur activit\u00e9 professionnelle pour s&rsquo;en occuper, ont saisi la commission&hellip;\n","protected":false},"author":2,"featured_media":473275,"comment_status":"","ping_status":"","sticky":false,"template":"","format":"standard","meta":{"footnotes":""},"categories":[1888],"tags":[1111,1928,11,1927,1777,674,1011,27,12,1926,626,1925,25],"class_list":{"0":"post-473274","1":"post","2":"type-post","3":"status-publish","4":"format-standard","5":"has-post-thumbnail","7":"category-paris","8":"tag-actu","9":"tag-actu-paris","10":"tag-actualites","11":"tag-actualites-paris","12":"tag-eu","13":"tag-europe","14":"tag-fr","15":"tag-france","16":"tag-news","17":"tag-news-paris","18":"tag-paris","19":"tag-paris-news","20":"tag-republique-francaise"},"share_on_mastodon":{"url":"https:\/\/pubeurope.com\/@fr\/115397056623608725","error":""},"_links":{"self":[{"href":"https:\/\/www.europesays.com\/fr\/wp-json\/wp\/v2\/posts\/473274","targetHints":{"allow":["GET"]}}],"collection":[{"href":"https:\/\/www.europesays.com\/fr\/wp-json\/wp\/v2\/posts"}],"about":[{"href":"https:\/\/www.europesays.com\/fr\/wp-json\/wp\/v2\/types\/post"}],"author":[{"embeddable":true,"href":"https:\/\/www.europesays.com\/fr\/wp-json\/wp\/v2\/users\/2"}],"replies":[{"embeddable":true,"href":"https:\/\/www.europesays.com\/fr\/wp-json\/wp\/v2\/comments?post=473274"}],"version-history":[{"count":0,"href":"https:\/\/www.europesays.com\/fr\/wp-json\/wp\/v2\/posts\/473274\/revisions"}],"wp:featuredmedia":[{"embeddable":true,"href":"https:\/\/www.europesays.com\/fr\/wp-json\/wp\/v2\/media\/473275"}],"wp:attachment":[{"href":"https:\/\/www.europesays.com\/fr\/wp-json\/wp\/v2\/media?parent=473274"}],"wp:term":[{"taxonomy":"category","embeddable":true,"href":"https:\/\/www.europesays.com\/fr\/wp-json\/wp\/v2\/categories?post=473274"},{"taxonomy":"post_tag","embeddable":true,"href":"https:\/\/www.europesays.com\/fr\/wp-json\/wp\/v2\/tags?post=473274"}],"curies":[{"name":"wp","href":"https:\/\/api.w.org\/{rel}","templated":true}]}}