{"id":473286,"date":"2025-10-18T20:33:25","date_gmt":"2025-10-18T20:33:25","guid":{"rendered":"https:\/\/www.europesays.com\/fr\/473286\/"},"modified":"2025-10-18T20:33:25","modified_gmt":"2025-10-18T20:33:25","slug":"usa-des-manifestations-no-kings-contre-donald-trump-18-10-2025-a-2109","status":"publish","type":"post","link":"https:\/\/www.europesays.com\/fr\/473286\/","title":{"rendered":"USA-Des manifestations \u00ab\u00a0No Kings\u00a0\u00bb contre Donald Trump &#8211; 18\/10\/2025 \u00e0 21:09"},"content":{"rendered":"<p>\n *\n<\/p>\n<p>\n La politique sur l&rsquo;immigration, l&rsquo;\u00e9ducation et la s\u00e9curit\u00e9<br \/>\ncontest\u00e9e\n<\/p>\n<p>\n *\n<\/p>\n<p>\n Plus de trois millions de personnes attendues &#8211; experte\n<\/p>\n<p>\n *\n<\/p>\n<p>\n \u00ab\u00a0Je ne suis pas un roi\u00a0\u00bb, dit le pr\u00e9sident am\u00e9ricain\n<\/p>\n<p>\n (Actualis\u00e9 avec pr\u00e9cisions sur les manifestations, d\u00e9clarations<br \/>\nde dirigeants d\u00e9mocrates)\n<\/p>\n<p>\n par Brad Brooks\n<\/p>\n<p>\n De nombreuses personnes se sont<br \/>\nrassembl\u00e9es \u00e0 travers les Etats-Unis samedi dans le cadre de<br \/>\nplus 2.600 manifestations \u00ab\u00a0No Kings\u00a0\u00bb (Pas de rois) contre Donald<br \/>\nTrump, estimant que la politique du pr\u00e9sident en mati\u00e8re<br \/>\nd&rsquo;immigration, d&rsquo;\u00e9ducation et de s\u00e9curit\u00e9 pousse le pays vers un<br \/>\nr\u00e9gime autocratique et des d\u00e9cisions anti-d\u00e9mocratiques.\n<\/p>\n<p>\n Les organisateurs du mouvement estiment que la mobilisation<br \/>\ndevrait rassembler d&rsquo;ici la fin de la journ\u00e9e aux Etats-Unis,<br \/>\ndes millions de personnes, aussi bien dans les grandes villes<br \/>\nque les petites. Elle fait suite aux importantes protestations<br \/>\nde juin et refl\u00e8tent la frustration des manifestants aux<br \/>\nd\u00e9cisions prises par le locataire de la Maison blanche depuis<br \/>\nson accession au pouvoir en janvier. Ils reprochent notamment \u00e0<br \/>\nl&rsquo;administration d&rsquo;avoir engag\u00e9 des poursuites p\u00e9nales contre<br \/>\ndes personnes per\u00e7ues comme les ennemis politiques du pr\u00e9sident,<br \/>\nd&rsquo;avoir proc\u00e9d\u00e9 \u00e0 des arrestations \u00e0 grande \u00e9chelle de migrants<br \/>\net d&rsquo;avoir d\u00e9ploy\u00e9 des troupes f\u00e9d\u00e9rales dans certaines villes.\n<\/p>\n<p>\n \u00ab\u00a0Il n&rsquo;y a rien de plus am\u00e9ricain que de dire &lsquo;nous n&rsquo;avons<br \/>\npas de rois&rsquo; et d&rsquo;exercer notre droit de protester<br \/>\npacifiquement\u00a0\u00bb, a d\u00e9clar\u00e9 Leah Greenberg, cofondatrice<br \/>\nd&rsquo;Indivisible, une organisation progressiste, principale<br \/>\norganisatrice du mouvement \u00ab\u00a0No Kings\u00a0\u00bb.\n<\/p>\n<p>\n A Washington D.C., des manifestants ont envahi les rues et<br \/>\nmarch\u00e9 vers le Capitole, scandant des slogans et brandissant des<br \/>\npancartes, des drapeaux am\u00e9ricains et des ballons. De nombreux<br \/>\nparticipants, accompagn\u00e9s de leurs chiens, \u00e9taient d\u00e9guis\u00e9s dans<br \/>\nune ambiance bon enfant, digne d&rsquo;un carnaval.\n<\/p>\n<p>\n Quatre manifestants, v\u00eatus comme des prisonniers et arborant<br \/>\nde grandes caricatures de Donald Trump et d&rsquo;autres responsables<br \/>\nde l&rsquo;administration am\u00e9ricaine, ont brandi une pancarte sur<br \/>\nlaquelle on pouvait lire \u00ab\u00a0Destituez \u00e0 nouveau Trump\u00a0\u00bb.\n<\/p>\n<p>\n \u00ab\u00a0Nous voulons montrer notre soutien \u00e0 la d\u00e9mocratie et \u00e0 la<br \/>\nlutte pour ce qui est juste. Je suis contre l&rsquo;abus de pouvoir\u00a0\u00bb,<br \/>\na d\u00e9clar\u00e9 Aliston Elliot, un manifestant ayant sur la t\u00eate un<br \/>\nsymbole de la Statue de la Libert\u00e9 et brandissant une pancarte<br \/>\n\u00ab\u00a0Non aux dictateurs en herbe\u00a0\u00bb.\n<\/p>\n<p>\n Des manifestations \u00e0 New York, Boston, Chicago et Atlanta<br \/>\nont \u00e9galement attir\u00e9 de nombreuses personnes. Dans le<br \/>\ncentre-ville de Houston, Daniel Aboyte Gamez, \u00e2g\u00e9 de 30 ans,<br \/>\nancien membre du Corps des Marines des Etats-Unis, l&rsquo;une des six<br \/>\nbranches des Forces arm\u00e9es du pays, s&rsquo;est joint \u00e0 quelques<br \/>\ncentaines d&rsquo;autres participants.\n<\/p>\n<p>\n \u00ab\u00a0Je ne comprends pas ce qui se passe dans ce pays en ce<br \/>\nmoment\u00a0\u00bb, a dit celui qui a servi en Irak, en Afghanistan et en<br \/>\nSyrie. \u00ab\u00a0En tant qu&rsquo;ancien combattant des Marines, je comprends<br \/>\nque les Etats-Unis ont \u00e9t\u00e9 fond\u00e9s sur la lutte contre les tyrans<br \/>\net les rois\u00a0\u00bb, a-t-il rappel\u00e9.\n<\/p>\n<p>\n Depuis l&rsquo;arriv\u00e9e de Donald Trump \u00e0 la Maison blanche, son<br \/>\nadministration a durci les lois sur l&rsquo;immigration, supprim\u00e9 des<br \/>\npostes de fonctionnaires et r\u00e9duit le financement des<br \/>\nuniversit\u00e9s les plus prestigieuses, en r\u00e9ponse aux<br \/>\nmanifestations pro-palestiniennes contre l&rsquo;offensive men\u00e9e par<br \/>\nIsra\u00ebl dans la bande de Gaza, aux programmes de diversit\u00e9 sur<br \/>\nles campus et aux dispositifs concernant les personnes dites<br \/>\n\u00ab\u00a0transgenres\u00a0\u00bb.\n<\/p>\n<p>\n Le pr\u00e9sident am\u00e9ricain a aussi d\u00e9ploy\u00e9 la Garde nationale<br \/>\ndans de grandes villes comme \u00e0 Chicago, affirmant que cela est<br \/>\nn\u00e9cessaire pour prot\u00e9ger les agents de l&rsquo;immigration et pour<br \/>\naider \u00e0 lutter contre la criminalit\u00e9.\n<\/p>\n<p>\n TRUMP DIT QU&rsquo;IL N&rsquo;EST PAS UN ROI\n<\/p>\n<p>\n Donald Trump s&rsquo;est montr\u00e9 jusqu&rsquo;ici particuli\u00e8rement discret<br \/>\nsur ces manifestations. Mais dans une interview accord\u00e9e \u00e0 Fox<br \/>\nBusiness et diffus\u00e9e vendredi, il avait d\u00e9clar\u00e9: \u00ab\u00a0On me qualifie<br \/>\nde roi, alors que je ne suis pas un roi\u00a0\u00bb.\n<\/p>\n<p>\n Plus de 300 groupes ont particip\u00e9 \u00e0 l&rsquo;organisation en faveur<br \/>\ndes manifestations de samedi, a indiqu\u00e9 Leah Greenberg. The<br \/>\nAmerican Civil Liberties Union (L&rsquo;Union am\u00e9ricaine pour les<br \/>\nlibert\u00e9s civiles) a dit avoir prodigu\u00e9 une formation juridique \u00e0<br \/>\ndes dizaines de milliers de personnes qui joueront le r\u00f4le de<br \/>\n\u00ab\u00a0marshals\u00a0\u00bb lors des diff\u00e9rentes manifestations. Elle a ajout\u00e9<br \/>\nque ces personnes avaient \u00e9galement \u00e9t\u00e9 form\u00e9es \u00e0 la<br \/>\n\u00ab\u00a0d\u00e9sescalade\u00a0\u00bb. Des messages sur le mouvement \u00ab\u00a0No Kings\u00a0\u00bb ont \u00e9t\u00e9<br \/>\ndiffus\u00e9s sur les r\u00e9seaux sociaux afin de renforcer la<br \/>\nparticipation aux mouvements de protestation.\n<\/p>\n<p>\n Le s\u00e9nateur Bernie Sanders, un ind\u00e9pendant qui vote<br \/>\ng\u00e9n\u00e9ralement avec les d\u00e9mocrates, et l&rsquo;\u00e9lue Alexandria<br \/>\nOcasio-Cortez, une d\u00e9mocrate, soutiennent le mouvement de<br \/>\nprotestation, tout comme l&rsquo;ancienne secr\u00e9taire d&rsquo;Etat Hillary<br \/>\nClinton, battue par Donald Trump lors de l&rsquo;\u00e9lection<br \/>\npr\u00e9sidentielle de 2016. De nombreuses c\u00e9l\u00e9brit\u00e9s ont \u00e9galement<br \/>\napport\u00e9 leur soutien au mouvement.\n<\/p>\n<p>\n Plus de 2.000 manifestations \u00ab\u00a0No Kings\u00a0\u00bb ont \u00e9t\u00e9 recens\u00e9es en<br \/>\njuin, dans une ambiance g\u00e9n\u00e9ralement sans heurts, notamment le<br \/>\njour o\u00f9 Donald Trump a c\u00e9l\u00e9br\u00e9 son 79e anniversaire avec<br \/>\nl&rsquo;organisation d&rsquo;un d\u00e9fil\u00e9 militaire \u00e0 Washington.\n<\/p>\n<p>\n DES MANIFESTATIONS JUG\u00c9ES ANTI-AM\u00c9RICAINES\n<\/p>\n<p>\n Vendredi, en amont des manifestations, le pr\u00e9sident de la<br \/>\nChambre des repr\u00e9sentants aux Etats-Unis, le r\u00e9publicain Mike<br \/>\nJohnson, avait critiqu\u00e9 le mouvement \u00ab\u00a0No Kings\u00a0\u00bb, estimant lors<br \/>\nd&rsquo;une conf\u00e9rence de presse qu&rsquo;il s&rsquo;agit d&rsquo;un \u00ab\u00a0rassemblement de<br \/>\nla haine de l&rsquo;Am\u00e9rique\u00a0\u00bb.\n<\/p>\n<p>\n D&rsquo;autres r\u00e9publicains ont reproch\u00e9 aux d\u00e9mocrates et aux<br \/>\norganisateurs du mouvement \u00ab\u00a0No Kings\u00a0\u00bb d&rsquo;encourager les citoyens<br \/>\n\u00e0 commettre des actes de violence politique, semblant faire<br \/>\nr\u00e9f\u00e9rence \u00e0 l&rsquo;assassinat en septembre de l&rsquo;activiste d&rsquo;extr\u00eame<br \/>\ndroite Charlie Kirk, tr\u00e8s proche de Donald Trump.\n<\/p>\n<p>\n Dana Fisher, professeure \u00e0 l&rsquo;American University de<br \/>\nWashington et auteure de plusieurs ouvrages sur l&rsquo;activisme<br \/>\nam\u00e9ricain, estime que la journ\u00e9e de samedi pourrait constituer<br \/>\nplus grande mobilisation de l&rsquo;histoire moderne des Etats-Unis,<br \/>\ndisant s&rsquo;attendre \u00e0 plus de trois millions de participants.\n<\/p>\n<p>\n \u00ab\u00a0Cela ne va pas changer la politique men\u00e9e par (Donald)<br \/>\nTrump. Mais cela pourrait enhardir les \u00e9lus \u00e0 tous les niveaux<br \/>\nqui s&rsquo;opposent \u00e0 Trump\u00a0\u00bb, a-t-elle dit.\n<\/p>\n<p>\n C&rsquo;est en dehors des Etats-Unis qu&rsquo;ont eu lieu les premiers<br \/>\nrassemblements \u00e0 l&rsquo;encontre de Donald Trump avec quelques<br \/>\ncentaines de manifestants devant l&rsquo;ambassade des Etats-Unis \u00e0<br \/>\nLondres et d&rsquo;autres \u00e0 Madrid et \u00e0 Barcelone.\n<\/p>\n<p>\n (Reportage Brad Brooks, AJ Vicens et David Shephardson; version<br \/>\nfran\u00e7aise Claude Chendjou)<\/p>\n","protected":false},"excerpt":{"rendered":"* La politique sur l&rsquo;immigration, l&rsquo;\u00e9ducation et la s\u00e9curit\u00e9 contest\u00e9e * Plus de trois millions de personnes attendues&hellip;\n","protected":false},"author":2,"featured_media":2486,"comment_status":"","ping_status":"","sticky":false,"template":"","format":"standard","meta":{"footnotes":""},"categories":[1589],"tags":[400,11,398,408,405,73,1866,403,402,399,404,12,401,406,1864,1865,1863,308,407],"class_list":{"0":"post-473286","1":"post","2":"type-post","3":"status-publish","4":"format-standard","5":"has-post-thumbnail","7":"category-etats-unis","8":"tag-action-cac-40","9":"tag-actualites","10":"tag-bourse-de-paris","11":"tag-boursorama","12":"tag-cotations","13":"tag-etats-unis","14":"tag-etats-unis-damerique","15":"tag-indices-devises","16":"tag-investir","17":"tag-investissement","18":"tag-marche-boursier","19":"tag-news","20":"tag-sicav","21":"tag-trackers","22":"tag-united-states","23":"tag-united-states-of-america","24":"tag-us","25":"tag-usa","26":"tag-warrants"},"share_on_mastodon":{"url":"https:\/\/pubeurope.com\/@fr\/115397080132477942","error":""},"_links":{"self":[{"href":"https:\/\/www.europesays.com\/fr\/wp-json\/wp\/v2\/posts\/473286","targetHints":{"allow":["GET"]}}],"collection":[{"href":"https:\/\/www.europesays.com\/fr\/wp-json\/wp\/v2\/posts"}],"about":[{"href":"https:\/\/www.europesays.com\/fr\/wp-json\/wp\/v2\/types\/post"}],"author":[{"embeddable":true,"href":"https:\/\/www.europesays.com\/fr\/wp-json\/wp\/v2\/users\/2"}],"replies":[{"embeddable":true,"href":"https:\/\/www.europesays.com\/fr\/wp-json\/wp\/v2\/comments?post=473286"}],"version-history":[{"count":0,"href":"https:\/\/www.europesays.com\/fr\/wp-json\/wp\/v2\/posts\/473286\/revisions"}],"wp:featuredmedia":[{"embeddable":true,"href":"https:\/\/www.europesays.com\/fr\/wp-json\/wp\/v2\/media\/2486"}],"wp:attachment":[{"href":"https:\/\/www.europesays.com\/fr\/wp-json\/wp\/v2\/media?parent=473286"}],"wp:term":[{"taxonomy":"category","embeddable":true,"href":"https:\/\/www.europesays.com\/fr\/wp-json\/wp\/v2\/categories?post=473286"},{"taxonomy":"post_tag","embeddable":true,"href":"https:\/\/www.europesays.com\/fr\/wp-json\/wp\/v2\/tags?post=473286"}],"curies":[{"name":"wp","href":"https:\/\/api.w.org\/{rel}","templated":true}]}}